{"id":16726,"date":"2015-06-05T16:01:10","date_gmt":"2015-06-05T16:01:10","guid":{"rendered":"http:\/\/www.letourismeaparis.fr\/?p=16726"},"modified":"2015-06-05T16:01:10","modified_gmt":"2015-06-05T16:01:10","slug":"le-weekend-du-6-et-7-juin-2015-ouverture-exceptionnelle-du-domaine-de-grosbois","status":"publish","type":"post","link":"http:\/\/www.letourismeaparis.fr\/index.php\/2015\/06\/05\/le-weekend-du-6-et-7-juin-2015-ouverture-exceptionnelle-du-domaine-de-grosbois\/","title":{"rendered":"Le weekend du 6 et 7 juin 2015  Ouverture exceptionnelle du Domaine de Grosbois"},"content":{"rendered":"<p>Le weekend du 6 et 7 juin 2015<br \/>\nOuverture exceptionnelle du Domaine de Grosbois :<br \/>\nApr\u00e8s plus de deux ans de travaux, le ch\u00e2teau de Grosbois et le Mus\u00e9e du trot ont fait peau neuve et\u00a0ouvrent de nouveau leurs portes au public, lors du weekend inaugural du 6 et 7 juin 2015.<!--more--><br \/>\nLes belles fa\u00e7ades du ch\u00e2teau de Grosbois, avec ses cha\u00eenages de briques et ses ornements de pierre ont\u00a0\u00e9t\u00e9 magnifiquement r\u00e9nov\u00e9es par la SECF\/LeTrot ainsi que le pavage de la cour d\u2019honneur.Progressivement, la demeure familiale des Princes de Wagram reprend vie et d\u00e9voile, dans le faste des salons\u00a0d\u2019apparat et dans l\u2019intimit\u00e9 des chambres, la richesse insoup\u00e7onn\u00e9e de ses collections. Un ensemble d\u2019une\u00a0vingtaine de pi\u00e8ces de mobilier a d\u2019ailleurs fait l\u2019objet d\u2019un classement au titre des monuments\u00a0historiques. De nombreuses interventions de restauration ont ainsi pu \u00eatre lanc\u00e9es sous la supervision\u00a0minutieuse de la DRAC \u00eele de France . Les dorures et l\u2019acajou du lit du Mar\u00e9chal ont retrouv\u00e9 tout leur \u00e9clat\u00a0ainsi que l\u2019ensemble du mobilier Bellang\u00e9 qui composait la chambre de ce haut dignitaire de l\u2019Empire. Le\u00a0public pourra d\u00e9sormais p\u00e9n\u00e9trer dans l\u2019intimit\u00e9 du Prince de Wagram et d\u00e9couvrir cette pi\u00e8ce telle qu\u2019elle a\u00a0pu \u00eatre reconstitu\u00e9e d\u2019apr\u00e8s les cartes postales anciennes. En outre, quelques oeuvres in\u00e9dites sont venues\u00a0compl\u00e9ter cet ensemble d\u00e9j\u00e0 riche, suite \u00e0 de r\u00e9centes acquisitions et legs.<!--more--><br \/>\nPar un heureux hasard, cette inauguration s\u2019inscrit dans l\u2019agenda des comm\u00e9morations nationales et tout\u00a0particuli\u00e8rement du bicentenaire de l\u2019Empire. A cette occasion, le Domaine de Grosbois rend un vibrant\u00a0hommage au plus brillant propri\u00e9taire des lieux, le Mar\u00e9chal Berthier et s\u2019associe au Souvenir Napol\u00e9onien\u00a0afin de c\u00e9l\u00e9brer le bicentenaire de la mort du 1er Prince de Wagram.<br \/>\n\uf0b7 En pr\u00e9ambule de cet \u00e9v\u00e9nement, le Domaine de Grosbois lance, sur son nouveau site internet, le\u00a0Napo Quizz. Ce jeu concours se d\u00e9roule durant les Cent Jours de mars \u00e0 juin 2015 et offre au vainqueur\u00a0un Napol\u00e9on en or.<br \/>\n\uf0b7 Le samedi 6 juin, l\u2019affaire Berthier : le ch\u00e2teau reprend l\u2019enqu\u00eate sur cette mort \u00e9nigmatique et<br \/>\nvous propose une visite th\u00e9\u00e2tralis\u00e9e men\u00e9e tambour battant par le commissaire Schauer et ses acolytes de<br \/>\nla Compagnie Clin d&rsquo;OEil.<br \/>\n\uf0b7 Le dimanche 7 juin, l\u2019apr\u00e8s-midi d\u00e9butera \u00e0 14h avec la 1\u00e8re \u00e9dition du Prix du Prince de<br \/>\nWagram, une course de trot attel\u00e9 pr\u00e9sent\u00e9e sous le patronage du mar\u00e9chal Berthier. La piste des<br \/>\nqualifications de Grosbois verra alors s\u2019affronter les meilleures recrues 2015 de son \u00e9cole de course hippique<br \/>\n(CFA). La journ\u00e9e se poursuivra autour du ch\u00e2teau avec des visites et des animations pour tous les \u00e2ges.<br \/>\nUne d\u00e9couverte du parc sera propos\u00e9e par le CAUE94, dans le cadre des \u2018Rendez-vous aux Jardins\u2019 et<br \/>\npermettra de d\u00e9couvrir ce site atypique et confidentiel. Les plus jeunes pourront, eux-aussi, se lancer sur les<br \/>\nall\u00e9es sablonn\u00e9es du ch\u00e2teau, mont\u00e9s sur de petits sulkys \u00e0 p\u00e9dales. Tandis que leurs a\u00een\u00e9s<br \/>\nexp\u00e9rimenteront le frisson des courses, gr\u00e2ce \u00e0 des lunettes 3D.<br \/>\nDomaine de Grosbois<br \/>\n94470 BOISSY SAINT LEGER<br \/>\nhttp:\/\/www.domainedegrosbois.com<br \/>\nContact presse : Ariane PLOUSSARD<br \/>\nEmail : ariane.ploussard@letrot.com<br \/>\nT\u00e9l. : +33 1 49 77 15 22<\/p>\n","protected":false},"excerpt":{"rendered":"<p>Le weekend du 6 et 7 juin 2015 Ouverture exceptionnelle du Domaine de Grosbois : Apr\u00e8s plus de deux ans de travaux, le ch\u00e2teau de Grosbois et le Mus\u00e9e du trot ont fait peau neuve et\u00a0ouvrent de nouveau leurs portes&#8230;<\/p>\n","protected":false},"author":2,"featured_media":0,"comment_status":"open","ping_status":"open","sticky":false,"template":"","format":"standard","meta":{"ngg_post_thumbnail":0,"jetpack_post_was_ever_published":false,"_jetpack_newsletter_access":"","footnotes":""},"categories":[1],"tags":[],"class_list":["post-16726","post","type-post","status-publish","format-standard","hentry","category-non-classe"],"jetpack_featured_media_url":"","jetpack-related-posts":[{"id":18641,"url":"http:\/\/www.letourismeaparis.fr\/index.php\/2016\/09\/13\/une-journee-hippique-au-domaine-de-une-journee-hippique-au-domaine-de-grosbois-pour-les-journees-du-patrimoine-samedi-17-septembre-2016-de-14h00-a-18h00\/","url_meta":{"origin":16726,"position":0},"title":"Une journ\u00e9e hippique  au Domaine de  Grosbois   pour les journ\u00e9es du patrimoine le 17 septembre","author":"Fabienne TM","date":"13 septembre 2016","format":false,"excerpt":"\u00a0 Le centre d'entra\u00eenement de chevaux trotteurs de Grosbois\u00a0vous d\u00e9voile un site confidentiel, alliant activit\u00e9s hippiques\u00a0et patrimoine historique. Consid\u00e9r\u00e9 comme le paradis du trot, le Domaine de Grosbois est situ\u00e9 \u00e0 une quinzaine de\u00a0kilom\u00e8tres \u00e0 peine de l'hippodrome de Paris-Vincennes. Ce site de 412 hectares dispose \u00e0\u00a0cet effet d'infrastructures d'exception\u2026","rel":"","context":"Dans &quot;Non class\u00e9&quot;","block_context":{"text":"Non class\u00e9","link":"http:\/\/www.letourismeaparis.fr\/index.php\/category\/non-classe\/"},"img":{"alt_text":"","src":"","width":0,"height":0},"classes":[]},{"id":23661,"url":"http:\/\/www.letourismeaparis.fr\/index.php\/2019\/09\/13\/partie-de-campagne-a-grosbois-le-22-septembre-pour-les-journees-du-patrimoine\/","url_meta":{"origin":16726,"position":1},"title":"Partie de Campagne \u00e0 Grosbois le 22 septembre pour les journ\u00e9es du Patrimoine","author":"Fabienne TM","date":"13 septembre 2019","format":false,"excerpt":"Venez pique-niquer en famille dans le parc du ch\u00e2teau de Grosbois en compagnie des troupes de l\u2019Empereur et de sa cour. le Domaine de Grosbois organise une grande f\u00eate imp\u00e9riale quid\u00e9butera, dans le parc du ch\u00e2teau, par un vaste d\u00e9jeuner sur l\u2019herbe accompagn\u00e9 par le BSLOrchestra. Bicornes, redingotes et bottes\u2026","rel":"","context":"Dans &quot;Non class\u00e9&quot;","block_context":{"text":"Non class\u00e9","link":"http:\/\/www.letourismeaparis.fr\/index.php\/category\/non-classe\/"},"img":{"alt_text":"","src":"https:\/\/i0.wp.com\/www.letourismeaparis.fr\/wp-content\/uploads\/2019\/09\/Capture-d%E2%80%99e%CC%81cran-2019-09-13-a%CC%80-14.36.24.png?resize=350%2C200","width":350,"height":200,"srcset":"https:\/\/i0.wp.com\/www.letourismeaparis.fr\/wp-content\/uploads\/2019\/09\/Capture-d%E2%80%99e%CC%81cran-2019-09-13-a%CC%80-14.36.24.png?resize=350%2C200 1x, https:\/\/i0.wp.com\/www.letourismeaparis.fr\/wp-content\/uploads\/2019\/09\/Capture-d%E2%80%99e%CC%81cran-2019-09-13-a%CC%80-14.36.24.png?resize=525%2C300 1.5x"},"classes":[]},{"id":25295,"url":"http:\/\/www.letourismeaparis.fr\/index.php\/2023\/09\/11\/bal-a-grosbois-samedi-16-septembre\/","url_meta":{"origin":16726,"position":2},"title":"Bal \u00e0 Grosbois ,samedi 16 septembre","author":"Fabienne TM","date":"11 septembre 2023","format":false,"excerpt":"Des activit\u00e9s : 10H00 visite guid\u00e9e du centre hippique 14H00 visite guid\u00e9e du ch\u00e2teau 14H30 visite costum\u00e9e du ch\u00e2teau 16H00 visite cont\u00e9e avec marionne\u01a9 es 19H30 d\u00eener et bal 2d Empire DIMANCHE 17 SEPTEMBRE : 11H15-12h45 : visite costum\u00e9e du ch\u00e2teau du CHBSL 11H15-12h30: visite nature dans le parc 12H00-14H00\u2026","rel":"","context":"Dans &quot;bal&quot;","block_context":{"text":"bal","link":"http:\/\/www.letourismeaparis.fr\/index.php\/category\/bal\/"},"img":{"alt_text":"","src":"https:\/\/i0.wp.com\/www.letourismeaparis.fr\/wp-content\/uploads\/2023\/09\/Capture-decran-2023-09-11-a-18.21.28.png?resize=350%2C200","width":350,"height":200,"srcset":"https:\/\/i0.wp.com\/www.letourismeaparis.fr\/wp-content\/uploads\/2023\/09\/Capture-decran-2023-09-11-a-18.21.28.png?resize=350%2C200 1x, https:\/\/i0.wp.com\/www.letourismeaparis.fr\/wp-content\/uploads\/2023\/09\/Capture-decran-2023-09-11-a-18.21.28.png?resize=525%2C300 1.5x, https:\/\/i0.wp.com\/www.letourismeaparis.fr\/wp-content\/uploads\/2023\/09\/Capture-decran-2023-09-11-a-18.21.28.png?resize=700%2C400 2x"},"classes":[]},{"id":16781,"url":"http:\/\/www.letourismeaparis.fr\/index.php\/2015\/06\/05\/le-paris-jazz-festival-au-parc-floral-du-7-juin-au-26-juillet-2015\/","url_meta":{"origin":16726,"position":3},"title":"Le Paris Jazz festival au Parc Floral, du 7 juin au 26 juillet 2015,","author":"Fabienne TM","date":"5 juin 2015","format":false,"excerpt":"Sur\u00a08 week-ends,\u00a015 journ\u00e9es\u00a0et\u00a03 soir\u00e9es,\u00a031 concerts\u00a0sont programm\u00e9s de nombreuses animations et ateliers d'initiation musicales vous seront propos\u00e9s. Ouverture le dimanche 7 juin, concerts \u00e0 12h, 14h15 et 16h Dimanche 7 juin :\u00a0Paris-Londres Samedi 13 et dimanche 14 juin :\u00a0Paris-Rome Samedi 20 et dimanche 21 juin -\u00a0Paris-Tokyo Samedi 27 et dimanche 28\u2026","rel":"","context":"Dans &quot;Musique&quot;","block_context":{"text":"Musique","link":"http:\/\/www.letourismeaparis.fr\/index.php\/category\/culture\/concerts-musique\/musique\/"},"img":{"alt_text":"","src":"","width":0,"height":0},"classes":[]},{"id":16905,"url":"http:\/\/www.letourismeaparis.fr\/index.php\/2015\/08\/09\/les-grandes-eaux-musicales-a-versailles-et-les-grandes-eaux-nocturnes\/","url_meta":{"origin":16726,"position":4},"title":"Les grandes eaux musicales \u00e0 Versailles et les grandes eaux nocturnes","author":"Fabienne TM","date":"9 ao\u00fbt 2015","format":false,"excerpt":"Tous les samedis et dimanches, jusqu'au 1er novembre 2015. Acc\u00e8s aux jardins du ch\u00e2teau dessin\u00e9s par Andr\u00e9 Le N\u00f4tre pour une balade royale \u00e0 la d\u00e9couverte des bosquets exceptionnellement ouverts au public. Fontaines jaillissantes et musique baroque pour ornements visuels et sonores\u2026. Incontournable\u00a0! Fermeture anticip\u00e9e des Grandes Eaux Musicales \u00e0\u2026","rel":"","context":"Dans &quot;Non class\u00e9&quot;","block_context":{"text":"Non class\u00e9","link":"http:\/\/www.letourismeaparis.fr\/index.php\/category\/non-classe\/"},"img":{"alt_text":"","src":"","width":0,"height":0},"classes":[]},{"id":15316,"url":"http:\/\/www.letourismeaparis.fr\/index.php\/2014\/06\/24\/paris-jazz-festival-fete-ses-20-ans-partir-du-7-juin\/","url_meta":{"origin":16726,"position":5},"title":"Paris Jazz Festival f\u00eate ses 20 ans \u00e0 partir du 7 juin","author":"Fabienne TM","date":"24 juin 2014","format":false,"excerpt":"Paris Jazz Festival f\u00eate ses 20 ans Le Paris Jazz Festival, rendez-vous incontournable du parc floral, f\u00eate cette ann\u00e9e ses 20 ans du 7 juin au 27 juillet 2014. Soutenu par la Ville de Paris et la Direction des espaces verts et de l\u2019environnement, il est devenu le premier des\u2026","rel":"","context":"Dans &quot;Festivals \/ Manifestations&quot;","block_context":{"text":"Festivals \/ Manifestations","link":"http:\/\/www.letourismeaparis.fr\/index.php\/category\/spectacle\/festival\/"},"img":{"alt_text":"","src":"https:\/\/i0.wp.com\/www.letourismeaparis.fr\/wp-content\/uploads\/2014\/06\/jazz.jpeg?resize=350%2C200","width":350,"height":200},"classes":[]}],"jetpack_sharing_enabled":true,"jetpack_likes_enabled":true,"_links":{"self":[{"href":"http:\/\/www.letourismeaparis.fr\/index.php\/wp-json\/wp\/v2\/posts\/16726","targetHints":{"allow":["GET"]}}],"collection":[{"href":"http:\/\/www.letourismeaparis.fr\/index.php\/wp-json\/wp\/v2\/posts"}],"about":[{"href":"http:\/\/www.letourismeaparis.fr\/index.php\/wp-json\/wp\/v2\/types\/post"}],"author":[{"embeddable":true,"href":"http:\/\/www.letourismeaparis.fr\/index.php\/wp-json\/wp\/v2\/users\/2"}],"replies":[{"embeddable":true,"href":"http:\/\/www.letourismeaparis.fr\/index.php\/wp-json\/wp\/v2\/comments?post=16726"}],"version-history":[{"count":0,"href":"http:\/\/www.letourismeaparis.fr\/index.php\/wp-json\/wp\/v2\/posts\/16726\/revisions"}],"wp:attachment":[{"href":"http:\/\/www.letourismeaparis.fr\/index.php\/wp-json\/wp\/v2\/media?parent=16726"}],"wp:term":[{"taxonomy":"category","embeddable":true,"href":"http:\/\/www.letourismeaparis.fr\/index.php\/wp-json\/wp\/v2\/categories?post=16726"},{"taxonomy":"post_tag","embeddable":true,"href":"http:\/\/www.letourismeaparis.fr\/index.php\/wp-json\/wp\/v2\/tags?post=16726"}],"curies":[{"name":"wp","href":"https:\/\/api.w.org\/{rel}","templated":true}]}}