{"id":16768,"date":"2015-06-13T15:17:37","date_gmt":"2015-06-13T15:17:37","guid":{"rendered":"http:\/\/www.letourismeaparis.fr\/?p=16768"},"modified":"2015-06-13T15:17:37","modified_gmt":"2015-06-13T15:17:37","slug":"le-14-juin-les-champs-elysees-setransforment-en-une-immense-piste-cyclable-ouverte-a-tous","status":"publish","type":"post","link":"http:\/\/www.letourismeaparis.fr\/index.php\/2015\/06\/13\/le-14-juin-les-champs-elysees-setransforment-en-une-immense-piste-cyclable-ouverte-a-tous\/","title":{"rendered":"Le 14 juin, les Champs-Elys\u00e9es se transforment en une immense piste cyclable ouverte \u00e0 tous!"},"content":{"rendered":"<p>Cette grande course \u00e9co-citoyenne a pour but de r\u00e9colter des fonds pour trois associations caritatives:<br \/>\n400 V\u00e9lib\u2019 g\u00e9r\u00e9s par JCDecaux seront mis gratuitement \u00e0 disposition du grand public afin de battre le record del\u2019an dernier:<strong>32000km parcourus en relais.<\/strong><br \/>\n<!--more--><br \/>\n<strong>Plus vous p\u00e9dalez,plus le montant des dons augmente!<\/strong><br \/>\n<strong>\u00a0<\/strong>Tous les participants de toutes g\u00e9n\u00e9rations se retrouveront au Village install\u00e9 en \u00a0bas des Champs-Elys\u00e9es autour de nombreuses animations:<br \/>\n&#8211;\u00a0\u00a0\u00a0 tournoi de p\u00e9tanque entriplettes<br \/>\n&#8211;\u00a0\u00a0\u00a0 circuit en P\u2019tits V\u00e9lib\u2019 pour les enfants<br \/>\nespace lounge,aire de restauration et de pique-nique,concours,jeux&#8230;<br \/>\n&nbsp;<\/p>\n<h3 class=\"p2\"><span class=\"s1\">\u00a0<\/span><a href=\"http:\/\/blog.velib.paris.fr\/24h-velib-2015\"><b>http:\/\/blog.velib.paris.fr\/24h-velib-2015<\/b><\/a><\/h3>\n<p>&nbsp;<\/p>\n","protected":false},"excerpt":{"rendered":"<p>Cette grande course \u00e9co-citoyenne a pour but de r\u00e9colter des fonds pour trois associations caritatives: 400 V\u00e9lib\u2019 g\u00e9r\u00e9s par JCDecaux seront mis gratuitement \u00e0 disposition du grand public afin de battre le record del\u2019an dernier:32000km parcourus en relais.<\/p>\n","protected":false},"author":2,"featured_media":0,"comment_status":"open","ping_status":"open","sticky":false,"template":"","format":"standard","meta":{"ngg_post_thumbnail":0,"jetpack_post_was_ever_published":false,"_jetpack_newsletter_access":"","footnotes":""},"categories":[12,48],"tags":[],"class_list":["post-16768","post","type-post","status-publish","format-standard","hentry","category-bonnes-oeuvres","category-sport"],"jetpack_featured_media_url":"","jetpack-related-posts":[{"id":13440,"url":"http:\/\/www.letourismeaparis.fr\/index.php\/2013\/06\/09\/les-24-h-du-velib-samedi-15-et-dimanche-16-juin-2013\/","url_meta":{"origin":16768,"position":0},"title":"les 24 h du velib !!!!!!!!! samedi 15  et dimanche 16 juin 2013","author":"Fabienne TM","date":"9 juin 2013","format":false,"excerpt":"Venez p\u00e9daler sur la plus belle avenue du monde ! Avenue des Champs-Elys\u00e9es - du Petit Palais \u00e0 la place de la Concorde Une occasion\u00a0\u00a0 d\u2019aider trois associations : Good Planet, M\u00e9c\u00e9nat Chirurgie Cardiaque et la Fondation du Patrimoine. les\u00a0 cyclistes des 400 v\u00e9lib\u2019\u00a0 devront d\u00e9signer l\u2019association pour laquelle ils\u00a0\u2026","rel":"","context":"Dans &quot;Non class\u00e9&quot;","block_context":{"text":"Non class\u00e9","link":"http:\/\/www.letourismeaparis.fr\/index.php\/category\/non-classe\/"},"img":{"alt_text":"","src":"","width":0,"height":0},"classes":[]},{"id":18338,"url":"http:\/\/www.letourismeaparis.fr\/index.php\/2016\/06\/03\/les-24-h-velib-aux-champs-elysees-dimanche-5-juin\/","url_meta":{"origin":16768,"position":1},"title":"Les 24 h  velib  aux Champs Elys\u00e9es dimanche 5 juin","author":"Fabienne TM","date":"3 juin 2016","format":false,"excerpt":"Un \u00e9v\u00e9nement alliant sport, f\u00eate, et bonnes actions revient dimanche pour\u00a0une nouvelle \u00e9dition encore plus exceptionnelle.\u00a0Les 24h V\u00e9lib\u2019\u00a0sont l\u2019occasion de p\u00e9daler et de r\u00e9colter des sous pour les associations partenaires mais aussi de passer un dimanche unique sur la plus belle avenue du monde enti\u00e8rement pi\u00e9tonnis\u00e9e.\u00a0 Rares sont les occasions\u2026","rel":"","context":"Dans &quot;Familles&quot;","block_context":{"text":"Familles","link":"http:\/\/www.letourismeaparis.fr\/index.php\/category\/familles\/"},"img":{"alt_text":"","src":"","width":0,"height":0},"classes":[]},{"id":8598,"url":"http:\/\/www.letourismeaparis.fr\/index.php\/2010\/09\/18\/pour-les-sportifs-du-dimanche-19-septembre-randonnee-a-velib\/","url_meta":{"origin":16768,"position":2},"title":"Pour les sportifs du dimanche 19 septembre ,randonn\u00e9e \u00e0 V\u00e9lib\u2019.","author":"Fabienne TM","date":"18 septembre 2010","format":false,"excerpt":"Au d\u00e9part de 4 villes(cf infra) , les randonneurs de V\u00e9lib\u2019 rejoindront le Parvis de l\u2019H\u00f4tel de Ville au terme de pr\u00e8s de 15 kilom\u00e8tres et d\u2019une heure et demie de v\u00e9lo !Les 100 premiers abonn\u00e9s annuels \u00e0 V\u00e9lib\u2019 qui se pr\u00e9senteront dans chacune des villes de d\u00e9part, munis de\u2026","rel":"","context":"Dans &quot;Non class\u00e9&quot;","block_context":{"text":"Non class\u00e9","link":"http:\/\/www.letourismeaparis.fr\/index.php\/category\/non-classe\/"},"img":{"alt_text":"","src":"https:\/\/i0.wp.com\/www.letourismeaparis.fr\/wp-content\/uploads\/2010\/09\/velibienne-300x207.jpg?resize=350%2C200","width":350,"height":200},"classes":[]},{"id":10988,"url":"http:\/\/www.letourismeaparis.fr\/index.php\/2011\/08\/18\/velib-express-vous-attend\/","url_meta":{"origin":16768,"position":3},"title":"Velib&#039; express vous attend","author":"Fabienne TM","date":"18 ao\u00fbt 2011","format":false,"excerpt":"La carte V\u00e9lib' Express permet d'acc\u00e9der plus rapidement au service V\u00e9lib'.Avec la carte V\u00e9lib' Express, 3 formules d'abonnement sont possible: 1. V\u00e9lib' Classique \u00e0 29\u20ac par an pour un nombre de trajets illimit\u00e9s et 30 premi\u00e8res minutes offertes pour chacun des voyages. 2. NOUVEAU : V\u00e9lib' Passion, une offre d'abonnement\u2026","rel":"","context":"Dans &quot;Non class\u00e9&quot;","block_context":{"text":"Non class\u00e9","link":"http:\/\/www.letourismeaparis.fr\/index.php\/category\/non-classe\/"},"img":{"alt_text":"","src":"","width":0,"height":0},"classes":[]},{"id":10969,"url":"http:\/\/www.letourismeaparis.fr\/index.php\/2011\/08\/04\/des-nouveautes-pour-velib-la-carte-velib-express\/","url_meta":{"origin":16768,"position":4},"title":"Des nouveaut\u00e9s pour V\u00e9lib&#039; : la carte V\u00e9lib&#039; express","author":"Fabienne TM","date":"4 ao\u00fbt 2011","format":false,"excerpt":"La carte V\u00e9lib' Express permet d'acc\u00e9der plus rapidement au service V\u00e9lib'. Avec la carte V\u00e9lib' Express, 3 formules d'abonnement sont possible: 1. V\u00e9lib' Classique \u00e0 29\u20ac par an pour un nombre de trajets illimit\u00e9s et 30 premi\u00e8res minutes offertes pour chacun des voyages. 2. NOUVEAU : V\u00e9lib' Passion, une offre\u2026","rel":"","context":"Dans &quot;Non class\u00e9&quot;","block_context":{"text":"Non class\u00e9","link":"http:\/\/www.letourismeaparis.fr\/index.php\/category\/non-classe\/"},"img":{"alt_text":"","src":"","width":0,"height":0},"classes":[]},{"id":1395,"url":"http:\/\/www.letourismeaparis.fr\/index.php\/2009\/01\/11\/velib-2009-paris-et-sa-banlieue\/","url_meta":{"origin":16768,"position":5},"title":"VELIB&#039;  2009 : Paris et sa banlieue","author":"Fabienne TM","date":"11 janvier 2009","format":false,"excerpt":"V\u00e9lib\u2019\u00a0 2009 ! Vous aurez bient\u00f4t acc\u00e8s \u00e0 V\u00e9lib\u2019 au-del\u00e0 de la p\u00e9riph\u00e9rie parisienne. Consultez la carte interactive\u00a0 sur velib.paris.fr. La disponibilit\u00e9 des places et des v\u00e9los en temps r\u00e9el pr\u00e8s de votre lieu de destination est indiqu\u00e9e.liste des comunes int\u00e9r\u00e9ss\u00e9es : Arcueil, Aubervilliers, Bagnolet, Boulogne-Billancourt, Charenton-le-Pont, Clichy, Fontenay-sous-Bois, Gentilly,\u2026","rel":"","context":"Dans &quot;Non class\u00e9&quot;","block_context":{"text":"Non class\u00e9","link":"http:\/\/www.letourismeaparis.fr\/index.php\/category\/non-classe\/"},"img":{"alt_text":"","src":"","width":0,"height":0},"classes":[]}],"jetpack_sharing_enabled":true,"jetpack_likes_enabled":true,"_links":{"self":[{"href":"http:\/\/www.letourismeaparis.fr\/index.php\/wp-json\/wp\/v2\/posts\/16768","targetHints":{"allow":["GET"]}}],"collection":[{"href":"http:\/\/www.letourismeaparis.fr\/index.php\/wp-json\/wp\/v2\/posts"}],"about":[{"href":"http:\/\/www.letourismeaparis.fr\/index.php\/wp-json\/wp\/v2\/types\/post"}],"author":[{"embeddable":true,"href":"http:\/\/www.letourismeaparis.fr\/index.php\/wp-json\/wp\/v2\/users\/2"}],"replies":[{"embeddable":true,"href":"http:\/\/www.letourismeaparis.fr\/index.php\/wp-json\/wp\/v2\/comments?post=16768"}],"version-history":[{"count":0,"href":"http:\/\/www.letourismeaparis.fr\/index.php\/wp-json\/wp\/v2\/posts\/16768\/revisions"}],"wp:attachment":[{"href":"http:\/\/www.letourismeaparis.fr\/index.php\/wp-json\/wp\/v2\/media?parent=16768"}],"wp:term":[{"taxonomy":"category","embeddable":true,"href":"http:\/\/www.letourismeaparis.fr\/index.php\/wp-json\/wp\/v2\/categories?post=16768"},{"taxonomy":"post_tag","embeddable":true,"href":"http:\/\/www.letourismeaparis.fr\/index.php\/wp-json\/wp\/v2\/tags?post=16768"}],"curies":[{"name":"wp","href":"https:\/\/api.w.org\/{rel}","templated":true}]}}