{"id":16781,"date":"2015-06-05T08:31:35","date_gmt":"2015-06-05T08:31:35","guid":{"rendered":"http:\/\/www.letourismeaparis.fr\/?p=16781"},"modified":"2015-06-05T08:31:35","modified_gmt":"2015-06-05T08:31:35","slug":"le-paris-jazz-festival-au-parc-floral-du-7-juin-au-26-juillet-2015","status":"publish","type":"post","link":"http:\/\/www.letourismeaparis.fr\/index.php\/2015\/06\/05\/le-paris-jazz-festival-au-parc-floral-du-7-juin-au-26-juillet-2015\/","title":{"rendered":"Le Paris Jazz festival au Parc Floral, du 7 juin au 26 juillet 2015,"},"content":{"rendered":"<p>Sur\u00a0<strong>8 week-ends<\/strong>,\u00a0<strong>15 journ\u00e9es<\/strong>\u00a0et\u00a0<strong>3 soir\u00e9es<\/strong>,\u00a0<strong>31 concerts<\/strong>\u00a0sont programm\u00e9s de nombreuses animations et ateliers d&rsquo;initiation musicales vous seront propos\u00e9s.<br \/>\nOuverture le dimanche 7 juin, concerts \u00e0 12h, 14h15 et 16h<!--more--><br \/>\n<strong>Dimanche 7 juin :\u00a0<em>Paris-Londres<\/em><\/strong><br \/>\n<strong>Samedi 13 et dimanche 14 juin :\u00a0<em>Paris-Rome<\/em><\/strong><br \/>\n<strong>Samedi 20 et dimanche 21 juin &#8211;\u00a0<em>Paris-Tokyo<\/em><\/strong><br \/>\n<strong>Samedi 27 et dimanche 28 juin :\u00a0<em>Paris-Tel Aviv<\/em><\/strong><!--more--><br \/>\n<strong>Samedi 4 et dimanche 5 juillet :\u00a0<em>Paris-New-York<\/em><\/strong><br \/>\n<strong>Samedi 11 et dimanche 12 juillet :\u00a0<em>Paris-Bamako<\/em><\/strong><br \/>\n<strong>Samedi 18 et dimanche 19 juillet :\u00a0<em>Paris-Stockholm<\/em><\/strong><br \/>\n<strong>Samedi 25 et dimanche 26 juillet :\u00a0<em>Paris Universel<\/em><\/strong><\/p>\n<ul>\n<li>Grande sc\u00e8ne : concerts tous les samedis et dimanches<\/li>\n<li>Soir\u00e9es les samedis 13 et 27 juin \u00e0 21h<\/li>\n<li>Soir\u00e9e de cl\u00f4ture le dimanche 26 juillet \u00e0 21h<\/li>\n<li>Barge \u00e0 jazz : tous les samedis du 20 juin au 25 juillet \u00e0 17h30 et tous les dimanches du 21 juin au 19 juillet \u00e0 13h30<\/li>\n<\/ul>\n<p><em><br \/>\nOuverture du parc de 9h30 \u00e0 20h00<br \/>\n<strong>Les concerts sont gratuits, seule l&rsquo;entr\u00e9e au parc est payante<\/strong><\/em><br \/>\n<em><br \/>\nAcc\u00e8s :<\/em>\u00a0<em>Esplanade Saint Louis, \u00e0 c\u00f4t\u00e9 du Ch\u00e2teau de Vincennes<\/em><br \/>\n&nbsp;<br \/>\n<a href=\"http:\/\/www.parisjazzfestival.fr\">http:\/\/www.parisjazzfestival.fr<\/a><br \/>\n&nbsp;<\/p>\n","protected":false},"excerpt":{"rendered":"<p>Sur\u00a08 week-ends,\u00a015 journ\u00e9es\u00a0et\u00a03 soir\u00e9es,\u00a031 concerts\u00a0sont programm\u00e9s de nombreuses animations et ateliers d&rsquo;initiation musicales vous seront propos\u00e9s. Ouverture le dimanche 7 juin, concerts \u00e0 12h, 14h15 et 16h<\/p>\n","protected":false},"author":2,"featured_media":0,"comment_status":"open","ping_status":"open","sticky":false,"template":"","format":"standard","meta":{"ngg_post_thumbnail":0,"jetpack_post_was_ever_published":false,"_jetpack_newsletter_access":"","footnotes":""},"categories":[39],"tags":[],"class_list":["post-16781","post","type-post","status-publish","format-standard","hentry","category-musique"],"jetpack_featured_media_url":"","jetpack-related-posts":[{"id":15316,"url":"http:\/\/www.letourismeaparis.fr\/index.php\/2014\/06\/24\/paris-jazz-festival-fete-ses-20-ans-partir-du-7-juin\/","url_meta":{"origin":16781,"position":0},"title":"Paris Jazz Festival f\u00eate ses 20 ans \u00e0 partir du 7 juin","author":"Fabienne TM","date":"24 juin 2014","format":false,"excerpt":"Paris Jazz Festival f\u00eate ses 20 ans Le Paris Jazz Festival, rendez-vous incontournable du parc floral, f\u00eate cette ann\u00e9e ses 20 ans du 7 juin au 27 juillet 2014. Soutenu par la Ville de Paris et la Direction des espaces verts et de l\u2019environnement, il est devenu le premier des\u2026","rel":"","context":"Dans &quot;Festivals \/ Manifestations&quot;","block_context":{"text":"Festivals \/ Manifestations","link":"http:\/\/www.letourismeaparis.fr\/index.php\/category\/spectacle\/festival\/"},"img":{"alt_text":"","src":"https:\/\/i0.wp.com\/www.letourismeaparis.fr\/wp-content\/uploads\/2014\/06\/jazz.jpeg?resize=350%2C200","width":350,"height":200},"classes":[]},{"id":7570,"url":"http:\/\/www.letourismeaparis.fr\/index.php\/2010\/05\/27\/des-concerts-gratuits-au-champ-de-mars\/","url_meta":{"origin":16781,"position":1},"title":"Des concerts gratuits au Champ de Mars","author":"Fabienne TM","date":"27 mai 2010","format":false,"excerpt":"De mai \u00e0 octobre. Des concerts gratuits sont organis\u00e9s, qui repr\u00e9sentent tous les styles de musique. Samedi 29 mai \/ 16h-18h Big Band B.B 15 \/ Fanfare, Harmonie Dimanche 30 mai 16h-17h L\u2019Esp\u00e9rance de Neufchatel-Hardelot \/ harmonie Samedi 5 juin \/ 14h-16h Shell Harmonie Amsterdam \/ harmonie Dimanche 13 juin\u2026","rel":"","context":"Dans &quot;Non class\u00e9&quot;","block_context":{"text":"Non class\u00e9","link":"http:\/\/www.letourismeaparis.fr\/index.php\/category\/non-classe\/"},"img":{"alt_text":"","src":"","width":0,"height":0},"classes":[]},{"id":8016,"url":"http:\/\/www.letourismeaparis.fr\/index.php\/2010\/07\/23\/paris-jazz-festival-jusquau-1er-aout-2010\/","url_meta":{"origin":16781,"position":2},"title":"Paris Jazz Festival jusqu&#039;au 1er Ao\u00fbt 2010","author":"Fabienne TM","date":"23 juillet 2010","format":false,"excerpt":"Chaque week-end de juin et juillet, le Paris Jazz Festival vous propose des manifestations culturelles interactives, des concerts, des conf\u00e9rences-rencontres. Samedi 10 juillet Andy Emler & Thomas de Pourquery DuoLa Compagnie Lubat pr\u00e9sente \"Chansons Enjazz\u00e9es\" Dimanche 11 juillet Youn Sun Nah & Ulf Wakenius - DuoDavid Linx & Maria Joao\u2026","rel":"","context":"Dans &quot;Non class\u00e9&quot;","block_context":{"text":"Non class\u00e9","link":"http:\/\/www.letourismeaparis.fr\/index.php\/category\/non-classe\/"},"img":{"alt_text":"","src":"","width":0,"height":0},"classes":[]},{"id":26239,"url":"http:\/\/www.letourismeaparis.fr\/index.php\/2025\/06\/25\/paris-jazz-festival-au-parc-floral-de-vincennes-2\/","url_meta":{"origin":16781,"position":3},"title":"PARIS JAZZ FESTIVAL au Parc Floral de Vincennes","author":"Fabienne TM","date":"25 juin 2025","format":false,"excerpt":"Du 29 Juin 2025 au 07 Septembre 2025 \u00e0 Paris (75) Paris Jazz Festival y accueillera cette ann\u00e9e une dizaine de concerts Dimanche 29 Juin 2025 16h00 ROBINSON KHOURY \/ ANISSA NEHARI \/ LEO JASSEF Parc Floral De Paris - Bois De Vincennes Samedi 05 Juillet 2025 16h00 LYLE BARTON\u2026","rel":"","context":"Dans &quot;Bons Plans&quot;","block_context":{"text":"Bons Plans","link":"http:\/\/www.letourismeaparis.fr\/index.php\/category\/bon-plan\/"},"img":{"alt_text":"","src":"","width":0,"height":0},"classes":[]},{"id":2924,"url":"http:\/\/www.letourismeaparis.fr\/index.php\/2009\/06\/16\/paris-jazz-festival-du-7-juin-au-27-juillet\/","url_meta":{"origin":16781,"position":4},"title":"PARIS JAZZ FESTIVAL :&quot; Ciao Italia&quot;les 20 et 21 juin","author":"Fabienne TM","date":"16 juin 2009","format":false,"excerpt":"Parc Floral de Vincennes\u00a0 \"\u00a0 CIAO ITALIA\" Samedi 20 juin 15h\u00a0\u00a0\u00a0\u00a0\u00a0 Gianluca PETRELLA, Indigo 4, 16h30\u00a0\u00a0 Rita MARCOTULLI \u00ab Us and Them \u00bb Hommage \u00e0 Pink Floyd Dimanche 21 juin 14h\u00a0\u00a0\u00a0\u00a0\u00a0\u00a0 Antonello SALIS \/ Fabrizio BOSSO duo, 15h\u00a0\u00a0\u00a0\u00a0\u00a0\u00a0 Emmanuel Bex \/ Francesco Bearzatti \/ Simon Goubert 16h30\u00a0\u00a0\u00a0 MUSICA NUDA M\u00e9tro\u2026","rel":"","context":"Dans &quot;Non class\u00e9&quot;","block_context":{"text":"Non class\u00e9","link":"http:\/\/www.letourismeaparis.fr\/index.php\/category\/non-classe\/"},"img":{"alt_text":"","src":"","width":0,"height":0},"classes":[]},{"id":7991,"url":"http:\/\/www.letourismeaparis.fr\/index.php\/2010\/06\/26\/7991\/","url_meta":{"origin":16781,"position":5},"title":"Week- end  anniversaire au Quai Branly : un bon programme.","author":"Fabienne TM","date":"26 juin 2010","format":false,"excerpt":"A l'occasion de ses 4 ans, le mus\u00e9e du quai Branly propose un week-end anniversaire autour de l'exposition Fleuve Congo et du Cinquantenaire des ind\u00e9pendances africaines. vendredi 25, samedi 26 et dimanche 27 juin 2010 acc\u00e8s libre et gratuit pour tous au Plateau des collections et aux expositions temporaires de\u2026","rel":"","context":"Dans &quot;Non class\u00e9&quot;","block_context":{"text":"Non class\u00e9","link":"http:\/\/www.letourismeaparis.fr\/index.php\/category\/non-classe\/"},"img":{"alt_text":"","src":"https:\/\/i0.wp.com\/www.letourismeaparis.fr\/wp-content\/uploads\/2010\/06\/anniv-quai-branly.png?resize=350%2C200","width":350,"height":200},"classes":[]}],"jetpack_sharing_enabled":true,"jetpack_likes_enabled":true,"_links":{"self":[{"href":"http:\/\/www.letourismeaparis.fr\/index.php\/wp-json\/wp\/v2\/posts\/16781","targetHints":{"allow":["GET"]}}],"collection":[{"href":"http:\/\/www.letourismeaparis.fr\/index.php\/wp-json\/wp\/v2\/posts"}],"about":[{"href":"http:\/\/www.letourismeaparis.fr\/index.php\/wp-json\/wp\/v2\/types\/post"}],"author":[{"embeddable":true,"href":"http:\/\/www.letourismeaparis.fr\/index.php\/wp-json\/wp\/v2\/users\/2"}],"replies":[{"embeddable":true,"href":"http:\/\/www.letourismeaparis.fr\/index.php\/wp-json\/wp\/v2\/comments?post=16781"}],"version-history":[{"count":0,"href":"http:\/\/www.letourismeaparis.fr\/index.php\/wp-json\/wp\/v2\/posts\/16781\/revisions"}],"wp:attachment":[{"href":"http:\/\/www.letourismeaparis.fr\/index.php\/wp-json\/wp\/v2\/media?parent=16781"}],"wp:term":[{"taxonomy":"category","embeddable":true,"href":"http:\/\/www.letourismeaparis.fr\/index.php\/wp-json\/wp\/v2\/categories?post=16781"},{"taxonomy":"post_tag","embeddable":true,"href":"http:\/\/www.letourismeaparis.fr\/index.php\/wp-json\/wp\/v2\/tags?post=16781"}],"curies":[{"name":"wp","href":"https:\/\/api.w.org\/{rel}","templated":true}]}}