{"id":16784,"date":"2015-06-05T02:39:11","date_gmt":"2015-06-05T02:39:11","guid":{"rendered":"http:\/\/www.letourismeaparis.fr\/?p=16784"},"modified":"2015-06-05T02:39:11","modified_gmt":"2015-06-05T02:39:11","slug":"les-ddays-2015des-experiences-design-jusquau-7-juin","status":"publish","type":"post","link":"http:\/\/www.letourismeaparis.fr\/index.php\/2015\/06\/05\/les-ddays-2015des-experiences-design-jusquau-7-juin\/","title":{"rendered":"Les D&#039;days 2015,des exp\u00e9riences design  jusqu&#039;au 7 juin"},"content":{"rendered":"<p style=\"margin: 0cm; margin-bottom: .0001pt; line-height: 14.05pt; background: white;\"><strong><span style=\"font-size: 11.0pt; font-family: Arial; color: black;\">Les D&rsquo;days 2015,des exp\u00e9riences design !<\/span><\/strong><\/p>\n<p style=\"margin: 0cm; margin-bottom: .0001pt; line-height: 14.05pt; background: white; orphans: auto; text-align: start; widows: 1; -webkit-text-stroke-width: 0px; word-spacing: 0px;\"><span style=\"font-size: 11.0pt; font-family: Arial; color: black;\">, les D&rsquo;Days nous proposent de rencontrer les acteurs du design fran\u00e7ais et international dans toute la capitale, le temps d&rsquo;un festival d&rsquo;une semaine<a href=\"http:\/\/www.letourismeaparis.fr\/wp-content\/uploads\/2015\/06\/111754-designer-s-days-2014.jpg\"><img loading=\"lazy\" decoding=\"async\" class=\"aligncenter size-medium wp-image-16785\" src=\"http:\/\/www.letourismeaparis.fr\/wp-content\/uploads\/2015\/06\/111754-designer-s-days-2014-228x300.jpg\" alt=\"111754-designer-s-days-2014\" width=\"228\" height=\"300\" \/><\/a> <\/span><\/p>\n<p style=\"margin: 0cm; margin-bottom: .0001pt; line-height: 14.05pt; background: white;\"><span style=\"font-size: 11.0pt; font-family: Arial; color: black;\">les<span class=\"apple-converted-space\">\u00a0<\/span><strong><span style=\"font-family: Arial;\">D&rsquo;Days<\/span><\/strong><span class=\"apple-converted-space\">\u00a0<\/span>proposent une vitrine aux designers, qui pr\u00e9sentent l&rsquo;avancement du design dans des parcours qui f\u00e9d\u00e8rent les cr\u00e9ations autour d&rsquo;un m\u00eame th\u00e8me: Baccarat, Boffi, La Fayette Maison,\u00a0Roger &amp; Gallet ouvrent alors leurs portes au public, pour des pr\u00e9sentations d\u00e9taill\u00e9es de leurs collections actuelles. <\/span><!--more--><\/p>\n<p style=\"margin: 0cm; margin-bottom: .0001pt; line-height: 14.05pt; background: white;\"><span style=\"font-size: 11.0pt; font-family: Arial; color: black;\">\u00a0<\/span><\/p>\n<p style=\"margin: 0cm; margin-bottom: .0001pt; line-height: 14.05pt; background: white;\"><strong><span style=\"text-decoration: underline;\"><span style=\"font-size: 11.0pt; font-family: Arial; color: black;\">4 parcours sont propos\u00e9s dans la capitale et en Seine-Saint-Denis :<\/span><\/span><\/strong><\/p>\n<p style=\"margin: 0cm; margin-bottom: .0001pt; line-height: 14.05pt; background: white;\"><span style=\"font-size: 11.0pt; font-family: Arial; color: black;\">les rendez-vous th\u00e9matiques sont pr\u00e9vus au Carreau du Temple et au Mus\u00e9e des Arts D\u00e9coratifs .<\/span><\/p>\n<p style=\"margin: 0cm; margin-bottom: .0001pt; line-height: 14.05pt; background: white;\"><a href=\"%20 http:\/\/www.designersdays.com\"><span style=\"font-size: 11.0pt; font-family: Arial; color: black;\">\u00a0<\/span><\/a><\/p>\n<p style=\"margin: 0cm; margin-bottom: .0001pt; line-height: 14.05pt; background: white;\"><a href=\"%20 http:\/\/www.designersdays.com\"><span style=\"font-size: 11.0pt; font-family: Arial; color: black;\">http:\/\/www.designersdays.com<\/span><\/a><\/p>\n<p style=\"margin: 0cm; margin-bottom: .0001pt; line-height: 14.05pt; background: white; orphans: auto; text-align: start; widows: 1; -webkit-text-stroke-width: 0px; word-spacing: 0px;\"><em><span style=\"font-size: 11.0pt; font-family: Arial; color: black;\">Du 1er au 7 juin 2015<\/span><\/em><i><span style=\"font-size: 11.0pt; font-family: Arial; color: black;\"><br \/>\n<em><span style=\"font-family: Arial;\">90 lieux d&rsquo;exception \u00e0 visiter pour 120 \u00e9v\u00e8nements<\/span><\/em><\/span><\/i><\/p>\n","protected":false},"excerpt":{"rendered":"<p>Les D&rsquo;days 2015,des exp\u00e9riences design ! , les D&rsquo;Days nous proposent de rencontrer les acteurs du design fran\u00e7ais et international dans toute la capitale, le temps d&rsquo;un festival d&rsquo;une semaine les\u00a0D&rsquo;Days\u00a0proposent une vitrine aux designers, qui pr\u00e9sentent l&rsquo;avancement du design&#8230;<\/p>\n","protected":false},"author":2,"featured_media":0,"comment_status":"open","ping_status":"open","sticky":false,"template":"","format":"standard","meta":{"ngg_post_thumbnail":0,"jetpack_post_was_ever_published":false,"_jetpack_newsletter_access":"","footnotes":""},"categories":[9],"tags":[],"class_list":["post-16784","post","type-post","status-publish","format-standard","hentry","category-beaux-arts"],"jetpack_featured_media_url":"","jetpack-related-posts":[{"id":3248,"url":"http:\/\/www.letourismeaparis.fr\/index.php\/2009\/06\/11\/designersdays-jusquau-15-juin-2009\/","url_meta":{"origin":16784,"position":0},"title":"Designers&#039;days jusqu&#039;au 15 juin 2009","author":"Fabienne TM","date":"11 juin 2009","format":false,"excerpt":"\u2014Designers'days jusqu'au 15 juin 2009 La vocation de Designer\u2019s Days est de promouvoir le design ; \u201c SECRETS DE DESIGN \u201d\u00a0 vous pourrez les admirer notamment chez : Baccarat, B\u2019Bath, Bernardaud,Boffi Bains, Bulthaup \u00e9toile... liste compl\u00e9te\u00a0 et adresse des participants: http:\/\/www.designersdays.com http:www.letourismeaparis.fr","rel":"","context":"Dans &quot;Non class\u00e9&quot;","block_context":{"text":"Non class\u00e9","link":"http:\/\/www.letourismeaparis.fr\/index.php\/category\/non-classe\/"},"img":{"alt_text":"","src":"","width":0,"height":0},"classes":[]},{"id":19814,"url":"http:\/\/www.letourismeaparis.fr\/index.php\/2017\/05\/06\/19814-2\/","url_meta":{"origin":16784,"position":1},"title":"La Grande Braderie du Design","author":"Fabienne TM","date":"6 mai 2017","format":false,"excerpt":"AIDES lance la premi\u00e8re \u00e9dition de La Grande Braderie du Design : une vente exceptionnelle d\u2019objets de design, organis\u00e9e du 11 au 13 mai 2017 ! Philippe Starck nous fait l\u2019honneur de parrainer cet \u00e9v\u00e9nement, qui viendra cl\u00f4turer le Festival du Design D\u2019Days. \u00a0 \u00c0 DEMAIN\u2026DESIGN-ONLY.COM \u2022 AIRBORNE \u2022 AKONITE\u2026","rel":"","context":"Dans &quot;Bons Plans&quot;","block_context":{"text":"Bons Plans","link":"http:\/\/www.letourismeaparis.fr\/index.php\/category\/bon-plan\/"},"img":{"alt_text":"","src":"","width":0,"height":0},"classes":[]},{"id":16653,"url":"http:\/\/www.letourismeaparis.fr\/index.php\/2015\/05\/08\/the-mud-day-paris-8-9-et-10-mai-2015\/","url_meta":{"origin":16784,"position":2},"title":"THE MUD DAY PARIS  8, 9 ET 10 MAI 2015","author":"Fabienne TM","date":"8 mai 2015","format":false,"excerpt":"The Mud Day Paris sera encore sur le camp militaire de Frileuse. \u00a0Un nouveau parcours vous attend pour toujours plus d\u2019effort et de bonne humeur. Sur ce lieu unique, les Mud Guys seront plong\u00e9s dans un univers hors-du commun : carcasses de blind\u00e9s, stands de tir et barbel\u00e9s\u2026il y aura\u2026","rel":"","context":"Dans &quot;Non class\u00e9&quot;","block_context":{"text":"Non class\u00e9","link":"http:\/\/www.letourismeaparis.fr\/index.php\/category\/non-classe\/"},"img":{"alt_text":"","src":"","width":0,"height":0},"classes":[]},{"id":17064,"url":"http:\/\/www.letourismeaparis.fr\/index.php\/2015\/09\/08\/paris-design-week-jusquau-12-septembre\/","url_meta":{"origin":16784,"position":3},"title":"PARIS DESIGN WEEK jusqu&#039;au 12 septembre","author":"Fabienne TM","date":"8 septembre 2015","format":false,"excerpt":"Plus de 200 galeries, \u00e9coles de design, ateliers et studios de cr\u00e9ations\u00a0 pr\u00e9senteront le meilleur de la cr\u00e9ation contemporaine. Plusieurs parcours \u00a0sont propos\u00e9s : Quartier Saint-Germain Quartiers Marais, Bastille et Stalingrad Quartiers Champs-Elys\u00e9es, Op\u00e9ra Nouveaut\u00e9 : Docks - Cit\u00e9 de la Mode et du Design cette ann\u00e9e\u00a0aux Docks, Cit\u00e9 de\u2026","rel":"","context":"Dans &quot;Artisanat&quot;","block_context":{"text":"Artisanat","link":"http:\/\/www.letourismeaparis.fr\/index.php\/category\/culture\/musees-expositions\/artisanat\/"},"img":{"alt_text":"","src":"https:\/\/i0.wp.com\/www.letourismeaparis.fr\/wp-content\/uploads\/2015\/09\/138806-paris-design-week-2015-216x300.jpg?resize=350%2C200","width":350,"height":200},"classes":[]},{"id":16113,"url":"http:\/\/www.letourismeaparis.fr\/index.php\/2015\/02\/14\/18e-aux-sources-du-design-au-chateau-de-versailles-une-superbe-exposition-jusquau-22-fevrier-2015\/","url_meta":{"origin":16784,"position":4},"title":"XVIII \u00e9me, aux sources du design au ch\u00e2teau de Versailles , une superbe exposition , \u00e0 VOIR  jusqu&#039;au 22 f\u00e9vrier 2015","author":"Fabienne TM","date":"14 f\u00e9vrier 2015","format":false,"excerpt":"\u00a0 18E SI\u00c8CLE DESIGN Du 28 octobre 2014 au 22 f\u00e9vrier 2015, le ch\u00e2teau de Versailles accueille l\u2019exposition \u00ab 18e, aux sources du design, chefs-d\u2019\u0153uvre du mobilier 1650 \u00e0 1790 \u00bb dans les salles d'Afrique et de Crim\u00e9e. La conception du design Introduit dans la th\u00e9orie de l'art en 1712\u2026","rel":"","context":"Dans &quot;Mus\u00e9es \/ Expositions&quot;","block_context":{"text":"Mus\u00e9es \/ Expositions","link":"http:\/\/www.letourismeaparis.fr\/index.php\/category\/culture\/musees-expositions\/"},"img":{"alt_text":"","src":"","width":0,"height":0},"classes":[]},{"id":16580,"url":"http:\/\/www.letourismeaparis.fr\/index.php\/2015\/04\/28\/conference-gratuite-sur-le-design-contemporain-jeudi-30-avril\/","url_meta":{"origin":16784,"position":5},"title":"Conf\u00e9rence  gratuite sur le Design contemporain jeudi 30 avril","author":"Fabienne TM","date":"28 avril 2015","format":false,"excerpt":"La Mairie du 9e,\u00a0en partenariat avec Drouot formation,proposera une conf\u00e9rence gratuite\u00a0sur le \"Design contemporain\" le jeudi 30 avril de 19h00 \u00e0 20h30. Elle s\u2019inscrit dans le cadre du cycle \u00ab l\u2019Art en Conf\u00e9rences \u00bb organis\u00e9\u00a0tous les derniers jeudis du mois,\u00a0de 19h00 \u00e0 20h30\u00a0jusqu'en\u00a0juin 2015. Des experts seront pr\u00e9sents, pour une\u2026","rel":"","context":"Dans &quot;Non class\u00e9&quot;","block_context":{"text":"Non class\u00e9","link":"http:\/\/www.letourismeaparis.fr\/index.php\/category\/non-classe\/"},"img":{"alt_text":"","src":"https:\/\/i0.wp.com\/www.letourismeaparis.fr\/wp-content\/uploads\/2015\/04\/iD-212x300.png?resize=350%2C200","width":350,"height":200},"classes":[]}],"jetpack_sharing_enabled":true,"jetpack_likes_enabled":true,"_links":{"self":[{"href":"http:\/\/www.letourismeaparis.fr\/index.php\/wp-json\/wp\/v2\/posts\/16784","targetHints":{"allow":["GET"]}}],"collection":[{"href":"http:\/\/www.letourismeaparis.fr\/index.php\/wp-json\/wp\/v2\/posts"}],"about":[{"href":"http:\/\/www.letourismeaparis.fr\/index.php\/wp-json\/wp\/v2\/types\/post"}],"author":[{"embeddable":true,"href":"http:\/\/www.letourismeaparis.fr\/index.php\/wp-json\/wp\/v2\/users\/2"}],"replies":[{"embeddable":true,"href":"http:\/\/www.letourismeaparis.fr\/index.php\/wp-json\/wp\/v2\/comments?post=16784"}],"version-history":[{"count":0,"href":"http:\/\/www.letourismeaparis.fr\/index.php\/wp-json\/wp\/v2\/posts\/16784\/revisions"}],"wp:attachment":[{"href":"http:\/\/www.letourismeaparis.fr\/index.php\/wp-json\/wp\/v2\/media?parent=16784"}],"wp:term":[{"taxonomy":"category","embeddable":true,"href":"http:\/\/www.letourismeaparis.fr\/index.php\/wp-json\/wp\/v2\/categories?post=16784"},{"taxonomy":"post_tag","embeddable":true,"href":"http:\/\/www.letourismeaparis.fr\/index.php\/wp-json\/wp\/v2\/tags?post=16784"}],"curies":[{"name":"wp","href":"https:\/\/api.w.org\/{rel}","templated":true}]}}