{"id":16787,"date":"2015-06-03T20:53:40","date_gmt":"2015-06-03T20:53:40","guid":{"rendered":"http:\/\/www.letourismeaparis.fr\/?p=16787"},"modified":"2015-06-03T20:53:40","modified_gmt":"2015-06-03T20:53:40","slug":"jusquau-14-juin-2015-9-parcs-des-hauts-de-seine-participent-a-loperation-parcs-courons","status":"publish","type":"post","link":"http:\/\/www.letourismeaparis.fr\/index.php\/2015\/06\/03\/jusquau-14-juin-2015-9-parcs-des-hauts-de-seine-participent-a-loperation-parcs-courons\/","title":{"rendered":"Jusqu\u2019au 14 Juin 2015, 9 parcs  des Hauts-de-Seine participent \u00e0 l&#039;op\u00e9ration &quot;Parcs courons \u00ab"},"content":{"rendered":"<p>Vous souhaitez<strong>\u00a0<\/strong> b\u00e9n\u00e9ficier des conseils d&rsquo;un professionnel ?\u00a0<strong>Dans les Hauts-de-Seine<\/strong>, des \u00e9ducateurs sportifs vous attendent\u00a0<strong>les samedis et dimanches matin<\/strong>\u00a0<strong>.D<\/strong>es professionnels,indiquent les\u00a0<strong>gestes \u00e0 acqu\u00e9rir pour les \u00e9tirements<\/strong>\u00a0et les assouplissements<strong>.<\/strong><a href=\"http:\/\/www.letourismeaparis.fr\/wp-content\/uploads\/2015\/06\/117009-parcs-courons-hauts-de-seine.jpg\"><img loading=\"lazy\" decoding=\"async\" class=\"aligncenter size-full wp-image-16788\" src=\"http:\/\/www.letourismeaparis.fr\/wp-content\/uploads\/2015\/06\/117009-parcs-courons-hauts-de-seine.jpg\" alt=\"117009-parcs-courons-hauts-de-seine\" width=\"297\" height=\"170\" \/><\/a><br \/>\n.<br \/>\nListe des parcs participants \u00e0 l&rsquo;op\u00e9ration Parcs Courons :<!--more--><\/p>\n<ul>\n<li><strong>Colombes :<\/strong>\u00a0parc Pierre Lagrav\u00e8re, pont de l&rsquo;Aqueduc. Rendez-vous au parking principal.<\/li>\n<li><strong>Issy-les-Moulineaux :<\/strong>\u00a0parc de l&rsquo;\u00eele Saint-Germain, 170, quai de Stalingrad. Rendez-vous pr\u00e8s de la Halle\u00a0<strong>(\u00e9galement le dimanche matin).<\/strong><\/li>\n<li><strong>Le Plessis-Robinson :<\/strong>\u00a0parc Henri Sellier, rue de l&rsquo;\u00c9tang de l&rsquo;\u00c9coute s\u2019il pleut. Rendez-vous pr\u00e8s du poste de garde.<\/li>\n<li><strong>Marnes-la-Coquette :<\/strong>\u00a0Haras de Jardy, boulevard de Jardy. Rendez-vous par l\u2019acc\u00e8s centre \u00e9questre, au 1<sup>er<\/sup>\u00a0rond-point (parking tennis)<\/li>\n<li><strong>Nanterre :<\/strong>\u00a0parc Andr\u00e9 Malraux, rue Edmond Dubuis. Rendez-vous pr\u00e8s du poste de garde.<\/li>\n<li><strong>Sceaux\u00a0:\u00a0<\/strong>Domaine d\u00e9partemental de Sceaux- RV Esplanade du Ch\u00e2teau, \u00e0<strong>\u00a0<\/strong>gauche de l\u2019Orangerie \u00a0<strong>(\u00e9galement le dimanche matin).<\/strong><\/li>\n<li><strong>S\u00e8vres: parc nautique d\u00e9partemental de l&rsquo;Ile de Monsieur<\/strong>. Rendez-vous pr\u00e8s du ponton<\/li>\n<li><strong>Suresnes \/ Rueil-Malmaison\u00a0:<\/strong>\u00a0Promenade Jacques Baumel : RV place de l\u2019Abb\u00e9 Stock\u00a0<strong>(\u00e9galement le dimanche matin)<\/strong><\/li>\n<li><strong>Villeneuve-la-Garenne \/ Gennevilliers<\/strong><em>\u00a0<\/em>Parc d\u00e9partemental des Chanteraines<strong>:\u00a0<\/strong>pelouse de Hautes-Bornes, pr\u00e8s du poste de garde<\/li>\n<\/ul>\n<p><!--more--><br \/>\n<a href=\"http:\/\/www.hauts-de-seine.net\/sports-loisirs\/spoorts\/mles%20manifestations-a-lannee\/parcourons-hds\">http:\/\/www.hauts-de-seine.net\/sports-loisirs\/spoorts\/mles manifestations-a-lannee\/parcourons-hds<\/a><br \/>\n<em>Tous les samedis (et dimanches) de 10h \u00e0 12h<\/em><\/p>\n","protected":false},"excerpt":{"rendered":"<p>Vous souhaitez\u00a0 b\u00e9n\u00e9ficier des conseils d&rsquo;un professionnel ?\u00a0Dans les Hauts-de-Seine, des \u00e9ducateurs sportifs vous attendent\u00a0les samedis et dimanches matin\u00a0.Des professionnels,indiquent les\u00a0gestes \u00e0 acqu\u00e9rir pour les \u00e9tirements\u00a0et les assouplissements. . Liste des parcs participants \u00e0 l&rsquo;op\u00e9ration Parcs Courons :<\/p>\n","protected":false},"author":2,"featured_media":0,"comment_status":"open","ping_status":"open","sticky":false,"template":"","format":"standard","meta":{"ngg_post_thumbnail":0,"jetpack_post_was_ever_published":false,"_jetpack_newsletter_access":"","footnotes":""},"categories":[28,48],"tags":[],"class_list":["post-16787","post","type-post","status-publish","format-standard","hentry","category-familles","category-sport"],"jetpack_featured_media_url":"","jetpack-related-posts":[{"id":16793,"url":"http:\/\/www.letourismeaparis.fr\/index.php\/2015\/06\/03\/courez-dans-les-parcs-des-huts-de-seine\/","url_meta":{"origin":16787,"position":0},"title":"Courez dans les parcs des Hauts de Seine !","author":"Fabienne TM","date":"3 juin 2015","format":false,"excerpt":"Jusqu\u2019au 14 Juin 2015, 9 parcs\u00a0\u00bb Parcs courons \u00ab\u00a0 des Hauts-de-Seine participent \u00e0 l'op\u00e9ration Parcs courons \u00ab\u00a0! Vous souhaitez\u00a0 b\u00e9n\u00e9ficier des conseils d'un professionnel ?\u00a0Dans les Hauts-de-Seine, des \u00e9ducateurs sportifs vous attendent\u00a0les samedis et dimanches matin\u00a0. des professionnels,indiquent les\u00a0gestes \u00e0 acqu\u00e9rir pour les \u00e9tirements\u00a0et les assouplissements. . Liste des parcs\u2026","rel":"","context":"Dans &quot;Non class\u00e9&quot;","block_context":{"text":"Non class\u00e9","link":"http:\/\/www.letourismeaparis.fr\/index.php\/category\/non-classe\/"},"img":{"alt_text":"","src":"","width":0,"height":0},"classes":[]},{"id":24730,"url":"http:\/\/www.letourismeaparis.fr\/index.php\/2022\/05\/30\/rendez-vous-aux-jardins-du-3-au-5-juin\/","url_meta":{"origin":16787,"position":1},"title":"Rendez-vous aux jardins du 3 au 5 juin","author":"Fabienne TM","date":"30 mai 2022","format":false,"excerpt":"Rendez-vous aux jardins du 3 au 5 juin Pour cette 19e \u00e9dition qui aura lieu les vendredi 3, samedi 4 et dimanche 5 juin 2022, le minist\u00e8re de la Culture vous donne Rendez-vous aux jardins pour explorer un th\u00e8me au c\u0153ur des enjeux environnementaux \u00ab Les jardins face au changement\u2026","rel":"","context":"Dans &quot;Jardins \/ Plein air&quot;","block_context":{"text":"Jardins \/ Plein air","link":"http:\/\/www.letourismeaparis.fr\/index.php\/category\/jardins\/"},"img":{"alt_text":"","src":"https:\/\/i0.wp.com\/www.letourismeaparis.fr\/wp-content\/uploads\/2022\/05\/Capture-d%E2%80%99e%CC%81cran-2022-05-30-a%CC%80-19.14.50.png?resize=350%2C200","width":350,"height":200},"classes":[]},{"id":24501,"url":"http:\/\/www.letourismeaparis.fr\/index.php\/2021\/12\/02\/grande-vente-de-noel-samedi-18-et-dimanche-19-decembre-au-profit-des-enfants-cardiaques\/","url_meta":{"origin":16787,"position":2},"title":"GRANDE VENTE DE NO\u00cbL SAMEDI 18 ET DIMANCHE 19 D\u00c9CEMBRE  AU PROFIT DES ENFANTS CARDIAQUES","author":"Fabienne TM","date":"2 d\u00e9cembre 2021","format":false,"excerpt":"PARC FLORAL, PARIS - DES GRANDES MARQUES PROPOS\u00c9ES JUSQU'\u00c0 -70% 100% AU PROFIT DES ENFANTS CARDIAQUES Pour f\u00eater les 3 700 enfants op\u00e9r\u00e9s depuis 1996, M\u00e9c\u00e9nat Chirurgie Cardiaque organise, les 18 et 19 d\u00e9cembre, la plus Grande Vente de No\u00ebl au Parc Floral de Paris. Longchamp, Figaret, Maje, Clarins, Ladur\u00e9e,\u2026","rel":"","context":"Dans &quot;Bons Plans&quot;","block_context":{"text":"Bons Plans","link":"http:\/\/www.letourismeaparis.fr\/index.php\/category\/bon-plan\/"},"img":{"alt_text":"","src":"","width":0,"height":0},"classes":[]},{"id":18308,"url":"http:\/\/www.letourismeaparis.fr\/index.php\/2016\/06\/01\/pique-nique-impressionniste-animations-gratuites-dimanche-5-juin-a-partir-de-12h-au-domaine-de-sceaux\/","url_meta":{"origin":16787,"position":3},"title":"PIQUE-NIQUE IMPRESSIONNISTE &amp; ANIMATIONS GRATUITES    Dimanche 5 juin \u00e0 partir de 12h au Domaine de Sceaux","author":"Fabienne TM","date":"1 juin 2016","format":false,"excerpt":"\u00a0 Le D\u00e9partement des Hauts-de-Seine invite le public, petits et grands, \u00e0 un pique-nique\u00a0\u00ab\u00a0d\u00e9jeuner sur l'herbe\u00a0\u00bb comme au temps des impressionnistes. Au programme\u00a0: flonflons et chansons de la Belle \u00c9poque, orgue de Barbarie, puis, d\u00e8s 14h animations gratuites pour toute la famille avec ees jeux d'autrefois, atelier peinture, photographe 1900,\u2026","rel":"","context":"Dans &quot;Familles&quot;","block_context":{"text":"Familles","link":"http:\/\/www.letourismeaparis.fr\/index.php\/category\/familles\/"},"img":{"alt_text":"","src":"https:\/\/i0.wp.com\/www.letourismeaparis.fr\/wp-content\/uploads\/2016\/05\/pique-nique-impressioniste.png?resize=350%2C200","width":350,"height":200},"classes":[]},{"id":347,"url":"http:\/\/www.letourismeaparis.fr\/index.php\/2008\/09\/19\/balade-sur-la-seine-et-le-canal-saint-martin-pendant-les-journees-du-patrimoine\/","url_meta":{"origin":16787,"position":4},"title":"Balade sur la Seine et le canal Saint Martin pendant les journ\u00e9es du patrimoine","author":"Fabienne TM","date":"19 septembre 2008","format":false,"excerpt":"Les d\u00e9parts ont lieu l'apr\u00e8s-midi au Parc de la Villette (arriv\u00e9e au mus\u00e9e d'Orsay) ; le matin au mus\u00e9e d'Orsay (arriv\u00e9e Parc de la Villette).Parcours comment\u00e9 Croisi\u00e8re de 2h30 sur le Canal Saint-Martin et la Seine. Horaires : sam-dim 14h30 (arriv\u00e9e au mus\u00e9e d'Orsay \u00e0 17h) pour les Journ\u00e9es du\u2026","rel":"","context":"Dans &quot;Non class\u00e9&quot;","block_context":{"text":"Non class\u00e9","link":"http:\/\/www.letourismeaparis.fr\/index.php\/category\/non-classe\/"},"img":{"alt_text":"","src":"","width":0,"height":0},"classes":[]},{"id":10821,"url":"http:\/\/www.letourismeaparis.fr\/index.php\/2011\/07\/11\/les-festivites-des-13-et-14-juillet-dans-les-hauts-de-seine-feux-dartifice-bals-boulogne-levallois\/","url_meta":{"origin":16787,"position":5},"title":"Les festivit\u00e9s des 13 et 14 juillet dans les Hauts de Seine : feux d&#039;artifice, bals &#8230;..Boulogne, Levallois&#8230;.","author":"Fabienne TM","date":"11 juillet 2011","format":false,"excerpt":"Boulogne Billancourt C\u2019est le parc de Billancourt, agrandi jusqu\u2019\u00e0 la rue \u00c9mile-Zola, qui accueillera la f\u00eate nationale le 13 juillet au soir. Tir\u00e9 \u00e0 23h, le spectacle pyrotechnique son et lumi\u00e8re sera pr\u00e9c\u00e9d\u00e9 (21h) et suivi par une animation musicale avec DJ jusqu\u2019\u00e0 0h30. Des Navettes toutes les 30 minutes,\u2026","rel":"","context":"Dans &quot;Non class\u00e9&quot;","block_context":{"text":"Non class\u00e9","link":"http:\/\/www.letourismeaparis.fr\/index.php\/category\/non-classe\/"},"img":{"alt_text":"","src":"","width":0,"height":0},"classes":[]}],"jetpack_sharing_enabled":true,"jetpack_likes_enabled":true,"_links":{"self":[{"href":"http:\/\/www.letourismeaparis.fr\/index.php\/wp-json\/wp\/v2\/posts\/16787","targetHints":{"allow":["GET"]}}],"collection":[{"href":"http:\/\/www.letourismeaparis.fr\/index.php\/wp-json\/wp\/v2\/posts"}],"about":[{"href":"http:\/\/www.letourismeaparis.fr\/index.php\/wp-json\/wp\/v2\/types\/post"}],"author":[{"embeddable":true,"href":"http:\/\/www.letourismeaparis.fr\/index.php\/wp-json\/wp\/v2\/users\/2"}],"replies":[{"embeddable":true,"href":"http:\/\/www.letourismeaparis.fr\/index.php\/wp-json\/wp\/v2\/comments?post=16787"}],"version-history":[{"count":0,"href":"http:\/\/www.letourismeaparis.fr\/index.php\/wp-json\/wp\/v2\/posts\/16787\/revisions"}],"wp:attachment":[{"href":"http:\/\/www.letourismeaparis.fr\/index.php\/wp-json\/wp\/v2\/media?parent=16787"}],"wp:term":[{"taxonomy":"category","embeddable":true,"href":"http:\/\/www.letourismeaparis.fr\/index.php\/wp-json\/wp\/v2\/categories?post=16787"},{"taxonomy":"post_tag","embeddable":true,"href":"http:\/\/www.letourismeaparis.fr\/index.php\/wp-json\/wp\/v2\/tags?post=16787"}],"curies":[{"name":"wp","href":"https:\/\/api.w.org\/{rel}","templated":true}]}}