{"id":16793,"date":"2015-06-03T20:59:02","date_gmt":"2015-06-03T20:59:02","guid":{"rendered":"http:\/\/www.letourismeaparis.fr\/?p=16793"},"modified":"2015-06-03T20:59:02","modified_gmt":"2015-06-03T20:59:02","slug":"courez-dans-les-parcs-des-huts-de-seine","status":"publish","type":"post","link":"http:\/\/www.letourismeaparis.fr\/index.php\/2015\/06\/03\/courez-dans-les-parcs-des-huts-de-seine\/","title":{"rendered":"Courez dans les parcs des Hauts de Seine !"},"content":{"rendered":"<p><strong> Jusqu\u2019au 14 Juin 2015, 9 parcs\u00a0\u00bb Parcs courons \u00ab\u00a0 des Hauts-de-Seine participent \u00e0 l&rsquo;op\u00e9ration Parcs courons \u00ab\u00a0!<\/strong><br \/>\nVous souhaitez<strong>\u00a0<\/strong> b\u00e9n\u00e9ficier des conseils d&rsquo;un professionnel ?\u00a0<strong>Dans les Hauts-de-Seine<\/strong>, des \u00e9ducateurs sportifs vous attendent\u00a0<strong>les samedis et dimanches matin<\/strong>\u00a0<strong>.<a href=\"http:\/\/www.letourismeaparis.fr\/wp-content\/uploads\/2015\/06\/117009-parcs-courons-hauts-de-seine.jpg\"><img loading=\"lazy\" decoding=\"async\" class=\"aligncenter size-full wp-image-16788\" src=\"http:\/\/www.letourismeaparis.fr\/wp-content\/uploads\/2015\/06\/117009-parcs-courons-hauts-de-seine.jpg\" alt=\"117009-parcs-courons-hauts-de-seine\" width=\"297\" height=\"170\" \/><\/a><\/strong><br \/>\n<!--more-->des professionnels,indiquent les\u00a0<strong>gestes \u00e0 acqu\u00e9rir pour les \u00e9tirements<\/strong>\u00a0et les assouplissements<strong>. <\/strong><br \/>\n.<br \/>\nListe des parcs participants \u00e0 l&rsquo;op\u00e9ration Parcs Courons :<\/p>\n<ul>\n<li><strong>Colombes :<\/strong>\u00a0parc Pierre Lagrav\u00e8re, pont de l&rsquo;Aqueduc. Rendez-vous au parking principal.<\/li>\n<li><strong>Issy-les-Moulineaux :<\/strong>\u00a0parc de l&rsquo;\u00eele Saint-Germain, 170, quai de Stalingrad. Rendez-vous pr\u00e8s de la Halle\u00a0<strong>(\u00e9galement le dimanche matin).<\/strong><\/li>\n<li><strong>Le Plessis-Robinson :<\/strong>\u00a0parc Henri Sellier, rue de l&rsquo;\u00c9tang de l&rsquo;\u00c9coute s\u2019il pleut. Rendez-vous pr\u00e8s du poste de garde.<\/li>\n<li><strong>Marnes-la-Coquette :<\/strong>\u00a0Haras de Jardy, boulevard de Jardy. Rendez-vous par l\u2019acc\u00e8s centre \u00e9questre, au 1<sup>er<\/sup>\u00a0rond-point (parking tennis)<\/li>\n<li><strong>Nanterre :<\/strong>\u00a0parc Andr\u00e9 Malraux, rue Edmond Dubuis. Rendez-vous pr\u00e8s du poste de garde.<\/li>\n<li><strong>Sceaux\u00a0:\u00a0<\/strong>Domaine d\u00e9partemental de Sceaux- RV Esplanade du Ch\u00e2teau, \u00e0<strong>\u00a0<\/strong>gauche de l\u2019Orangerie \u00a0<strong>(\u00e9galement le dimanche matin).<\/strong><\/li>\n<li><strong>S\u00e8vres: parc nautique d\u00e9partemental de l&rsquo;Ile de Monsieur<\/strong>. Rendez-vous pr\u00e8s du ponton<\/li>\n<li><strong>Suresnes \/ Rueil-Malmaison\u00a0:<\/strong>\u00a0Promenade Jacques Baumel : RV place de l\u2019Abb\u00e9 Stock\u00a0<strong>(\u00e9galement le dimanche matin)<\/strong><\/li>\n<li><strong>Villeneuve-la-Garenne \/ Gennevilliers<\/strong><em>\u00a0<\/em>Parc d\u00e9partemental des Chanteraines<strong>:\u00a0<\/strong>pelouse de Hautes-Bornes, pr\u00e8s du poste de garde<\/li>\n<\/ul>\n<p><!--more--><br \/>\n<a href=\"http:\/\/www.hauts-de-seine.net\/\">http:\/\/www.hauts-de-seine.net\/<\/a><br \/>\n<em>Tous les samedis (et dimanches) de 10h \u00e0 12h<\/em><\/p>\n","protected":false},"excerpt":{"rendered":"<p>Jusqu\u2019au 14 Juin 2015, 9 parcs\u00a0\u00bb Parcs courons \u00ab\u00a0 des Hauts-de-Seine participent \u00e0 l&rsquo;op\u00e9ration Parcs courons \u00ab\u00a0! Vous souhaitez\u00a0 b\u00e9n\u00e9ficier des conseils d&rsquo;un professionnel ?\u00a0Dans les Hauts-de-Seine, des \u00e9ducateurs sportifs vous attendent\u00a0les samedis et dimanches matin\u00a0.<\/p>\n","protected":false},"author":2,"featured_media":0,"comment_status":"open","ping_status":"open","sticky":false,"template":"","format":"standard","meta":{"ngg_post_thumbnail":0,"jetpack_post_was_ever_published":false,"_jetpack_newsletter_access":"","footnotes":""},"categories":[1],"tags":[],"class_list":["post-16793","post","type-post","status-publish","format-standard","hentry","category-non-classe"],"jetpack_featured_media_url":"","jetpack-related-posts":[{"id":16787,"url":"http:\/\/www.letourismeaparis.fr\/index.php\/2015\/06\/03\/jusquau-14-juin-2015-9-parcs-des-hauts-de-seine-participent-a-loperation-parcs-courons\/","url_meta":{"origin":16793,"position":0},"title":"Jusqu\u2019au 14 Juin 2015, 9 parcs  des Hauts-de-Seine participent \u00e0 l&#039;op\u00e9ration &quot;Parcs courons \u00ab","author":"Fabienne TM","date":"3 juin 2015","format":false,"excerpt":"Vous souhaitez\u00a0 b\u00e9n\u00e9ficier des conseils d'un professionnel ?\u00a0Dans les Hauts-de-Seine, des \u00e9ducateurs sportifs vous attendent\u00a0les samedis et dimanches matin\u00a0.Des professionnels,indiquent les\u00a0gestes \u00e0 acqu\u00e9rir pour les \u00e9tirements\u00a0et les assouplissements. . Liste des parcs participants \u00e0 l'op\u00e9ration Parcs Courons : Colombes :\u00a0parc Pierre Lagrav\u00e8re, pont de l'Aqueduc. Rendez-vous au parking principal. Issy-les-Moulineaux\u2026","rel":"","context":"Dans &quot;Familles&quot;","block_context":{"text":"Familles","link":"http:\/\/www.letourismeaparis.fr\/index.php\/category\/familles\/"},"img":{"alt_text":"","src":"","width":0,"height":0},"classes":[]},{"id":19896,"url":"http:\/\/www.letourismeaparis.fr\/index.php\/2017\/05\/25\/fete-en-seine-plus-de-150-animations-sur-500-km-pour-faire-vivre-la-seine-les-23-24-et-25-juin-2017\/","url_meta":{"origin":16793,"position":1},"title":"\u00ab FETE EN SEINE \u00bb  Plus de 150 animations sur 500 km pour faire vivre la Seine  Les 23, 24 et 25 juin 2017","author":"Fabienne TM","date":"25 mai 2017","format":false,"excerpt":"\u00a0 Un grand \u00e9v\u00e9nement festif sur 500 km, des portes de Paris jusqu'au littoral normand. Plus de 150 animations culturelles, sportives, familiales, seront propos\u00e9es sur 500 km. Parmi les temps forts : - Vendredi 23 juin - Lancement officiel de \u00ab F\u00eate en Seine \u00bb en pr\u00e9sence des Pr\u00e9sidents des\u2026","rel":"","context":"Dans &quot;Non class\u00e9&quot;","block_context":{"text":"Non class\u00e9","link":"http:\/\/www.letourismeaparis.fr\/index.php\/category\/non-classe\/"},"img":{"alt_text":"","src":"https:\/\/i0.wp.com\/www.letourismeaparis.fr\/wp-content\/uploads\/2017\/05\/Capture-d%C3%A2%C2%80%C2%99e%C3%8C%C2%81cran-2017-05-23-a%C3%8C%C2%80-16.29.37.png?resize=350%2C200","width":350,"height":200},"classes":[]},{"id":347,"url":"http:\/\/www.letourismeaparis.fr\/index.php\/2008\/09\/19\/balade-sur-la-seine-et-le-canal-saint-martin-pendant-les-journees-du-patrimoine\/","url_meta":{"origin":16793,"position":2},"title":"Balade sur la Seine et le canal Saint Martin pendant les journ\u00e9es du patrimoine","author":"Fabienne TM","date":"19 septembre 2008","format":false,"excerpt":"Les d\u00e9parts ont lieu l'apr\u00e8s-midi au Parc de la Villette (arriv\u00e9e au mus\u00e9e d'Orsay) ; le matin au mus\u00e9e d'Orsay (arriv\u00e9e Parc de la Villette).Parcours comment\u00e9 Croisi\u00e8re de 2h30 sur le Canal Saint-Martin et la Seine. Horaires : sam-dim 14h30 (arriv\u00e9e au mus\u00e9e d'Orsay \u00e0 17h) pour les Journ\u00e9es du\u2026","rel":"","context":"Dans &quot;Non class\u00e9&quot;","block_context":{"text":"Non class\u00e9","link":"http:\/\/www.letourismeaparis.fr\/index.php\/category\/non-classe\/"},"img":{"alt_text":"","src":"","width":0,"height":0},"classes":[]},{"id":17834,"url":"http:\/\/www.letourismeaparis.fr\/index.php\/2017\/01\/14\/des-joyaux-de-la-couronne-exposes-au-musee-de-mineralogie\/","url_meta":{"origin":16793,"position":3},"title":"Des&quot; joyaux de la Couronne&quot; expos\u00e9s au mus\u00e9e de min\u00e9ralogie","author":"Fabienne TM","date":"14 janvier 2017","format":false,"excerpt":"Le Mus\u00e9e de Min\u00e9ralogie MINES ParisTech propose au grand public trois nouvelles vitrines consacr\u00e9es \u00e0 des pierres taill\u00e9es provenant des Joyaux de la Couronne de France. Cette exposition permanente, r\u00e9alis\u00e9e avec le soutien de la Maison Riondet, permettra de d\u00e9couvrir des topazes roses et des am\u00e9thystes extraites de parures de\u2026","rel":"","context":"Dans &quot;Mus\u00e9es \/ Expositions&quot;","block_context":{"text":"Mus\u00e9es \/ Expositions","link":"http:\/\/www.letourismeaparis.fr\/index.php\/category\/culture\/musees-expositions\/"},"img":{"alt_text":"","src":"","width":0,"height":0},"classes":[]},{"id":24730,"url":"http:\/\/www.letourismeaparis.fr\/index.php\/2022\/05\/30\/rendez-vous-aux-jardins-du-3-au-5-juin\/","url_meta":{"origin":16793,"position":4},"title":"Rendez-vous aux jardins du 3 au 5 juin","author":"Fabienne TM","date":"30 mai 2022","format":false,"excerpt":"Rendez-vous aux jardins du 3 au 5 juin Pour cette 19e \u00e9dition qui aura lieu les vendredi 3, samedi 4 et dimanche 5 juin 2022, le minist\u00e8re de la Culture vous donne Rendez-vous aux jardins pour explorer un th\u00e8me au c\u0153ur des enjeux environnementaux \u00ab Les jardins face au changement\u2026","rel":"","context":"Dans &quot;Jardins \/ Plein air&quot;","block_context":{"text":"Jardins \/ Plein air","link":"http:\/\/www.letourismeaparis.fr\/index.php\/category\/jardins\/"},"img":{"alt_text":"","src":"https:\/\/i0.wp.com\/www.letourismeaparis.fr\/wp-content\/uploads\/2022\/05\/Capture-d%E2%80%99e%CC%81cran-2022-05-30-a%CC%80-19.14.50.png?resize=350%2C200","width":350,"height":200},"classes":[]},{"id":14907,"url":"http:\/\/www.letourismeaparis.fr\/index.php\/2014\/04\/09\/des-commemorations-pour-la-campagne-de-france-reims-troyes-fontainebleau-brienne-braye-sur-seine-montmirailchatillonsur-sein-bar-sur-seine\/","url_meta":{"origin":16793,"position":5},"title":"Napol\u00e9on, des c\u00e9l\u00e9brations  vari\u00e9es pour la campagne de France ( Reims, Troyes, Fontainebleau, Brienne, Braye sur Seine, Montmirail, Chatillon sur Seine, Bar sur Seine","author":"Fabienne TM","date":"9 avril 2014","format":false,"excerpt":"\u00e0 Reims :\u00a0 Concert du bicentenaire de la bataille de Reims \u00e0 l\u2019Op\u00e9ra le 12 avril \u00e0 20h30, par l\u2019Orchestre d\u2019harmonie du 3e canton de Reims. Salon du livre sur la R\u00e9volution et l\u2019Empire Op\u00e9ra, 13 rue Chanzy\u00a0A 20h\u00a0Entr\u00e9e gratuite\u00a0\u00a0www.operadereims.com Jean-Louis-Ernest MEISSONIER \u00a9 Photo RMN-Grand Palais - H. Lewandowski \u00a013\u2026","rel":"","context":"Dans &quot;Familles&quot;","block_context":{"text":"Familles","link":"http:\/\/www.letourismeaparis.fr\/index.php\/category\/familles\/"},"img":{"alt_text":"","src":"","width":0,"height":0},"classes":[]}],"jetpack_sharing_enabled":true,"jetpack_likes_enabled":true,"_links":{"self":[{"href":"http:\/\/www.letourismeaparis.fr\/index.php\/wp-json\/wp\/v2\/posts\/16793","targetHints":{"allow":["GET"]}}],"collection":[{"href":"http:\/\/www.letourismeaparis.fr\/index.php\/wp-json\/wp\/v2\/posts"}],"about":[{"href":"http:\/\/www.letourismeaparis.fr\/index.php\/wp-json\/wp\/v2\/types\/post"}],"author":[{"embeddable":true,"href":"http:\/\/www.letourismeaparis.fr\/index.php\/wp-json\/wp\/v2\/users\/2"}],"replies":[{"embeddable":true,"href":"http:\/\/www.letourismeaparis.fr\/index.php\/wp-json\/wp\/v2\/comments?post=16793"}],"version-history":[{"count":0,"href":"http:\/\/www.letourismeaparis.fr\/index.php\/wp-json\/wp\/v2\/posts\/16793\/revisions"}],"wp:attachment":[{"href":"http:\/\/www.letourismeaparis.fr\/index.php\/wp-json\/wp\/v2\/media?parent=16793"}],"wp:term":[{"taxonomy":"category","embeddable":true,"href":"http:\/\/www.letourismeaparis.fr\/index.php\/wp-json\/wp\/v2\/categories?post=16793"},{"taxonomy":"post_tag","embeddable":true,"href":"http:\/\/www.letourismeaparis.fr\/index.php\/wp-json\/wp\/v2\/tags?post=16793"}],"curies":[{"name":"wp","href":"https:\/\/api.w.org\/{rel}","templated":true}]}}