{"id":16796,"date":"2015-06-05T21:05:31","date_gmt":"2015-06-05T21:05:31","guid":{"rendered":"http:\/\/www.letourismeaparis.fr\/?p=16796"},"modified":"2015-06-05T21:05:31","modified_gmt":"2015-06-05T21:05:31","slug":"fete-du-velo-les-6-et-7-juin-2015paris","status":"publish","type":"post","link":"http:\/\/www.letourismeaparis.fr\/index.php\/2015\/06\/05\/fete-du-velo-les-6-et-7-juin-2015paris\/","title":{"rendered":"F\u00eate du v\u00e9lo les 6 et 7 juin 2015PARIS"},"content":{"rendered":"<p><strong>F\u00eate du v\u00e9lo les 6 et 7 juin 2015PARIS<\/strong><br \/>\n<strong>&#8211;\u00a0<\/strong><strong>Convergence Francilienne<\/strong><br \/>\n<a href=\"http:\/\/www.feteduvelo.fr\/article-evenement-Convergence-Francilienne-39.html\">La Convergence Francilienne est une balade v\u00e9lo gratuite et familiale, au d\u00e9part de plus 150 villes franciliennes. Les cort\u00e8ges\u00a0<\/a><br \/>\n<strong>PARIS &#8211;\u00a0<\/strong><strong>P\u00e9daler \u00e0 la su\u00e9doise<a href=\"http:\/\/www.letourismeaparis.fr\/wp-content\/uploads\/2015\/06\/131844-la-fete-du-velo-2015-a-paris-2.jpg\"><img loading=\"lazy\" decoding=\"async\" class=\"aligncenter size-medium wp-image-16797\" src=\"http:\/\/www.letourismeaparis.fr\/wp-content\/uploads\/2015\/06\/131844-la-fete-du-velo-2015-a-paris-2-211x300.jpg\" alt=\"131844-la-fete-du-velo-2015-a-paris-2\" width=\"211\" height=\"300\" \/><\/a><\/strong><br \/>\n<a href=\"http:\/\/www.feteduvelo.fr\/article-evenement-Pedaler-a-la-suedoise-123.html\">L\u2019ambassade souhaite promouvoir l\u2019usage du v\u00e9lo et sensibiliser les enfants en milieu urbain \u00e0 la s\u00e9curit\u00e9 routi\u00e8re. En profitant\u00a0<\/a><br \/>\n<strong>PARIS &#8211;\u00a0<\/strong><strong>Le jour o\u00f9 la roue changea votre vie<\/strong><!--more--><br \/>\n<a href=\"http:\/\/www.feteduvelo.fr\/article-evenement-Le-jour-ou-la-roue-changea-votre-vie-161.html\">Venez \u00e0 Neovelo pour d\u00e9couvrir notre collection de v\u00e9los classiques, v\u00e9los \u00e0 assistance \u00e9lectrique, triporteur \u00e0 assistance &#8230;<\/a><br \/>\n<strong>PARIS &#8211;\u00a0<\/strong><strong>Sortie cycliste 100% femmes avec le Paris Women Cycling Club<\/strong><br \/>\n<a href=\"http:\/\/www.feteduvelo.fr\/article-evenement-Sortie-cycliste-100andpercnt--femmes-avec-le-Paris-Women-Cycling-Club-193.html\">Le Paris Women Cycling Club est comme son nom l\u2019indique un club de v\u00e9lo sportif. Un cyclisme diff\u00e9rent, qui met les femmes &#8230;<\/a><br \/>\n<strong>PARIS &#8211;\u00a0<\/strong><strong>Le jour o\u00f9 la roue changea votre vie<\/strong><br \/>\n<a href=\"http:\/\/www.feteduvelo.fr\/article-evenement-Le-jour-ou-la-roue-changea-votre-vie-212.html\">Venez \u00e0 Neovelo pour d\u00e9couvrir notre collection de v\u00e9los classiques, v\u00e9los \u00e0 assistance \u00e9lectrique, triporteur \u00e0 assistance &#8230;<\/a><br \/>\n<strong>PARIS &#8211;\u00a0<\/strong><strong>Ride Beret Baguette<\/strong><br \/>\n<a href=\"http:\/\/www.feteduvelo.fr\/article-evenement-Ride-Beret-Baguette-327.html\">Dans un esprit vintage, nous partirons en balade pour ralier le bois de vincennes pour un grand pic-nic ! Tous v\u00e9los accept\u00e9s, &#8230;<\/a><br \/>\n<strong>PARIS &#8211;\u00a0<\/strong><strong>CycloShooting (R\u00e9publique)<\/strong><br \/>\n<a href=\"http:\/\/www.feteduvelo.fr\/article-evenement-CycloShooting--Republique--399.html\">Rassurez-vous, shooting, c\u2019est de la photo, pas du tir-au-v\u00e9lo : \u00e0 l\u2019occasion de La F\u00eate du V\u00e9lo, f\u00eates-vous &#8230;<\/a><br \/>\n<a href=\"http:\/\/www.feteduvelo.fr\/\">http:\/\/www.feteduvelo.fr\/<\/a><\/p>\n","protected":false},"excerpt":{"rendered":"<p>F\u00eate du v\u00e9lo les 6 et 7 juin 2015PARIS &#8211;\u00a0Convergence Francilienne La Convergence Francilienne est une balade v\u00e9lo gratuite et familiale, au d\u00e9part de plus 150 villes franciliennes. Les cort\u00e8ges\u00a0 PARIS &#8211;\u00a0P\u00e9daler \u00e0 la su\u00e9doise L\u2019ambassade souhaite promouvoir l\u2019usage du&#8230;<\/p>\n","protected":false},"author":2,"featured_media":0,"comment_status":"open","ping_status":"open","sticky":false,"template":"","format":"standard","meta":{"ngg_post_thumbnail":0,"jetpack_post_was_ever_published":false,"_jetpack_newsletter_access":"","footnotes":""},"categories":[48],"tags":[],"class_list":["post-16796","post","type-post","status-publish","format-standard","hentry","category-sport"],"jetpack_featured_media_url":"","jetpack-related-posts":[{"id":3169,"url":"http:\/\/www.letourismeaparis.fr\/index.php\/2009\/06\/06\/tous-au-velo-6-et-7-juin\/","url_meta":{"origin":16796,"position":0},"title":"Tous au v\u00e9lo ! 6 et 7 juin","author":"Fabienne TM","date":"6 juin 2009","format":false,"excerpt":"Samedi 6 juin\u00a0 13-20h Rendez-vous : Village du v\u00e9lo \/ Place des Invalides, concert gratuit\u00a0 \u00e0 15h de David Sire. marquage Bicycode, formation au v\u00e9lo, essai de v\u00e9lo \u00e0 assistance \u00e9lectrique, quiz avec lots \u00e0 gagner, conseil en mobilit\u00e9 personnalis\u00e9e... Dimanche 7 juin 13h-19h Des cort\u00e8ges partiront de diff\u00e9rents points\u2026","rel":"","context":"Dans &quot;Non class\u00e9&quot;","block_context":{"text":"Non class\u00e9","link":"http:\/\/www.letourismeaparis.fr\/index.php\/category\/non-classe\/"},"img":{"alt_text":"","src":"","width":0,"height":0},"classes":[]},{"id":16639,"url":"http:\/\/www.letourismeaparis.fr\/index.php\/2015\/05\/07\/le-defi-run-assu-de-paris-il-est-temps-de-sinscrire\/","url_meta":{"origin":16796,"position":1},"title":"Le Defi Run Assu de Paris  : il est temps de s&#039;inscrire !","author":"Fabienne TM","date":"7 mai 2015","format":false,"excerpt":"Dans la capitale, c\u2019est au Bois de Vincennes que la DEFI RUN d\u00e9barquera! A pied, \u00e0 v\u00e9lo, en rollers, en trotinette ou encore \u00e0 dos de poney, le Bois de Vincennes est un lieu de promenade incontournable pour les Franciliens. Implant\u00e9 au coeur du bois,\u00a0 la DEFI RUN ASSU 2000\u2026","rel":"","context":"Dans &quot;Non class\u00e9&quot;","block_context":{"text":"Non class\u00e9","link":"http:\/\/www.letourismeaparis.fr\/index.php\/category\/non-classe\/"},"img":{"alt_text":"","src":"","width":0,"height":0},"classes":[]},{"id":18248,"url":"http:\/\/www.letourismeaparis.fr\/index.php\/2016\/05\/19\/fete-du-velo-les-4-et-5-juin\/","url_meta":{"origin":16796,"position":2},"title":"F\u00eate du v\u00e9lo les 4 et 5 juin","author":"Fabienne TM","date":"19 mai 2016","format":false,"excerpt":"La F\u00eate du V\u00e9lo c\u00e9l\u00e8bre ses 20 ans ! \u00c9v\u00e9nement attendu par plus de 500 000 amoureux de la petite reine, la F\u00eate du V\u00e9lo revient pour une 20e \u00e9dition exceptionnelle avec de nombreuses animations gratuites, familiales et festives organis\u00e9es partout en France. Depuis 1996, le premier week-end de juin\u2026","rel":"","context":"Dans &quot;Familles&quot;","block_context":{"text":"Familles","link":"http:\/\/www.letourismeaparis.fr\/index.php\/category\/familles\/"},"img":{"alt_text":"","src":"https:\/\/i0.wp.com\/www.letourismeaparis.fr\/wp-content\/uploads\/2016\/05\/Affiche-Fe%C3%8C%C2%82te-du-Ve%C3%8C%C2%81lo-2016-213x300.jpg?resize=350%2C200","width":350,"height":200},"classes":[]},{"id":18338,"url":"http:\/\/www.letourismeaparis.fr\/index.php\/2016\/06\/03\/les-24-h-velib-aux-champs-elysees-dimanche-5-juin\/","url_meta":{"origin":16796,"position":3},"title":"Les 24 h  velib  aux Champs Elys\u00e9es dimanche 5 juin","author":"Fabienne TM","date":"3 juin 2016","format":false,"excerpt":"Un \u00e9v\u00e9nement alliant sport, f\u00eate, et bonnes actions revient dimanche pour\u00a0une nouvelle \u00e9dition encore plus exceptionnelle.\u00a0Les 24h V\u00e9lib\u2019\u00a0sont l\u2019occasion de p\u00e9daler et de r\u00e9colter des sous pour les associations partenaires mais aussi de passer un dimanche unique sur la plus belle avenue du monde enti\u00e8rement pi\u00e9tonnis\u00e9e.\u00a0 Rares sont les occasions\u2026","rel":"","context":"Dans &quot;Familles&quot;","block_context":{"text":"Familles","link":"http:\/\/www.letourismeaparis.fr\/index.php\/category\/familles\/"},"img":{"alt_text":"","src":"","width":0,"height":0},"classes":[]},{"id":4206,"url":"http:\/\/www.letourismeaparis.fr\/index.php\/2009\/09\/19\/la-fete-du-patrimoine-gourmand-dile-de-france-les-19-et-20-septembre-a-bercy-village\/","url_meta":{"origin":16796,"position":4},"title":"La f\u00eate du patrimoine gourmand d\u2019Ile-de-France : les 19 et 20 septembre \u00e0 Bercy Village","author":"Fabienne TM","date":"19 septembre 2009","format":false,"excerpt":"Une soixantaine de producteurs (mara\u00eechers, arboriculteurs, \u00e9leveurs, agriculteurs\u2026) et artisans du go\u00fbt franciliens feront d\u00e9couvrir l'Ile-de-France des produits du terroir. Des animations : - Place des vins de France, de 11h \u00e0 17h : r\u00e9alisation de son propre pain Voyage au pays des fromages franciliens. -\u00a0 Cour saint-Emilion, de 11h\u2026","rel":"","context":"Dans &quot;Non class\u00e9&quot;","block_context":{"text":"Non class\u00e9","link":"http:\/\/www.letourismeaparis.fr\/index.php\/category\/non-classe\/"},"img":{"alt_text":"","src":"","width":0,"height":0},"classes":[]},{"id":15316,"url":"http:\/\/www.letourismeaparis.fr\/index.php\/2014\/06\/24\/paris-jazz-festival-fete-ses-20-ans-partir-du-7-juin\/","url_meta":{"origin":16796,"position":5},"title":"Paris Jazz Festival f\u00eate ses 20 ans \u00e0 partir du 7 juin","author":"Fabienne TM","date":"24 juin 2014","format":false,"excerpt":"Paris Jazz Festival f\u00eate ses 20 ans Le Paris Jazz Festival, rendez-vous incontournable du parc floral, f\u00eate cette ann\u00e9e ses 20 ans du 7 juin au 27 juillet 2014. Soutenu par la Ville de Paris et la Direction des espaces verts et de l\u2019environnement, il est devenu le premier des\u2026","rel":"","context":"Dans &quot;Festivals \/ Manifestations&quot;","block_context":{"text":"Festivals \/ Manifestations","link":"http:\/\/www.letourismeaparis.fr\/index.php\/category\/spectacle\/festival\/"},"img":{"alt_text":"","src":"https:\/\/i0.wp.com\/www.letourismeaparis.fr\/wp-content\/uploads\/2014\/06\/jazz.jpeg?resize=350%2C200","width":350,"height":200},"classes":[]}],"jetpack_sharing_enabled":true,"jetpack_likes_enabled":true,"_links":{"self":[{"href":"http:\/\/www.letourismeaparis.fr\/index.php\/wp-json\/wp\/v2\/posts\/16796","targetHints":{"allow":["GET"]}}],"collection":[{"href":"http:\/\/www.letourismeaparis.fr\/index.php\/wp-json\/wp\/v2\/posts"}],"about":[{"href":"http:\/\/www.letourismeaparis.fr\/index.php\/wp-json\/wp\/v2\/types\/post"}],"author":[{"embeddable":true,"href":"http:\/\/www.letourismeaparis.fr\/index.php\/wp-json\/wp\/v2\/users\/2"}],"replies":[{"embeddable":true,"href":"http:\/\/www.letourismeaparis.fr\/index.php\/wp-json\/wp\/v2\/comments?post=16796"}],"version-history":[{"count":0,"href":"http:\/\/www.letourismeaparis.fr\/index.php\/wp-json\/wp\/v2\/posts\/16796\/revisions"}],"wp:attachment":[{"href":"http:\/\/www.letourismeaparis.fr\/index.php\/wp-json\/wp\/v2\/media?parent=16796"}],"wp:term":[{"taxonomy":"category","embeddable":true,"href":"http:\/\/www.letourismeaparis.fr\/index.php\/wp-json\/wp\/v2\/categories?post=16796"},{"taxonomy":"post_tag","embeddable":true,"href":"http:\/\/www.letourismeaparis.fr\/index.php\/wp-json\/wp\/v2\/tags?post=16796"}],"curies":[{"name":"wp","href":"https:\/\/api.w.org\/{rel}","templated":true}]}}