{"id":16799,"date":"2015-06-04T11:47:34","date_gmt":"2015-06-04T11:47:34","guid":{"rendered":"http:\/\/www.letourismeaparis.fr\/?p=16799"},"modified":"2015-06-04T11:47:34","modified_gmt":"2015-06-04T11:47:34","slug":"bienvenue-au-gout-des-champs-du-5-au-7-juin-2015-un-grand-marche-sur-les-champs-elysees","status":"publish","type":"post","link":"http:\/\/www.letourismeaparis.fr\/index.php\/2015\/06\/04\/bienvenue-au-gout-des-champs-du-5-au-7-juin-2015-un-grand-marche-sur-les-champs-elysees\/","title":{"rendered":"BIENVENUE AU GO\u00dbT DES CHAMPS ! DU 5 AU 7 JUIN 2015 : un grand march\u00e9 sur les Champs Elys\u00e9es"},"content":{"rendered":"<p><strong>\u00a0Les exposants proposent des produits fran\u00e7ais de qualit\u00e9<\/strong><br \/>\nLe Go\u00fbt des Champs s\u2019inscrit dans\u00a0<strong>une d\u00e9marche de qualit\u00e9<\/strong>\u00a0dans laquelle chaque participant s\u2019engage \u00e0 :<\/p>\n<ul>\n<li>Etre un acteur du \u00abmieux manger \u00bb par l\u2019\u00e9laboration de produits alimentaires de qualit\u00e9, diversifi\u00e9s et saisonniers;<a href=\"http:\/\/www.letourismeaparis.fr\/wp-content\/uploads\/2015\/06\/logo-ce-ter-e1429270553404.jpg\"><img loading=\"lazy\" decoding=\"async\" class=\"aligncenter size-full wp-image-16802\" src=\"http:\/\/www.letourismeaparis.fr\/wp-content\/uploads\/2015\/06\/logo-ce-ter-e1429270553404.jpg\" alt=\"logo-ce-ter-e1429270553404\" width=\"140\" height=\"79\" \/><\/a><\/li>\n<li>Produire une agriculture bas\u00e9e sur le principe d&rsquo;un d\u00e9veloppement local durable et gage de respect et de s\u00e9curit\u00e9 pour les hommes et pour leur environnement;<\/li>\n<li>Garantir la transparence de ses pratiques : tra\u00e7abilit\u00e9, informations claires sur la vari\u00e9t\u00e9 et la cat\u00e9gorie de chaque produit, provenance&#8230;<\/li>\n<\/ul>\n<p><!--more--><br \/>\n<a href=\"http:\/\/legoutdeschamps.com\/le-marche\/\"><span style=\"letter-spacing: 0.05em; line-height: 1.6875;\">http:\/\/legoutdeschamps.com\/le-marche\/<\/span><\/a><br \/>\n<span style=\"letter-spacing: 0.05em; line-height: 1.6875;\">Le march\u00e9 est gratuit et ouvert\u00a0\u00e0 tous.<\/span><br \/>\nDu 5 au 7 juin 2015 de 10h \u00e0 19h :<br \/>\nNocturne vendredi 5 juin jusqu\u2019\u00e0 22h<br \/>\nPique nique \/ brunch dimanche 7 juin\u00a0de 11h \u00e0 15h<\/p>\n<h4>\u00b7\u00a0\u00a0\u00a0\u00a0\u00a0\u00a0 ACC\u00c8S<\/h4>\n<p>M\u00e9tro\u00a0: Franklin D. Roosevelt (l.1, l.9), Champs Elys\u00e9es \u2013 Cl\u00e9menceau (l.1, l.13), Concorde (l.1, l.8, l.12)<br \/>\nBus\u00a0: Champs Elys\u00e9es \u2013 Cl\u00e9menceau (bus 42, 73, 83, 93), Rond Point des Champs Elys\u00e9es \u2013 Franklin D. Roosevelt (bus 28, 42, 80).<br \/>\nParking\u00a0: Rond Point des Champs Elys\u00e9es \u2013 3 Avenue Matignon, 75<br \/>\n120 exposants issus de 4 familles de professionnels :<br \/>\n<strong>LES AGRICULTEURS, MARAICHERS, \u00c9LEVEURS, HORTICULTEURS ETC. OU LES MARCHANDS QUI VENDENT LEURS PRODUITS<\/strong><br \/>\n<strong>LES TRANSFORMATEURS ET ARTISANS DES M\u00c9TIERS DE BOUCHE<\/strong><br \/>\n<strong>LES PROFESSIONNELS DE LA CUISINE DE RUE ET AUTRES INSTALLATIONS DE CUISINE \u00c9PH\u00c9M\u00c8RES<\/strong><br \/>\n<strong>LES SP\u00c9CIALISTES DES \u00c9QUIPEMENTS ET USTENSILES CULINAIRES<\/strong><br \/>\n<strong>PLACE GRAND PUBLIC<\/strong><br \/>\n2 Rue de Montigny &#8211; 93500 Pantin<br \/>\nT\u00e9l : 01 49 42 70 94<br \/>\nEmail : legoutdeschamps@grand-public.com<br \/>\n&nbsp;<br \/>\n&nbsp;<\/p>\n","protected":false},"excerpt":{"rendered":"<p>\u00a0Les exposants proposent des produits fran\u00e7ais de qualit\u00e9 Le Go\u00fbt des Champs s\u2019inscrit dans\u00a0une d\u00e9marche de qualit\u00e9\u00a0dans laquelle chaque participant s\u2019engage \u00e0 : Etre un acteur du \u00abmieux manger \u00bb par l\u2019\u00e9laboration de produits alimentaires de qualit\u00e9, diversifi\u00e9s et saisonniers;&#8230;<\/p>\n","protected":false},"author":2,"featured_media":0,"comment_status":"open","ping_status":"open","sticky":false,"template":"","format":"standard","meta":{"ngg_post_thumbnail":0,"jetpack_post_was_ever_published":false,"_jetpack_newsletter_access":"","footnotes":""},"categories":[28],"tags":[],"class_list":["post-16799","post","type-post","status-publish","format-standard","hentry","category-familles"],"jetpack_featured_media_url":"","jetpack-related-posts":[{"id":18842,"url":"http:\/\/www.letourismeaparis.fr\/index.php\/2016\/10\/21\/art-elysees-art-design-evenement-incontournable\/","url_meta":{"origin":16799,"position":0},"title":"Art \u00c9lys\u00e9es &#8211; Art &amp; Design, \u00e9v\u00e9nement incontournable","author":"Fabienne TM","date":"21 octobre 2016","format":false,"excerpt":"Pour cette 10e \u00e9dition d\u2019Art \u00c9lys\u00e9es, les organisateurs souhaitent une fois de plus mettre en avant les artistes li\u00e9s aux grands mouvements de l\u2019histoire de l\u2019art moderne et de l\u2019\u00c9cole de Paris, tout en ayant la volont\u00e9 de cr\u00e9er un dialogue fort avec l\u2019art contemporain. SECTION DESIGN XXe SIECLE En\u2026","rel":"","context":"Dans &quot;Beaux arts&quot;","block_context":{"text":"Beaux arts","link":"http:\/\/www.letourismeaparis.fr\/index.php\/category\/culture\/musees-expositions\/beaux-arts\/"},"img":{"alt_text":"","src":"","width":0,"height":0},"classes":[]},{"id":15950,"url":"http:\/\/www.letourismeaparis.fr\/index.php\/2014\/11\/12\/paris-photo-au-grand-palais-du-13-au-16-novembre-et-les-autres-expos-photos\/","url_meta":{"origin":16799,"position":1},"title":"Paris Photo  au Grand Palais du 13 au 16 novembre et les autres expos photos","author":"Fabienne TM","date":"12 novembre 2014","format":false,"excerpt":"Paris Photo est le premier rendez-vous international d\u00e9di\u00e9 au medium photographique. Artistes, galeristes, collectionneurs, professionnels, curieux et passionn\u00e9s se retrouvent chaque automne autour d\u2019une programmation ambitieuse et exigeante, mettant l\u2019accent sur la diversit\u00e9 et la qualit\u00e9 des artistes et des \u0153uvres pr\u00e9sent\u00e9es par les galeristes : \u00a0 http:\/\/www.parisphoto.com\/fr\/paris\/programme\/2014\/la-plateforme Quelques expos\u2026","rel":"","context":"Dans &quot;Photos&quot;","block_context":{"text":"Photos","link":"http:\/\/www.letourismeaparis.fr\/index.php\/category\/culture\/musees-expositions\/photos\/"},"img":{"alt_text":"","src":"","width":0,"height":0},"classes":[]},{"id":11895,"url":"http:\/\/www.letourismeaparis.fr\/index.php\/2012\/10\/16\/le-salon-fantastique-se-deroulera-du-25-au-28-octobre-sur-les-champs-elysees\/","url_meta":{"origin":16799,"position":2},"title":"Le Salon Fantastique se d\u00e9roulera du 25 au 28 octobre sur les Champs-Elys\u00e9es.","author":"Fabienne TM","date":"16 octobre 2012","format":false,"excerpt":"Le Salon Fantastique se d\u00e9roulera du 25 au 28 octobre sur les Champs-Elys\u00e9es. Le lieu r\u00e9serv\u00e9 pour l'\u00e9v\u00e8nement est un chapiteau ferm\u00e9 de 70 m\u00e8tres de long sur le trottoir des Champs-Elys\u00e9es, d'une surface de 800m\u00b2 (extensible au double), situ\u00e9 face au Grand Palais. L'ambition du salon est de rendre\u2026","rel":"","context":"Dans &quot;Non class\u00e9&quot;","block_context":{"text":"Non class\u00e9","link":"http:\/\/www.letourismeaparis.fr\/index.php\/category\/non-classe\/"},"img":{"alt_text":"","src":"","width":0,"height":0},"classes":[]},{"id":1191,"url":"http:\/\/www.letourismeaparis.fr\/index.php\/2008\/12\/31\/village-des-noels-deurope-sur-les-champs-elysees\/","url_meta":{"origin":16799,"position":3},"title":"VILLAGE DES NO\u00cbLS D&#039;EUROPE SUR LES CHAMPS ELYS\u00c9ES","author":"Fabienne TM","date":"31 d\u00e9cembre 2008","format":false,"excerpt":"\"jusqu' au 4 janvier 2009 entre le Rond-Point et la Concorde. \"L'Europe est le th\u00e8me principal de cet \u00e9v\u00e9nement, en hommage \u00e0 la Pr\u00e9sidence fran\u00e7aise de l'Union europ\u00e9enne... Les Champs Elys\u00e9es illumin\u00e9s\u00a0 aux couleurs de l'Europe, accueillent un march\u00e9 de No\u00ebl o\u00f9 une vingtaine de pays de l'Union europ\u00e9enne sont\u2026","rel":"","context":"Dans &quot;Non class\u00e9&quot;","block_context":{"text":"Non class\u00e9","link":"http:\/\/www.letourismeaparis.fr\/index.php\/category\/non-classe\/"},"img":{"alt_text":"","src":"","width":0,"height":0},"classes":[]},{"id":15988,"url":"http:\/\/www.letourismeaparis.fr\/index.php\/2014\/11\/20\/quleques-marches-de-noel-paris\/","url_meta":{"origin":16799,"position":4},"title":"Quelques march\u00e9s de NO\u00cbL \u00e0 Paris","author":"Fabienne TM","date":"20 novembre 2014","format":false,"excerpt":"\u00a0 le March\u00e9 de No\u00ebl des Champs-Elys\u00e9es (8e) et le chalet SONY De jolis petits chalets en bois coll\u00e9s les uns aux autres aux effluves sucr\u00e9es qui attireront les gourmands. Cr\u00eapes et vin chaud, chichis et produits r\u00e9gionaux mais aussi d\u00e9co et jouets. De quoi remplir son sac de quelques\u2026","rel":"","context":"Dans &quot;Non class\u00e9&quot;","block_context":{"text":"Non class\u00e9","link":"http:\/\/www.letourismeaparis.fr\/index.php\/category\/non-classe\/"},"img":{"alt_text":"","src":"","width":0,"height":0},"classes":[]},{"id":11345,"url":"http:\/\/www.letourismeaparis.fr\/index.php\/2011\/12\/30\/illuminations-et-marche-de-noel-sur-les-champs-elysees\/","url_meta":{"origin":16799,"position":5},"title":"Illuminations  et march\u00e9 de No\u00ebl sur les Champs-Elys\u00e9es","author":"Fabienne TM","date":"30 d\u00e9cembre 2011","format":false,"excerpt":"Cette ann\u00e9e vous d\u00e9couvrirez les\u00a0 \"anneaux des arbres\".\u00a0\u00a0 Les\" tree rings\" sont des anneaux lumineux positionn\u00e9s autour des 200 arbres de l'avenue. Ces installations cr\u00e9ent un jeu de lumi\u00e8re in\u00e9dit avec la mise en place d'une centaine de miroirs parsem\u00e9s dans les branches des arbres. Reflets, vagues de couleurs, synchronisation\u2026","rel":"","context":"Dans &quot;Non class\u00e9&quot;","block_context":{"text":"Non class\u00e9","link":"http:\/\/www.letourismeaparis.fr\/index.php\/category\/non-classe\/"},"img":{"alt_text":"","src":"","width":0,"height":0},"classes":[]}],"jetpack_sharing_enabled":true,"jetpack_likes_enabled":true,"_links":{"self":[{"href":"http:\/\/www.letourismeaparis.fr\/index.php\/wp-json\/wp\/v2\/posts\/16799","targetHints":{"allow":["GET"]}}],"collection":[{"href":"http:\/\/www.letourismeaparis.fr\/index.php\/wp-json\/wp\/v2\/posts"}],"about":[{"href":"http:\/\/www.letourismeaparis.fr\/index.php\/wp-json\/wp\/v2\/types\/post"}],"author":[{"embeddable":true,"href":"http:\/\/www.letourismeaparis.fr\/index.php\/wp-json\/wp\/v2\/users\/2"}],"replies":[{"embeddable":true,"href":"http:\/\/www.letourismeaparis.fr\/index.php\/wp-json\/wp\/v2\/comments?post=16799"}],"version-history":[{"count":0,"href":"http:\/\/www.letourismeaparis.fr\/index.php\/wp-json\/wp\/v2\/posts\/16799\/revisions"}],"wp:attachment":[{"href":"http:\/\/www.letourismeaparis.fr\/index.php\/wp-json\/wp\/v2\/media?parent=16799"}],"wp:term":[{"taxonomy":"category","embeddable":true,"href":"http:\/\/www.letourismeaparis.fr\/index.php\/wp-json\/wp\/v2\/categories?post=16799"},{"taxonomy":"post_tag","embeddable":true,"href":"http:\/\/www.letourismeaparis.fr\/index.php\/wp-json\/wp\/v2\/tags?post=16799"}],"curies":[{"name":"wp","href":"https:\/\/api.w.org\/{rel}","templated":true}]}}