{"id":16810,"date":"2015-06-08T10:51:59","date_gmt":"2015-06-08T10:51:59","guid":{"rendered":"http:\/\/www.letourismeaparis.fr\/?p=16810"},"modified":"2015-06-08T10:51:59","modified_gmt":"2015-06-08T10:51:59","slug":"un-peu-deau-beaucoup-deffets-4e-edition-paroles-de-jardiniers-13-au-28-juin-2015","status":"publish","type":"post","link":"http:\/\/www.letourismeaparis.fr\/index.php\/2015\/06\/08\/un-peu-deau-beaucoup-deffets-4e-edition-paroles-de-jardiniers-13-au-28-juin-2015\/","title":{"rendered":"\u201cUn peu d\u2019eau, beaucoup d\u2019effets \u201c 4e \u00e9dition Paroles de jardiniers 13 au 28 juin 2015"},"content":{"rendered":"<p>\u201cUn peu d\u2019eau, beaucoup d\u2019effets \u201c 4e \u00e9dition Paroles de jardiniers 13 au 28 juin 2015 \u2013 \u00a0 Rendez-vous en famille dans les Yvelines du 13 au 28 juin, o\u00f9 63 parcs et jardins, priv\u00e9s et publics, vous ouvriront leurs portes ! Vous trouverez forcement votre bonheur parmi les propositions qui composent le programme de cette 4e \u00e9dition : visites, ateliers, jeux, expositions, spectacles\u2026<!--more--> au total, plus de 92 animations destin\u00e9es \u00e0 toute la famille ! La th\u00e9matique de cette \u00e9dition 2015 de Paroles de Jardiniers est l\u2019eau. \u00a0 Petit aper\u00e7u des animations propos\u00e9es aux familles de jardiniers en herbe ! J-10 ! \u00c0 vos marques&#8230; pr\u00eats, jardinez! Apprivoiser les outils Le parc de la Pr\u00e9venderie Tandis que les adultes apprennent \u00e0 bien utiliser l\u2019eau dans le jardin et r\u00e9alisent une caissette de semis primeurs, les jardiniers en herbe, accompagn\u00e9s des experts du service des espaces verts de la mairie de Coigni\u00e8res, participeront \u00e0 des ateliers cr\u00e9atifs autour du cycle de l\u2019eau sur terre ! \u00a0 Parc public. Rue de la Pr\u00e9venderie et avenue de Maurepas \u00e0 Coigni\u00e8res. Le 20 juin, gratuit. Discussion sur la qualit\u00e9 de l\u2019eau et d\u00e9monstration de semis en caissette (adultes) : \u00e0 10h et 14h (1h) \/ R\u00e9alisation d\u2019un petit bassin de jardin (adultes) : \u00e0 11h et 15h (1h) \/ Ateliers cr\u00e9atifs autour du cycle de l\u2019eau (enfants) : \u00e0 10h, 11h, 14h et 15h (1h) \/ Bourse d\u2019\u00e9changes de plantes : de 14h \u00e0 16h (en continu). Arrosage &amp; compagnie Le Jardin de Verneuil-sur-Seine Tout sur l\u2019envers du d\u00e9cor avec d\u00e9monstration du syst\u00e8me de pompage, de distribution et d\u2019arrosage par les jardiniers de la ville de Verneuil-sur-Seine. Les enfants seront particuli\u00e8rement g\u00e2t\u00e9s avec l\u2019animation \u00ab arrosage \u00bb dans les jardins partag\u00e9s ! Infos pratiques : Jardins municipaux et jardins partag\u00e9s &#8211; Parc des Jardins &#8211; Boulevard Cl\u00e9menceau \u00e0 Verneuil-sur-Seine. Les 13 et 28 juin \u00e0 9h et 14h. Gratuit \u2013 Dur\u00e9e : 3h. \u00a0 Il \u00e9tait une fois, les jardiniers\u2026 Le ch\u00e2teau de Breteuil Invitation \u00e0 l\u2019exploration du ch\u00e2teau et du parc de Breteuil, nich\u00e9s au c\u0153ur de la vall\u00e9e de Chevreuse. Laissez-vous \u00e9merveiller par la pergola aux roses, les arbres remarquables, le colombier \u00e9mouvant, le miroir d\u2019eau \u00e9nigmatique et le labyrinthe curieux. Bien connue des enfants, la conteuse Caroline d\u00e9voile les secrets des jardiniers du Ch\u00e2teau\u2026 Infos pratiques : Ch\u00e2teau de Breteuil &#8211; Choisel \u00e0 Chevreuse. Le 21 juin animation conte \u00e0 16h30 &#8211; Dur\u00e9e : 1h. 15,90 \u20ac\/adulte et 12,90 \u20ac\/ enfant de 6 \u00e0 18 ans : visite ch\u00e2teau + Parc. 9,90 \u20ac\/adulte et 8,90 \u20ac\/ enfant entre 6 et 18 ans pour la visite du parc. Contes offerts \u00e0 tous sans suppl\u00e9ment. Le jardin, une histoire de partage Jardins Familiaux de Fontenay-le-Fleury et Guyancourt Partez pour une visite des jardins familiaux de Guyancourt constitu\u00e9s de soixante parcelles. Ce havre de paix dans la ville vous sera pr\u00e9sent\u00e9 sous tous ses angles. Les fabophiles seront g\u00e2t\u00e9s : une exposition de f\u00e8ves sur le th\u00e8me de la nature et de l\u2019eau sera expos\u00e9e pour l\u2019occasion. Infos pratiques : Jardins familiaux de Guyancourt. Le 20 juin \u00e0 14h, 15h30, et 17h &#8211; Dur\u00e9e : 1h30. Gratuit. Inaugur\u00e9s en 2014, les Jardins Familiaux de Fontenay-le-Fleury ont tout de suite trouv\u00e9 des jardiniers pr\u00eats \u00e0 les choyer ! Aujourd\u2019hui y sont cultiv\u00e9s biologiquement l\u00e9gumes, fleurs et fruits. D\u00e9couvrez ce lieu de collaboration et de passion ! Infos pratiques : Jardins familiaux de Fontenay-le-Fleury. Le 14 de 14h \u00e0 18h en continu &#8211; Gratuit. Et lors de la journ\u00e9e de cl\u00f4ture du dimanche 28 juin \u00e0 Saint-Germain-en-Laye! Atelier rempotage Atelier propos\u00e9 pour les enfants, par l\u2019\u00e9quipe du service des espaces verts de la ville : Tout sur le rempotage de plantes annuelles avec explications et conseils de jardinage et en plus les enfants emportent leur joli pot ! Infos pratiques : atelier de 11h \u00e0 18h en continu. Art &amp; Spectacle Symphonie dans une bouteille vous invite \u00e0 p\u00e9n\u00e9trer dans une intrigante \u0153uvre de 15 m de long cr\u00e9e par trois artistes italiens. Quatre fontaines vous y attendent et vous r\u00e9servent une surprise\u2026 Infos pratiques : de 10h \u00e0 18h en continu. Et bien d\u2019autres spectacles sont programm\u00e9s. Au bonheur des mamans\u2026 Pendant que leurs petits seront bien occup\u00e9s, elles pourront profiter de l\u2019Atelier am\u00e9nagement d\u2019un balcon ou \u00e0 15h, participer \u00e0 la conf\u00e9rence \u00ab M\u00e9decine naturelle, les plantes et huiles essentielles \u00bb anim\u00e9e par Dani\u00e8le Festy (dur\u00e9e 1h30). Plus d\u2019infos, r\u00e9servations et d\u00e9tail du programme www.paroles-de-jardiniers.fr ou 01 39 07 85 02 mailto:catherine.rosec@grand.public.com 48<\/p>\n","protected":false},"excerpt":{"rendered":"<p>\u201cUn peu d\u2019eau, beaucoup d\u2019effets \u201c 4e \u00e9dition Paroles de jardiniers 13 au 28 juin 2015 \u2013 \u00a0 Rendez-vous en famille dans les Yvelines du 13 au 28 juin, o\u00f9 63 parcs et jardins, priv\u00e9s et publics, vous ouvriront leurs&#8230;<\/p>\n","protected":false},"author":2,"featured_media":0,"comment_status":"open","ping_status":"open","sticky":false,"template":"","format":"standard","meta":{"ngg_post_thumbnail":0,"jetpack_post_was_ever_published":false,"_jetpack_newsletter_access":"","footnotes":""},"categories":[34],"tags":[],"class_list":["post-16810","post","type-post","status-publish","format-standard","hentry","category-jardins"],"jetpack_featured_media_url":"","jetpack-related-posts":[{"id":16569,"url":"http:\/\/www.letourismeaparis.fr\/index.php\/2015\/04\/14\/paroles-de-jardiniers-du-13-au-28-juin\/","url_meta":{"origin":16810,"position":0},"title":"Paroles de jardiniers du 13 au 28 juin","author":"Fabienne TM","date":"14 avril 2015","format":false,"excerpt":"L'\u00e9dition 2015 de Paroles de Jardiniers ce sont 63 jardins ouverts pour un total de 262 animations propos\u00e9es au grand-public. En cliquant sur l'image, vous aurez acc\u00e8s au dossier de presse pr\u00e9sentant dans le d\u00e9tail cette \u00e9dition 2015 plac\u00e9e sous le th\u00e8me de l'eau, environnementale, paysag\u00e8re ou encore sprirituelle... Sous\u2026","rel":"","context":"Dans &quot;Jardins \/ Plein air&quot;","block_context":{"text":"Jardins \/ Plein air","link":"http:\/\/www.letourismeaparis.fr\/index.php\/category\/jardins\/"},"img":{"alt_text":"","src":"","width":0,"height":0},"classes":[]},{"id":15288,"url":"http:\/\/www.letourismeaparis.fr\/index.php\/2014\/05\/28\/paroles-de-jardiniers-dimanche-1er-juin-2014-partir-de-11h\/","url_meta":{"origin":16810,"position":1},"title":"PAROLES DE JARDINIERS   Dimanche 1er juin 2014 \u00e0 partir de 11h","author":"Fabienne TM","date":"28 mai 2014","format":false,"excerpt":"PAROLES DE JARDINIERS Dimanche 1er juin 2014 \u00e0 partir de 11h \u00ab JARDIN DE SPECTACLES \u00bb Domaine\u00a0national\u00a0de\u00a0Saint\u2010Germain\u2010en\u2010Laye\u00a0se\u00a0sont\u00a0associ\u00e9s\u00a0pour\u00a0cr\u00e9er\u00a0un\u00a0\u00e9v\u00e9nement\u00a0\u00e0\u00a0l\u2019occasion\u00a0de\u00a0la\u00a0journ\u00e9e\u00a0de\u00a0cl\u00f4ture\u00a0de\u00a0Paroles\u00a0de\u00a0Jardiniers et de\u00a0la\u00a012\u00e8me \u00e9dition\u00a0de\u00a0Rendez\u2010vous\u00a0aux\u00a0jardins\u00a0;une\u00a0journ\u00e9e\u00a0festive\u00a0\u00e0\u00a0l\u2019attention\u00a0des\u00a0enfants\u00a0et\u00a0de\u00a0leurs\u00a0familles\u00a0m\u00ealant\u00a0imaginaire,\u00a0humour\u00a0et\u00a0amour\u00a0des\u00a0fleurs\u00a0avec\u00a0une programmation\u00a0con\u00e7ue\u00a0par\u00a0la\u00a0Compagnie\u00a0La\u00a0Constellation\u00a0(direction\u00a0artistique :\u00a0Alexandre\u00a0Ribeyrolles) La f\u00e9\u00e9rie au c\u0153ur du Domaine national de Saint-Germain-en-Laye http:\/\/www.paroles-de-jardiniers.fr\/","rel":"","context":"Dans &quot;Jardins \/ Plein air&quot;","block_context":{"text":"Jardins \/ Plein air","link":"http:\/\/www.letourismeaparis.fr\/index.php\/category\/jardins\/"},"img":{"alt_text":"","src":"","width":0,"height":0},"classes":[]},{"id":18086,"url":"http:\/\/www.letourismeaparis.fr\/index.php\/2016\/04\/15\/paroles-de-jardiniers-2016-du-28-mai-au-12-juin\/","url_meta":{"origin":16810,"position":2},"title":"Paroles de Jardiniers  2016 , du 28 mai au 12 juin","author":"Fabienne TM","date":"15 avril 2016","format":false,"excerpt":"60 jardins ouverts pour un total de 115 animations et 439 rendez-vous propos\u00e9s au grand-public ! 5\u00e8me \u00e9dition plac\u00e9e sous le th\u00e8me du voyage. Voici quelques-uns des ateliers propos\u00e9s par les 115 amateurs, experts et professionnels participants : Comment am\u00e9nager un Shi-Shi odoshi ? Quelles sont les plantes exotiques qui\u2026","rel":"","context":"Dans &quot;Jardins \/ Plein air&quot;","block_context":{"text":"Jardins \/ Plein air","link":"http:\/\/www.letourismeaparis.fr\/index.php\/category\/jardins\/"},"img":{"alt_text":"","src":"https:\/\/i0.wp.com\/www.letourismeaparis.fr\/wp-content\/uploads\/2016\/03\/parole-de-jardinier-212x300.jpg?resize=350%2C200","width":350,"height":200},"classes":[]},{"id":24730,"url":"http:\/\/www.letourismeaparis.fr\/index.php\/2022\/05\/30\/rendez-vous-aux-jardins-du-3-au-5-juin\/","url_meta":{"origin":16810,"position":3},"title":"Rendez-vous aux jardins du 3 au 5 juin","author":"Fabienne TM","date":"30 mai 2022","format":false,"excerpt":"Rendez-vous aux jardins du 3 au 5 juin Pour cette 19e \u00e9dition qui aura lieu les vendredi 3, samedi 4 et dimanche 5 juin 2022, le minist\u00e8re de la Culture vous donne Rendez-vous aux jardins pour explorer un th\u00e8me au c\u0153ur des enjeux environnementaux \u00ab Les jardins face au changement\u2026","rel":"","context":"Dans &quot;Jardins \/ Plein air&quot;","block_context":{"text":"Jardins \/ Plein air","link":"http:\/\/www.letourismeaparis.fr\/index.php\/category\/jardins\/"},"img":{"alt_text":"","src":"https:\/\/i0.wp.com\/www.letourismeaparis.fr\/wp-content\/uploads\/2022\/05\/Capture-d%E2%80%99e%CC%81cran-2022-05-30-a%CC%80-19.14.50.png?resize=350%2C200","width":350,"height":200},"classes":[]},{"id":7728,"url":"http:\/\/www.letourismeaparis.fr\/index.php\/2010\/06\/04\/rendez-vvous-aux-jardins-les-45-et-6-juin\/","url_meta":{"origin":16810,"position":4},"title":"Rendez-vous aux jardins les 4,5 et 6 juin","author":"Fabienne TM","date":"4 juin 2010","format":false,"excerpt":"En 2010, les \"Rendez-vous aux jardins\" auront lieu les 4, 5 et 6 juin. Le th\u00e8me de ces trois journ\u00e9es sera \"Le jardinier et ses outils\" et le vendredi sera, comme chaque ann\u00e9e, consacr\u00e9 aux scolaires. Jardin du Palais Royal Vendredi 4, samedi 5 et dimanche 6 juin. 6 rue\u2026","rel":"","context":"Dans &quot;Non class\u00e9&quot;","block_context":{"text":"Non class\u00e9","link":"http:\/\/www.letourismeaparis.fr\/index.php\/category\/non-classe\/"},"img":{"alt_text":"","src":"","width":0,"height":0},"classes":[]},{"id":13607,"url":"http:\/\/www.letourismeaparis.fr\/index.php\/2013\/06\/26\/films-sous-les-etoiles-au-domaine-de-saint-cloud\/","url_meta":{"origin":16810,"position":5},"title":"\u00ab Films sous les \u00e9toiles \u00bb au domaine de Saint Cloud du 27 au 29 juin","author":"Fabienne TM","date":"26 juin 2013","format":false,"excerpt":"\u00a0 \u00ab Films sous les \u00e9toiles \u00bb c\u00e9l\u00e8bre le jardin et le paysage \u00e0 l\u2019occasion du 4e centenaire de la naissance d\u2019Andr\u00e9 Le N\u00f4tre. Trois jours de projections en plein air, dans un environnement exceptionnel et singulier, dessin\u00e9 par Andr\u00e9 Le N\u00f4tre, qui a su tirer parti d\u2019un relief accident\u00e9\u2026","rel":"","context":"Dans &quot;Cin\u00e9ma&quot;","block_context":{"text":"Cin\u00e9ma","link":"http:\/\/www.letourismeaparis.fr\/index.php\/category\/spectacle\/cinema\/"},"img":{"alt_text":"","src":"","width":0,"height":0},"classes":[]}],"jetpack_sharing_enabled":true,"jetpack_likes_enabled":true,"_links":{"self":[{"href":"http:\/\/www.letourismeaparis.fr\/index.php\/wp-json\/wp\/v2\/posts\/16810","targetHints":{"allow":["GET"]}}],"collection":[{"href":"http:\/\/www.letourismeaparis.fr\/index.php\/wp-json\/wp\/v2\/posts"}],"about":[{"href":"http:\/\/www.letourismeaparis.fr\/index.php\/wp-json\/wp\/v2\/types\/post"}],"author":[{"embeddable":true,"href":"http:\/\/www.letourismeaparis.fr\/index.php\/wp-json\/wp\/v2\/users\/2"}],"replies":[{"embeddable":true,"href":"http:\/\/www.letourismeaparis.fr\/index.php\/wp-json\/wp\/v2\/comments?post=16810"}],"version-history":[{"count":0,"href":"http:\/\/www.letourismeaparis.fr\/index.php\/wp-json\/wp\/v2\/posts\/16810\/revisions"}],"wp:attachment":[{"href":"http:\/\/www.letourismeaparis.fr\/index.php\/wp-json\/wp\/v2\/media?parent=16810"}],"wp:term":[{"taxonomy":"category","embeddable":true,"href":"http:\/\/www.letourismeaparis.fr\/index.php\/wp-json\/wp\/v2\/categories?post=16810"},{"taxonomy":"post_tag","embeddable":true,"href":"http:\/\/www.letourismeaparis.fr\/index.php\/wp-json\/wp\/v2\/tags?post=16810"}],"curies":[{"name":"wp","href":"https:\/\/api.w.org\/{rel}","templated":true}]}}