{"id":16819,"date":"2015-06-09T15:13:00","date_gmt":"2015-06-09T15:13:00","guid":{"rendered":"http:\/\/www.letourismeaparis.fr\/?p=16819"},"modified":"2015-06-09T15:13:00","modified_gmt":"2015-06-09T15:13:00","slug":"chopin-au-jardin-du-luxembourg-a-partir-du-14-juin","status":"publish","type":"post","link":"http:\/\/www.letourismeaparis.fr\/index.php\/2015\/06\/09\/chopin-au-jardin-du-luxembourg-a-partir-du-14-juin\/","title":{"rendered":"Chopin au Jardin du Luxembourg \u00e0 partir du 14 juin"},"content":{"rendered":"<p>\u00ab Chopin au Jardin du Luxembourg \u00bb 6\u00e8me \u00e9dition &#8211; revient pour un cycle de cinq concerts \u00a0gratuits au kiosque \u00e0 musique : du 14 juin au 19 juillet, \u00a0chaque dimanche \u00e0 17h\u00a0<!--more--><br \/>\nDes pianistes confirm\u00e9s et de jeunes talents vont \u00e0 nouveau se produire sur la sc\u00e8ne du kiosque \u00e0 musique.<br \/>\nCette sixi\u00e8me \u00e9dition se d\u00e9roule sous le signe du prestigieux\u00a0<strong>Concours Chopin de Varsovie<\/strong>. En effet, dans la capitale polonaise se d\u00e9roule cette ann\u00e9e la 17e \u00e9dition du Concours international de piano Fr\u00e9d\u00e9ric Chopin, comme tous les cinq ans.<!--more--><br \/>\n<span style=\"letter-spacing: 0.05em; line-height: 1.6875;\">De nouveaux jeunes\u00a0<\/span><strong style=\"letter-spacing: 0.05em; line-height: 1.6875;\">prodiges\u00a0<\/strong><span style=\"letter-spacing: 0.05em; line-height: 1.6875;\">pianistiques seront bient\u00f4t r\u00e9v\u00e9l\u00e9s au grand public et commenceront leur carri\u00e8re musicale gr\u00e2ce \u00e0 cette importante comp\u00e9tition. Pour faire \u00e9cho \u00e0 cet \u00e9v\u00e9nement, d\u2019<\/span><strong style=\"letter-spacing: 0.05em; line-height: 1.6875;\">anciens laur\u00e9ats<\/strong><span style=\"letter-spacing: 0.05em; line-height: 1.6875;\">\u00a0de ce concours seront accueillis au festival parisien. Ainsi, les liens anciens sont maintenus bien vivants entre Varsovie et Paris, les deux villes qui \u00e9taient si ch\u00e8res au grand compositeur.<\/span><br \/>\n<em>LE PROGRAMME 2015 :<\/em><br \/>\nDIM 14 JUIN 2015 A 17H \u00a0\u25baEwa Pob\u0142ocka<br \/>\ndimanche 14 juin 2015 \u00e0 17h<br \/>\n&nbsp;<br \/>\nEwa Pob\u0142ocka<br \/>\npiano<br \/>\n&nbsp;<br \/>\nPROGRAMME<br \/>\nFr\u00e9d\u00e9ric Chopin<br \/>\n&nbsp;<br \/>\nDeux Nocturnes : n\u00b0 1 en fa mineur, n\u00b0 2 en mi b\u00e9mol majeur, op. 55<br \/>\nQuatre Mazurkas, op. 24 :<br \/>\nn\u00b0 1 en sol mineur<br \/>\nn\u00b0 2 en do majeur<br \/>\nn\u00b0 3 en la b\u00e9mol majeur<br \/>\nn\u00b0 4 en si b\u00e9mol mineur<br \/>\nMazurkas : n\u00b0 1 en do di\u00e8se mineur, n\u00b0 4 en mi mineur, op. 41<br \/>\nImpromptu n\u00b0 1 en la b\u00e9mol majeur, op. 29<br \/>\nBallade n\u00b0 3 en la b\u00e9mol majeur, op. 47<br \/>\nValse en la b\u00e9mol majeur, op. posthume<br \/>\nValse en si mineur, op. posthume<br \/>\nValse n\u00b0 1 en r\u00e9 b\u00e9mol majeur, op. 64<br \/>\nValse n\u00b0 2 en do di\u00e8se mineur, op. 64<br \/>\nValse en la mineur, op. posthume<br \/>\nValse n\u00b0 2 en fa mineur, op. 70<br \/>\nGrande Valse brillante n\u00b0 3 en fa majeur, op. 34<br \/>\nDIM 28 JUIN 2015 A 17H \u25baMagdalena Lisak<br \/>\nDIM 5 JUILLET 2015 A 17H \u25baMarc Lafor\u00eat<br \/>\nDIM 12 JUILLET 2015 A 17H \u25baPiotr Orzechowski &#8211; Pianohooligan<br \/>\nDIM 19 JUILLET 2015 A 17H \u25baPiotr Nowak &#8211; Katarzyna Go\u0142ofit<br \/>\nhttp:\/\/www.institutpolonais.fr\/#\/event\/1307<br \/>\n______________________________________________________<br \/>\n<strong>INFOS PRATIQUES<\/strong><br \/>\nLe Jardin du Luxembourg, 75006 Paris, France<br \/>\nTous les dimanches \u00e0 17h.<br \/>\nT\u00e9l\u00a0: 01 53 93 90 10 (Institut Polonais)<br \/>\nEntr\u00e9e gratuite.<a href=\"http:\/\/www.institutpolonais.fr\/\">www.institutpolonais.fr<\/a><\/p>\n","protected":false},"excerpt":{"rendered":"<p>\u00ab Chopin au Jardin du Luxembourg \u00bb 6\u00e8me \u00e9dition &#8211; revient pour un cycle de cinq concerts \u00a0gratuits au kiosque \u00e0 musique : du 14 juin au 19 juillet, \u00a0chaque dimanche \u00e0 17h\u00a0<\/p>\n","protected":false},"author":2,"featured_media":0,"comment_status":"open","ping_status":"open","sticky":false,"template":"","format":"standard","meta":{"ngg_post_thumbnail":0,"jetpack_post_was_ever_published":false,"_jetpack_newsletter_access":"","footnotes":""},"categories":[39],"tags":[],"class_list":["post-16819","post","type-post","status-publish","format-standard","hentry","category-musique"],"jetpack_featured_media_url":"","jetpack-related-posts":[{"id":10661,"url":"http:\/\/www.letourismeaparis.fr\/index.php\/2011\/07\/23\/six-grands-concerts-de-chopin-au-jardin-du-luxembourg-le-dimanche-jusquau-24-juillet\/","url_meta":{"origin":16819,"position":0},"title":"Concerts de Chopin au jardin du Luxembourg,  dimanche 24 juillet \u00e0 17 h , gratuit","author":"Fabienne TM","date":"23 juillet 2011","format":false,"excerpt":"Dans le cadre de la Pr\u00e9sidence polonaise du Conseil de l\u2019Union europ\u00e9enne 2011, l\u2019Institut Polonais de Paris, la Ville de Varsovie, Stoleczna Estrada de Varsovie, et le S\u00e9nat organisent six grand concerts de musique classique en entr\u00e9e libre dans le jardin du Luxembourg. Le 24 juillet, des musiciens polonais s\u2019installeront\u2026","rel":"","context":"Dans &quot;Non class\u00e9&quot;","block_context":{"text":"Non class\u00e9","link":"http:\/\/www.letourismeaparis.fr\/index.php\/category\/non-classe\/"},"img":{"alt_text":"","src":"","width":0,"height":0},"classes":[]},{"id":10706,"url":"http:\/\/www.letourismeaparis.fr\/index.php\/2011\/07\/02\/chopin-au-jardin-du-luxembourg-dimanche-3-juillet-a-17-h\/","url_meta":{"origin":16819,"position":1},"title":"Chopin au Jardin du Luxembourg dimanche 3 juillet \u00e0 17 h","author":"Fabienne TM","date":"2 juillet 2011","format":false,"excerpt":"Kiosque \u00e0 musique,entr\u00e9e libre. Julia Kociuban, piano Hel\u00e8ne Tysman, piano Fantaisie en fa mineur, op. 49 Andante spianato et Grande Polonaise brillante, en mi b\u00e9mol majeur, op. 22 Julia Kociuban, piano Ballade n\u00b0 2 en fa majeur, op. 38 Nocturne n\u00b03\u00a0 en si majeur, op. 9 Quatre Mazurkas, en sol\u2026","rel":"","context":"Dans &quot;Non class\u00e9&quot;","block_context":{"text":"Non class\u00e9","link":"http:\/\/www.letourismeaparis.fr\/index.php\/category\/non-classe\/"},"img":{"alt_text":"","src":"","width":0,"height":0},"classes":[]},{"id":7540,"url":"http:\/\/www.letourismeaparis.fr\/index.php\/2010\/06\/02\/chopin-a-paris-jusquau-6-juin-2010-une-exposition-au-musee-de-la-musique\/","url_meta":{"origin":16819,"position":2},"title":"Chopin \u00e0 Paris jusqu&#039;au 6 juin 2010 ,une exposition au mus\u00e9e de la musique","author":"Fabienne TM","date":"2 juin 2010","format":false,"excerpt":"L'atelier du compositeur La Cit\u00e9 de la musique c\u00e9l\u00e8bre le bicentenaire de la naissance de Fr\u00e9d\u00e9ric Chopin en offrant un regard nouveau sur sa cr\u00e9ation, \u00e0 partir de manuscrits et \u00e9ditions rares conserv\u00e9s \u00e0 la Biblioth\u00e8que nationale de France. Mis en regard avec des tableaux, dessins et instruments, ils permettent\u2026","rel":"","context":"Dans &quot;Non class\u00e9&quot;","block_context":{"text":"Non class\u00e9","link":"http:\/\/www.letourismeaparis.fr\/index.php\/category\/non-classe\/"},"img":{"alt_text":"","src":"","width":0,"height":0},"classes":[]},{"id":8584,"url":"http:\/\/www.letourismeaparis.fr\/index.php\/2010\/09\/17\/marathon-chopin-a-la-bibliotheque-polonaise-samedi-18-et-dimanche-septembre\/","url_meta":{"origin":16819,"position":3},"title":"Marathon Chopin \u00e0 la Biblioth\u00e8que Polonaise  samedi 18 et dimanche  septembre","author":"Fabienne TM","date":"17 septembre 2010","format":false,"excerpt":"17 concerts\u00a0\u00a0 de 45 minutes se d\u00e9rouleront dans les locaux de la Biblioth\u00e8que Polonaise de Paris , un h\u00f4tel particulier du XVIIe situ\u00e9 en l'Ile Saint-Louis . Vous pourrez d\u00e9couvrir les jeunes pianistes s\u00e9lectionn\u00e9s par le Conservatoire \u00e0 Rayonnement R\u00e9gional de Paris et les Conservatoires de Berlin (Universit\u00e4t fur K\u00fcnste)\u2026","rel":"","context":"Dans &quot;Non class\u00e9&quot;","block_context":{"text":"Non class\u00e9","link":"http:\/\/www.letourismeaparis.fr\/index.php\/category\/non-classe\/"},"img":{"alt_text":"","src":"","width":0,"height":0},"classes":[]},{"id":6680,"url":"http:\/\/www.letourismeaparis.fr\/index.php\/2010\/02\/25\/bon-anniversaire-monsieur-chopin-a-paris-28-fevrier-et-chateauroux27-fevrier\/","url_meta":{"origin":16819,"position":4},"title":"Bon anniversaire Monsieur Chopin ! \u00e0 Paris le 28 f\u00e9vrier et \u00e0 Chateauroux le 27 f\u00e9vrier","author":"Fabienne TM","date":"25 f\u00e9vrier 2010","format":false,"excerpt":"\u00ab Bon anniversaire Monsieur Chopin ! \u00bb un \u00e9v\u00e8nement musical in\u00e9dit en hommage \u00e0 l'un des plus grands compositeurs romantiques, l'int\u00e9grale de l'oeuvre pour piano de Fr\u00e9d\u00e9ric Chopin; 15 heures de musique interpr\u00e9t\u00e9e par 60 pianistes de g\u00e9n\u00e9rations diff\u00e9rentes, Salle Pleyel \u00e0 Paris le dimanche 28 f\u00e9vrier 2010 et le\u2026","rel":"","context":"Dans &quot;Non class\u00e9&quot;","block_context":{"text":"Non class\u00e9","link":"http:\/\/www.letourismeaparis.fr\/index.php\/category\/non-classe\/"},"img":{"alt_text":"","src":"","width":0,"height":0},"classes":[]},{"id":7694,"url":"http:\/\/www.letourismeaparis.fr\/index.php\/2010\/05\/27\/melomania-voyage-au-coeur-de-lame-slave-samedi-29-mai-a-15-h\/","url_meta":{"origin":16819,"position":5},"title":"MELOMANIA &#8211; Voyage au coeur de l&#039;\u00e2me slave samedi 29 mai \u00e0 15 h","author":"Fabienne TM","date":"27 mai 2010","format":false,"excerpt":"Oeuvres pour piano de SCRIABINE - BALAKIEREV - CHOPIN par la pianiste russe Natalia MOROZOVA Laur\u00e9ate de plusieurs concours internationaux Entr\u00e9e libre Mairie du 4e 2 place Baudoyer 75004 Paris","rel":"","context":"Dans &quot;Non class\u00e9&quot;","block_context":{"text":"Non class\u00e9","link":"http:\/\/www.letourismeaparis.fr\/index.php\/category\/non-classe\/"},"img":{"alt_text":"","src":"","width":0,"height":0},"classes":[]}],"jetpack_sharing_enabled":true,"jetpack_likes_enabled":true,"_links":{"self":[{"href":"http:\/\/www.letourismeaparis.fr\/index.php\/wp-json\/wp\/v2\/posts\/16819","targetHints":{"allow":["GET"]}}],"collection":[{"href":"http:\/\/www.letourismeaparis.fr\/index.php\/wp-json\/wp\/v2\/posts"}],"about":[{"href":"http:\/\/www.letourismeaparis.fr\/index.php\/wp-json\/wp\/v2\/types\/post"}],"author":[{"embeddable":true,"href":"http:\/\/www.letourismeaparis.fr\/index.php\/wp-json\/wp\/v2\/users\/2"}],"replies":[{"embeddable":true,"href":"http:\/\/www.letourismeaparis.fr\/index.php\/wp-json\/wp\/v2\/comments?post=16819"}],"version-history":[{"count":0,"href":"http:\/\/www.letourismeaparis.fr\/index.php\/wp-json\/wp\/v2\/posts\/16819\/revisions"}],"wp:attachment":[{"href":"http:\/\/www.letourismeaparis.fr\/index.php\/wp-json\/wp\/v2\/media?parent=16819"}],"wp:term":[{"taxonomy":"category","embeddable":true,"href":"http:\/\/www.letourismeaparis.fr\/index.php\/wp-json\/wp\/v2\/categories?post=16819"},{"taxonomy":"post_tag","embeddable":true,"href":"http:\/\/www.letourismeaparis.fr\/index.php\/wp-json\/wp\/v2\/tags?post=16819"}],"curies":[{"name":"wp","href":"https:\/\/api.w.org\/{rel}","templated":true}]}}