{"id":16827,"date":"2015-06-09T15:57:50","date_gmt":"2015-06-09T15:57:50","guid":{"rendered":"http:\/\/www.letourismeaparis.fr\/?p=16827"},"modified":"2015-06-09T15:57:50","modified_gmt":"2015-06-09T15:57:50","slug":"anish-kapoor-a-versailles","status":"publish","type":"post","link":"http:\/\/www.letourismeaparis.fr\/index.php\/2015\/06\/09\/anish-kapoor-a-versailles\/","title":{"rendered":"Anish Kapoor \u00e0 Versailles"},"content":{"rendered":"<h4><strong>Du 9 juin au 1 novembre 2015, le ch\u00e2teau de Versailles accueille l&rsquo;artiste britannique Anish Kapoor dans les jardins pour une grande exposition d&rsquo;art contemporain.<a href=\"http:\/\/www.letourismeaparis.fr\/wp-content\/uploads\/2015\/06\/sky_mirror-tadzio_2015_web.jpg\"><img loading=\"lazy\" decoding=\"async\" class=\"aligncenter size-medium wp-image-16831\" src=\"http:\/\/www.letourismeaparis.fr\/wp-content\/uploads\/2015\/06\/sky_mirror-tadzio_2015_web-300x139.jpg\" alt=\"sky_mirror-tadzio_2015_web\" width=\"300\" height=\"139\" \/><\/a><\/strong><\/h4>\n<p><strong>\u00a0<\/strong>\u00a0Pour Anish Kapoor, l\u2019oeuvre n\u2019existe pas seule mais par celui qui la voit.<!--more--><br \/>\nLe visiteur de Versailles se perd dans les dualit\u00e9s qui marquent le travail de l\u2019artiste : terre et ciel, visible et invisible, dedans et dehors, ombre et lumi\u00e8re\u2026 Cet univers n\u2019est lisible que par l\u2019imaginaire.<br \/>\nLa majorit\u00e9 des \u0153uvres de l&rsquo;exposition\u00a0<em>Kapoor Versailles<\/em>\u00a0sont install\u00e9es dans les Jardins : quatre sur la Grande Perspective et une dans le bosquet de l&rsquo;Etoile.<br \/>\n<strong> L&rsquo;\u0153uvre dans la salle du Jeu de Paume :<\/strong><br \/>\nLa salle, situ\u00e9e rue du Jeu de Paume, est ouverte du mardi au dimanche de 14h \u00e0 18h (derni\u00e8re entr\u00e9e \u00e0 17h45). Entr\u00e9e gratuite<br \/>\n<strong>Les \u0153uvres dans les jardins de Versailles :<\/strong><\/p>\n<h4>L&rsquo;exposition est\u00a0<strong>gratuite<\/strong>, sauf les jours de Grandes Eaux musicales et de Jardins Musicaux (tous les mardis, samedis et dimanches)<\/h4>\n<h4><\/h4>\n<h4>. Grandes Eaux Musicales<\/h4>\n<p>Les\u00a0<strong>samedis et dimanches jusqu\u2019au 1er novembre 2015<\/strong>, les<strong>\u00a0<\/strong><strong>mardis jusqu\u2019au 30 juin 2015<\/strong>\u00a0ainsi que le mardi 14 juillet 2015.<br \/>\nOuverture des bosquets de 9h \u00e0 18h30 avec\u00a0<strong>mise en musique<\/strong>\u00a0de 10h \u00e0 18h30.<br \/>\n<strong>Mise en eau<\/strong>\u00a0les week-ends et jours f\u00e9ri\u00e9s\u00a0(vendredi 8 mai, jeudi 14 mai et mardi 14 juillet 2015) de 11h \u00e0 12h et de 15h30 \u00e0 17h (bassin de Neptune de 17h20 \u00e0 17h30).<\/p>\n<h4>Jardins Musicaux<\/h4>\n<p>Pour mieux profiter des jardins \u00e0 la belle saison, les bosquets et endroits pr\u00e9serv\u00e9s des jardins sont accessibles certains mardis pour une promenade musicale : un moment de d\u00e9couverte, au c\u0153ur des jardins \u00e0 la fran\u00e7aise imagin\u00e9s par Andr\u00e9 Le N\u00f4tre.<br \/>\nles<strong>\u00a0<\/strong><strong>mardis du 7 juillet au 27 octobre 2015<\/strong>.<br \/>\n&nbsp;<\/p>\n<table width=\"278\">\n<tbody>\n<tr>\n<td width=\"128\"><\/td>\n<td width=\"128\"><\/td>\n<td width=\"128\"><\/td>\n<\/tr>\n<\/tbody>\n<\/table>\n<p>Mise en musique de 10h \u00e0 18h30 (17h30 les 31 mars, 7 juillet et 27 octobre 2015).<br \/>\n&nbsp;<\/p>\n<h4>Les Grandes Eaux Nocturnes<\/h4>\n<p>A la tomb\u00e9e de la nuit, les jardins se transforment en un parcours f\u00e9\u00e9rique o\u00f9 bassins et bosquets sont mis en eau et en couleurs.<br \/>\nTous les\u00a0<strong>samedis du 20 juin au 19 septembre 2015<\/strong>\u00a0(\u00e0 l&rsquo;exception du 4 juillet 2015).<br \/>\n&nbsp;<br \/>\nLes Jardins sont ouverts\u00a0<strong>tous les jours de 8h \u00e0 20h30<\/strong><strong>\u00a0<\/strong>(bosquet de l&rsquo;Etoile : de 10h \u00e0 18h30), sauf les les samedis du 20 juin au 19 septembre ainsi que le mardi 23 juin, le dimanche 25 octobre, le samedi 31 octobre et le dimanche 1er novembre : fermeture \u00e0 17h30.<br \/>\nL\u2019exposition sera \u00e9galement visible en nocturne les soirs de grandes eaux, les samedis du 20 juin au 1er novembre sauf le 4 juillet (de 20h30 \u00e0 23h).<br \/>\n&nbsp;<br \/>\n<strong>L&rsquo;\u0153uvre dans la salle du Jeu de Paume :<\/strong><br \/>\nLa salle, situ\u00e9e rue du Jeu de Paume, est ouverte du mardi au dimanche de 14h \u00e0 18h (derni\u00e8re entr\u00e9e \u00e0 17h45). Entr\u00e9e gratuite.<br \/>\n&nbsp;<br \/>\n&nbsp;<\/p>\n","protected":false},"excerpt":{"rendered":"<p>Du 9 juin au 1 novembre 2015, le ch\u00e2teau de Versailles accueille l&rsquo;artiste britannique Anish Kapoor dans les jardins pour une grande exposition d&rsquo;art contemporain. \u00a0\u00a0Pour Anish Kapoor, l\u2019oeuvre n\u2019existe pas seule mais par celui qui la voit.<\/p>\n","protected":false},"author":2,"featured_media":0,"comment_status":"open","ping_status":"open","sticky":false,"template":"","format":"standard","meta":{"ngg_post_thumbnail":0,"jetpack_post_was_ever_published":false,"_jetpack_newsletter_access":"","footnotes":""},"categories":[27],"tags":[],"class_list":["post-16827","post","type-post","status-publish","format-standard","hentry","category-musees-expositions"],"jetpack_featured_media_url":"","jetpack-related-posts":[{"id":9748,"url":"http:\/\/www.letourismeaparis.fr\/index.php\/2011\/05\/23\/monumenta-2011-anish-kapoor\/","url_meta":{"origin":16827,"position":0},"title":"MONUMENTA 2011   ANISH KAPOOR","author":"Fabienne TM","date":"23 mai 2011","format":false,"excerpt":"MONUMENTA marque le retour d\u2019Anish Kapoor \u00e0 Paris, trente ans apr\u00e8s sa premi\u00e8re exposition dans la capitale. Il est consid\u00e9r\u00e9 comme l\u2019un des plus importants sculpteurs d\u2019aujourd\u2019hui. Son travail a profond\u00e9ment renouvel\u00e9 l\u2019\u00e9tendue des possibilit\u00e9s de la sculpture contemporaine tant par sa ma\u00eetrise de l\u2019\u00e9chelle monumentale que par la sensualit\u00e9\u2026","rel":"","context":"Dans &quot;Non class\u00e9&quot;","block_context":{"text":"Non class\u00e9","link":"http:\/\/www.letourismeaparis.fr\/index.php\/category\/non-classe\/"},"img":{"alt_text":"","src":"","width":0,"height":0},"classes":[]},{"id":11863,"url":"http:\/\/www.letourismeaparis.fr\/index.php\/2012\/08\/16\/joana-vasconcelos-a-versailles-jusquau-30-septembre-2012\/","url_meta":{"origin":16827,"position":1},"title":"Joana Vasconcelos \u00e0 Versailles, jusqu&#039;au 30 septembre 2012,","author":"Fabienne TM","date":"16 ao\u00fbt 2012","format":false,"excerpt":"Joana Vasconcelos \u00e0 Versailles jusqu'au 30 septembre 2012, le ch\u00e2teau de Versailles pr\u00e9sente l'exposition Joana Vasconcelos Versailles dans les Grands Appartements et les jardins. \"Si mon travail se d\u00e9veloppe autour de l'id\u00e9e que le monde est un op\u00e9ra, Versailles incarne l'id\u00e9al op\u00e9ratique et esth\u00e9tique qui m'anime. Les oeuvres que je\u2026","rel":"","context":"Dans &quot;Non class\u00e9&quot;","block_context":{"text":"Non class\u00e9","link":"http:\/\/www.letourismeaparis.fr\/index.php\/category\/non-classe\/"},"img":{"alt_text":"","src":"","width":0,"height":0},"classes":[]},{"id":8485,"url":"http:\/\/www.letourismeaparis.fr\/index.php\/2010\/09\/25\/exposition-de-takashi-murakami-au-chateau-de-versailles\/","url_meta":{"origin":16827,"position":2},"title":"TAKASHI MURAKAMI au ch\u00e2teau de Versailles","author":"Fabienne TM","date":"25 septembre 2010","format":false,"excerpt":"Du 14 septembre au 12 d\u00e9cembre 2010, Murakami est l\u2019un des artistes les plus c\u00e9l\u00e8bre de notre temps. les chefs d\u2019oeuvre du pass\u00e9 et du pr\u00e9sent savent dialoguer Murakami a su cr\u00e9er une imagerie nouvelle, puisant \u00e0 la fois dans les ressources de la tradition de son pays, dans celles\u2026","rel":"","context":"Dans &quot;Non class\u00e9&quot;","block_context":{"text":"Non class\u00e9","link":"http:\/\/www.letourismeaparis.fr\/index.php\/category\/non-classe\/"},"img":{"alt_text":"","src":"https:\/\/i0.wp.com\/www.letourismeaparis.fr\/wp-content\/uploads\/2010\/09\/murakami-versailles1-300x221.jpg?resize=350%2C200","width":350,"height":200},"classes":[]},{"id":13168,"url":"http:\/\/www.letourismeaparis.fr\/index.php\/2013\/04\/17\/tresors-du-saint-sepulcre-au-chateau-de-versailles\/","url_meta":{"origin":16827,"position":3},"title":"&quot;Tr\u00e9sors du Saint-S\u00e9pulcre&quot;, au chateau de Versailles.","author":"Fabienne TM","date":"17 avril 2013","format":false,"excerpt":"250 chefs-d\u2019\u0153uvre inconnus issus d\u2019un des derniers tr\u00e9sors de l\u2019Occident, celui du Saint-S\u00e9pulcre. (Antependium ou devant d\u2019autel des Ornements rouges de G\u00eanes .Offert par la S\u00e9r\u00e9nissime R\u00e9publique de G\u00eanes en 1686 J\u00e9rusalem, Custodie de Terre Sainte \u00a9 Custodie de Terre Sainte, A. Bussolin ) Envoy\u00e9es \u00e0 la basilique du Saint-S\u00e9pulcre\u2026","rel":"","context":"Dans &quot;Mus\u00e9es \/ Expositions&quot;","block_context":{"text":"Mus\u00e9es \/ Expositions","link":"http:\/\/www.letourismeaparis.fr\/index.php\/category\/culture\/musees-expositions\/"},"img":{"alt_text":"","src":"","width":0,"height":0},"classes":[]},{"id":14541,"url":"http:\/\/www.letourismeaparis.fr\/index.php\/2014\/02\/04\/andre-le-notre-en-perspectives-1613-2013\/","url_meta":{"origin":16827,"position":4},"title":"ANDR\u00c9 LE N\u00d4TRE EN PERSPECTIVES. 1613 &#8211; 2013","author":"Fabienne TM","date":"4 f\u00e9vrier 2014","format":false,"excerpt":"ANDR\u00c9 LE N\u00d4TRE EN PERSPECTIVES. 1613 - 2013 Avec l'exposition\u00a0Andr\u00e9 Le N\u00f4tre en perspectives. 1613 - 2013, du 22 octobre au 23 f\u00e9vrier 2014, le ch\u00e2teau de Versailles vous propose de d\u00e9couvrir tous les secrets du plus c\u00e9l\u00e8bre des jardiniers. Cette exposition est organis\u00e9e \u00e0 l'occasion du 400e anniversaire de\u2026","rel":"","context":"Dans &quot;Familles&quot;","block_context":{"text":"Familles","link":"http:\/\/www.letourismeaparis.fr\/index.php\/category\/familles\/"},"img":{"alt_text":"","src":"","width":0,"height":0},"classes":[]},{"id":4627,"url":"http:\/\/www.letourismeaparis.fr\/index.php\/2009\/10\/23\/louis-xiv-lhomme-et-le-roi-a-versailles\/","url_meta":{"origin":16827,"position":5},"title":"Louis XIV, l&#039;homme et le roi \u00e0 Versailles","author":"Fabienne TM","date":"23 octobre 2009","format":false,"excerpt":"Jusqu'au 7 f\u00e9vrier 2010 .L'exposition\u00a0 rassemble plus de 300 oeuvres exceptionnelles provenant de collections du monde entier, et jamais r\u00e9unies jusqu\u2019\u00e0 aujourd\u2019hui. Peintures, sculptures, objets d\u2019art, mobilier seront ainsi expos\u00e9s. Chateau de Versailles Versailles 78 www.chateauversailles.fr en parral\u00e8le une exposition Fastes Royaux, la collection des tapisseries de Louis XIV \u00e0\u2026","rel":"","context":"Dans &quot;Non class\u00e9&quot;","block_context":{"text":"Non class\u00e9","link":"http:\/\/www.letourismeaparis.fr\/index.php\/category\/non-classe\/"},"img":{"alt_text":"","src":"https:\/\/i0.wp.com\/www.letourismeaparis.fr\/wp-content\/uploads\/2009\/10\/versailles.jpg?resize=350%2C200","width":350,"height":200},"classes":[]}],"jetpack_sharing_enabled":true,"jetpack_likes_enabled":true,"_links":{"self":[{"href":"http:\/\/www.letourismeaparis.fr\/index.php\/wp-json\/wp\/v2\/posts\/16827","targetHints":{"allow":["GET"]}}],"collection":[{"href":"http:\/\/www.letourismeaparis.fr\/index.php\/wp-json\/wp\/v2\/posts"}],"about":[{"href":"http:\/\/www.letourismeaparis.fr\/index.php\/wp-json\/wp\/v2\/types\/post"}],"author":[{"embeddable":true,"href":"http:\/\/www.letourismeaparis.fr\/index.php\/wp-json\/wp\/v2\/users\/2"}],"replies":[{"embeddable":true,"href":"http:\/\/www.letourismeaparis.fr\/index.php\/wp-json\/wp\/v2\/comments?post=16827"}],"version-history":[{"count":0,"href":"http:\/\/www.letourismeaparis.fr\/index.php\/wp-json\/wp\/v2\/posts\/16827\/revisions"}],"wp:attachment":[{"href":"http:\/\/www.letourismeaparis.fr\/index.php\/wp-json\/wp\/v2\/media?parent=16827"}],"wp:term":[{"taxonomy":"category","embeddable":true,"href":"http:\/\/www.letourismeaparis.fr\/index.php\/wp-json\/wp\/v2\/categories?post=16827"},{"taxonomy":"post_tag","embeddable":true,"href":"http:\/\/www.letourismeaparis.fr\/index.php\/wp-json\/wp\/v2\/tags?post=16827"}],"curies":[{"name":"wp","href":"https:\/\/api.w.org\/{rel}","templated":true}]}}