{"id":16844,"date":"2015-06-30T22:54:13","date_gmt":"2015-06-30T22:54:13","guid":{"rendered":"http:\/\/www.letourismeaparis.fr\/?p=16844"},"modified":"2015-06-30T22:54:13","modified_gmt":"2015-06-30T22:54:13","slug":"le-festival-opera-cote-cour-a-bercy-village-dimanche-14-28-juin-et-5-juillet-2015","status":"publish","type":"post","link":"http:\/\/www.letourismeaparis.fr\/index.php\/2015\/06\/30\/le-festival-opera-cote-cour-a-bercy-village-dimanche-14-28-juin-et-5-juillet-2015\/","title":{"rendered":"Le festival Op\u00e9ra c\u00f4t\u00e9 Cour \u00e0 Bercy Village !  Dimanche  5 juillet 2015  &#8230;.."},"content":{"rendered":"<p>\u2014 Spectacles gratuits et en plein air\u2014<br \/>\nOp\u00e9ra c\u00f4t\u00e9 Cour : Les plus grands airs d\u2019op\u00e9ra, Cie Etoile du Jour<br \/>\nGrande nouveaut\u00e9 de cette \u00e9dition,les spectateurs sont appel\u00e9s \u00e0 se pr\u00eater \u00e0 l\u2019exercice du chant lyrique, \u00e0 travers un<br \/>\natelier de pratique et la r\u00e9p\u00e9tition d\u2019airs avec les chanteurs \u00e0 la fin de chaquespectacle, avec comme point d\u2019orgue le spectacle final du 27 septembre<a href=\"http:\/\/www.letourismeaparis.fr\/wp-content\/uploads\/2015\/06\/logo-bercy-village.png\"><img loading=\"lazy\" decoding=\"async\" class=\"aligncenter size-medium wp-image-16845\" src=\"http:\/\/www.letourismeaparis.fr\/wp-content\/uploads\/2015\/06\/logo-bercy-village-300x47.png\" alt=\"logo bercy village\" width=\"300\" height=\"47\" \/><\/a><br \/>\n<a href=\"www.bercyvillage.com.\">www.bercyvillage.com.<\/a><!--more--><br \/>\nDates des concerts : Dimanches 5 juillet et 6, 13, 20 et 27 septembre 2015 Spectacles gratuits et en plein air. Sc\u00e8ne de Bercy Village, Cour Saint-Emilion, en face de la FNAC. Des bancs et si\u00e8ges sont \u00e9galement propos\u00e9s au public (environ 70 places assises). www.bercyvillage.com : Saint-Emilion PARKINGS : Saint-Emilion et Bercy Lumi\u00e8<br \/>\n&nbsp;<\/p>\n","protected":false},"excerpt":{"rendered":"<p>\u2014 Spectacles gratuits et en plein air\u2014 Op\u00e9ra c\u00f4t\u00e9 Cour : Les plus grands airs d\u2019op\u00e9ra, Cie Etoile du Jour Grande nouveaut\u00e9 de cette \u00e9dition,les spectateurs sont appel\u00e9s \u00e0 se pr\u00eater \u00e0 l\u2019exercice du chant lyrique, \u00e0 travers un atelier&#8230;<\/p>\n","protected":false},"author":2,"featured_media":0,"comment_status":"open","ping_status":"open","sticky":false,"template":"","format":"standard","meta":{"ngg_post_thumbnail":0,"jetpack_post_was_ever_published":false,"_jetpack_newsletter_access":"","footnotes":""},"categories":[28],"tags":[],"class_list":["post-16844","post","type-post","status-publish","format-standard","hentry","category-familles"],"jetpack_featured_media_url":"","jetpack-related-posts":[{"id":18075,"url":"http:\/\/www.letourismeaparis.fr\/index.php\/2016\/03\/26\/5-eme-edition-du-festival-opera-cote-cour-a-bercy-village\/","url_meta":{"origin":16844,"position":0},"title":"5 \u00e8me \u00e9dition du festival  Op\u00e9ra c\u00f4t\u00e9 Cour \u00e0 Bercy Village","author":"Fabienne TM","date":"26 mars 2016","format":false,"excerpt":"Sp\u00e9cial Paris :\u00a0Les dimanches de juin et septembre 2016 Spectacles gratuits et en plein air Ancien march\u00e9 vinicole, Bercy Village, situ\u00e9 dans le 12e arrondissement, est un lieu r\u00e9solument atypique \u00e0 Paris, et une v\u00e9ritable destination touristique. Avec ses 40 enseignes toutes destin\u00e9es \u00e0 l\u2019art de vivre, \u00e0 la gourmandise\u2026","rel":"","context":"Dans &quot;Non class\u00e9&quot;","block_context":{"text":"Non class\u00e9","link":"http:\/\/www.letourismeaparis.fr\/index.php\/category\/non-classe\/"},"img":{"alt_text":"","src":"","width":0,"height":0},"classes":[]},{"id":18287,"url":"http:\/\/www.letourismeaparis.fr\/index.php\/2016\/05\/27\/festival-opera-cote-cour-a-bercy-village\/","url_meta":{"origin":16844,"position":1},"title":"Festival Op\u00e9ra c\u00f4t\u00e9 Cour \u00e0 Bercy Village","author":"Fabienne TM","date":"27 mai 2016","format":false,"excerpt":"\u00a0 Sp\u00e9cial Paris\u00a0Les dimanches de juin et septembre 2016 \u00a0 Dates des concerts : Dimanches 12, 19 juin et 26 juin et 4, 11, 18 et 25 septembre 2016, deux repr\u00e9sentations \u00e0 15h30 et \u00e0 17h. Spectacles gratuits et en plein air. Sc\u00e8ne de Bercy Village, Cour SaintEmilion. En face\u2026","rel":"","context":"Dans &quot;Non class\u00e9&quot;","block_context":{"text":"Non class\u00e9","link":"http:\/\/www.letourismeaparis.fr\/index.php\/category\/non-classe\/"},"img":{"alt_text":"","src":"","width":0,"height":0},"classes":[]},{"id":20033,"url":"http:\/\/www.letourismeaparis.fr\/index.php\/2017\/06\/24\/20033-2\/","url_meta":{"origin":16844,"position":2},"title":"BERCY VILLAGE PREND DES AIRS\u2026","author":"Fabienne TM","date":"24 juin 2017","format":false,"excerpt":"BERCY VILLAGE PREND DES AIRS D\u2019OP\u00c9RA Le festival Op\u00e9ra C\u00f4t\u00e9 Cour revient pour sa 6\u00e8me \u00e9dition, tous les dimanches de juin et de septembre, animer la cour pav\u00e9e de Bercy Village. Avec son concept unique de spectacles courts et surprenants d\u00e9velopp\u00e9s en partenariat avec l\u2019association Autres Voix - association ayant\u2026","rel":"","context":"Dans &quot;Musique&quot;","block_context":{"text":"Musique","link":"http:\/\/www.letourismeaparis.fr\/index.php\/category\/culture\/concerts-musique\/musique\/"},"img":{"alt_text":"","src":"","width":0,"height":0},"classes":[]},{"id":15262,"url":"http:\/\/www.letourismeaparis.fr\/index.php\/2014\/08\/28\/des-operas-gratuits-et-en-plein-air-bercy-village-dans-le-12-eme\/","url_meta":{"origin":16844,"position":3},"title":"Des concerts \u00e0 Bercy Village dans le 12 \u00e8me \u00e0 18 h30 les mardis et jeudis","author":"Fabienne TM","date":"28 ao\u00fbt 2014","format":false,"excerpt":"> Jeudi 28 ao\u00fbt\u00a0Abou Diarra (blues jazz afro mandingue)\u00a0Un duo malien, naviguant entre blues, jazz et mandingue. Dur\u00e9e des concerts : 1h20 Passez le pont et retrouvez ces groupes en concert le lendemain \u00e0 Petit Bain (Paris 13e, www.petitbain.org) \u00a0 \u00a0 Bercy Village - Paris 12\u00e8me 14 Cour Saint-\u00c9milion www.bercyvillage.com\u2026","rel":"","context":"Dans &quot;Musique&quot;","block_context":{"text":"Musique","link":"http:\/\/www.letourismeaparis.fr\/index.php\/category\/culture\/concerts-musique\/musique\/"},"img":{"alt_text":"","src":"","width":0,"height":0},"classes":[]},{"id":322,"url":"http:\/\/www.letourismeaparis.fr\/index.php\/2008\/09\/05\/spectacles-lyriques-les-6-et-7-septembre\/","url_meta":{"origin":16844,"position":4},"title":"Spectacles lyriques les  6  et 7 septembre","author":"Fabienne TM","date":"5 septembre 2008","format":false,"excerpt":"Samedi 6 septembre 10h30 : \u00ab Za\u00efna \u00bb Centre Commercial Italie 2, entr\u00e9e Place d\u2019Italie. (13e). M\u00e9tro Place d\u2019Italie. 15h30 : \u00ab L\u2019OVMI OP\u00e9RA \u00bb Parvis du cin\u00e9ma UGC Cin\u00e9-Cit\u00e9 Bercy, Bercy Village, Cour Saint-Emilion (12e). M\u00e9tro Cour Saint Emilion. 18h00 : \u00ab Don Quichotte \u00bb Place d\u2019Aligre (12e). M\u00e9tro\u2026","rel":"","context":"Dans &quot;Non class\u00e9&quot;","block_context":{"text":"Non class\u00e9","link":"http:\/\/www.letourismeaparis.fr\/index.php\/category\/non-classe\/"},"img":{"alt_text":"","src":"","width":0,"height":0},"classes":[]},{"id":318,"url":"http:\/\/www.letourismeaparis.fr\/index.php\/2008\/09\/03\/opera-des-rues-567-septembre\/","url_meta":{"origin":16844,"position":5},"title":"&quot;Op\u00e9ra des rues&quot;  5,6,7 septembre","author":"Fabienne TM","date":"3 septembre 2008","format":false,"excerpt":"Neuf spectacles lyriques gratuits vous entra\u00eenent \u00e0 travers les rues insolites des 12e et 13e arrondissements. Vendredi 5 septembre 20h30 : \u00ab \u00c9cho d\u2019un songe \u00bb Parvis de la BNF angle de la Tour T3 (13e).M\u00e9tro BNF Samedi 6 septembre 10h30 : \u00ab Za\u00efna \u00bb Centre Commercial Italie 2, entr\u00e9e\u2026","rel":"","context":"Dans &quot;Non class\u00e9&quot;","block_context":{"text":"Non class\u00e9","link":"http:\/\/www.letourismeaparis.fr\/index.php\/category\/non-classe\/"},"img":{"alt_text":"","src":"","width":0,"height":0},"classes":[]}],"jetpack_sharing_enabled":true,"jetpack_likes_enabled":true,"_links":{"self":[{"href":"http:\/\/www.letourismeaparis.fr\/index.php\/wp-json\/wp\/v2\/posts\/16844","targetHints":{"allow":["GET"]}}],"collection":[{"href":"http:\/\/www.letourismeaparis.fr\/index.php\/wp-json\/wp\/v2\/posts"}],"about":[{"href":"http:\/\/www.letourismeaparis.fr\/index.php\/wp-json\/wp\/v2\/types\/post"}],"author":[{"embeddable":true,"href":"http:\/\/www.letourismeaparis.fr\/index.php\/wp-json\/wp\/v2\/users\/2"}],"replies":[{"embeddable":true,"href":"http:\/\/www.letourismeaparis.fr\/index.php\/wp-json\/wp\/v2\/comments?post=16844"}],"version-history":[{"count":0,"href":"http:\/\/www.letourismeaparis.fr\/index.php\/wp-json\/wp\/v2\/posts\/16844\/revisions"}],"wp:attachment":[{"href":"http:\/\/www.letourismeaparis.fr\/index.php\/wp-json\/wp\/v2\/media?parent=16844"}],"wp:term":[{"taxonomy":"category","embeddable":true,"href":"http:\/\/www.letourismeaparis.fr\/index.php\/wp-json\/wp\/v2\/categories?post=16844"},{"taxonomy":"post_tag","embeddable":true,"href":"http:\/\/www.letourismeaparis.fr\/index.php\/wp-json\/wp\/v2\/tags?post=16844"}],"curies":[{"name":"wp","href":"https:\/\/api.w.org\/{rel}","templated":true}]}}