{"id":16887,"date":"2015-07-04T15:27:33","date_gmt":"2015-07-04T15:27:33","guid":{"rendered":"http:\/\/www.letourismeaparis.fr\/?p=16887"},"modified":"2015-07-04T15:27:33","modified_gmt":"2015-07-04T15:27:33","slug":"velo-tour-a-paris-le-12-juillet-inscrivez-vous-vite","status":"publish","type":"post","link":"http:\/\/www.letourismeaparis.fr\/index.php\/2015\/07\/04\/velo-tour-a-paris-le-12-juillet-inscrivez-vous-vite\/","title":{"rendered":"V\u00c9LO TOUR \u00c0 PARIS LE 12 JUILLET : INSCRIVEZ VOUS VITE !"},"content":{"rendered":"<p>L\u2019\u00e9v\u00e9nement qui fait p\u00e9daler depuis 10 ans des milliers de fran\u00e7ais \u00a0roulera pour la premi\u00e8re fois dans Paris le 12 juillet !<br \/>\n10 000 participants attendus pour cet \u00e9v\u00e9nement festif et familial. Un parcours cyclo-ludique de 15 kilom\u00e8tres avec des \u00e9tapes insolites \u00e0 traverser \u00e0 v\u00e9lo telles que Roland Garros, l&rsquo;hippodrome d&rsquo;Auteuil, le stade Jean Bouin flambant neuf et plein de surprises \u00e0 venir..<!--more--><br \/>\nUn parcours cyclo-ludique de 15 kilom\u00e8tres au d\u00e9part du Village de 30 000 m2 (enti\u00e8rement libre d\u2019acc\u00e8s et dont les nombreuses animations sont gratuites pour tous) install\u00e9 Parc Javel Andr\u00e9 Citro\u00ebn, avec des \u00e9tapes insolites et ferm\u00e9es en g\u00e9n\u00e9ral au grand public, \u00e0 traverser \u00e0 v\u00e9lo telles que Roland Garros avec le court Central et Suzanne Lenglen, les \u00e9curies de l\u2019hippodrome d\u2019Auteuil et le stade Jean Bouin des champions de France de Rugby, le Bois de Boulogne avec le Pr\u00e9 Catelan\u2026 mais aussi des passage sous terre dans des parkings revisit\u00e9s version discoth\u00e8ques\u2026<br \/>\n<a href=\"%20www.velotour.fr\/paris \">\u00a0www.velotour.fr\/paris\u00a0<\/a><br \/>\nLes participants doivent venir avec leurs propres v\u00e9los. Port du casque conseill\u00e9 pour les adultes et obligatoire pour les enfants de \u2013 de 12 ans.<!--more--><br \/>\nD\u00e9parts programm\u00e9s dimanche 12 juillet entre 8h du matin jusqu\u2019\u00e0 12h , par vagues successives de 50 personnes \u00e0 partir du Village install\u00e9 Parc Javel Andr\u00e9 Citro\u00ebn . Le Village est ouvert de 8h \u00e0 18h . De nombreuses animations gratuites et accessibles \u00e0 tous (m\u00eame au non participants du V\u00e9lotour) sont propos\u00e9es telles que l\u2019escalade, ateliers maquillage, d\u00e9guisements, restauration, d\u00e9gustations, jeux et structures gonflables.<br \/>\nLes participants prendront le d\u00e9part sur la plage horaire qu\u2019ils auront choisi lors du retrait de leur \u00ab plaque de cadre \u00bb devant \u00eatre accroch\u00e9 sur leur v\u00e9lo, servant ainsi de laisser passer tout au long du parcours.<br \/>\nLieu des retraits des packs participants (plaque de cadre, roadbook, Eco-cup pour le ravitaillement) :<br \/>\nSamedi 11 juillet de 10h00 \u00e0 19h00 \/\/ Veille de l\u2019\u00e9v\u00e9nement<br \/>\n&#8211; Parc Javel Andr\u00e9 Citro\u00ebn<br \/>\nDimanche 12 juillet de 8h00 \u00e0 12h00 \/\/ Avant de prendre le d\u00e9part<br \/>\n&#8211; Village d\u00e9part-arriv\u00e9e Parc Javel<\/p>\n","protected":false},"excerpt":{"rendered":"<p>L\u2019\u00e9v\u00e9nement qui fait p\u00e9daler depuis 10 ans des milliers de fran\u00e7ais \u00a0roulera pour la premi\u00e8re fois dans Paris le 12 juillet ! 10 000 participants attendus pour cet \u00e9v\u00e9nement festif et familial. Un parcours cyclo-ludique de 15 kilom\u00e8tres avec des&#8230;<\/p>\n","protected":false},"author":2,"featured_media":0,"comment_status":"open","ping_status":"open","sticky":false,"template":"","format":"standard","meta":{"ngg_post_thumbnail":0,"jetpack_post_was_ever_published":false,"_jetpack_newsletter_access":"","footnotes":""},"categories":[48],"tags":[],"class_list":["post-16887","post","type-post","status-publish","format-standard","hentry","category-sport"],"jetpack_featured_media_url":"","jetpack-related-posts":[{"id":280,"url":"http:\/\/www.letourismeaparis.fr\/index.php\/2008\/08\/01\/les-coulisses-de-roland-garros\/","url_meta":{"origin":16887,"position":0},"title":"Les Coulisses de Roland-Garros","author":"Fabienne TM","date":"1 ao\u00fbt 2008","format":false,"excerpt":"\"D\u00e9couvrir les secrets de Roland-Garros, acc\u00e9der aux zones les plus confidentielles du stade, p\u00e9n\u00e9trer dans les espaces r\u00e9serv\u00e9s \u00e0 chacune des populations du tournoi et comprendre l\u2019organisation de l\u2019une des plus grandes \u00e9preuves sportives du monde\u2026 Voil\u00e0 le parcours propos\u00e9 par les visites guid\u00e9es des coulisses de Roland-Garros.\" Egalement au\u2026","rel":"","context":"Dans &quot;Non class\u00e9&quot;","block_context":{"text":"Non class\u00e9","link":"http:\/\/www.letourismeaparis.fr\/index.php\/category\/non-classe\/"},"img":{"alt_text":"","src":"","width":0,"height":0},"classes":[]},{"id":223,"url":"http:\/\/www.letourismeaparis.fr\/index.php\/2008\/07\/15\/visite-des-serres-dauteuil-le-1707\/","url_meta":{"origin":16887,"position":1},"title":"VISITE DES SERRES D&#039;AUTEUIL LE 17\/07","author":"Fabienne TM","date":"15 juillet 2008","format":false,"excerpt":"Le Tourisme \u00e0 Paris Paris Advisor Visite des Serres d\u2019Auteuil Le jeudi 17 juillet \u00e0 14h30. Rendez-vous : \u00e0 l\u2019entr\u00e9e du jardin situ\u00e9e en vis-\u00e0-vis de Roland-Garros, 1 avenue Gordon-Bennett Sur inscription par t\u00e9l\u00e9phone, du lundi au vendredi. Acc\u00e8s : M\u00e9tro : station Porte d\u2019Auteuil puis bus 123 direction Mairie\u2026","rel":"","context":"Dans &quot;Non class\u00e9&quot;","block_context":{"text":"Non class\u00e9","link":"http:\/\/www.letourismeaparis.fr\/index.php\/category\/non-classe\/"},"img":{"alt_text":"","src":"","width":0,"height":0},"classes":[]},{"id":247,"url":"http:\/\/www.letourismeaparis.fr\/index.php\/2008\/08\/28\/auteuil-les-serres-909-1010\/","url_meta":{"origin":16887,"position":2},"title":"Auteuil  : les serres  9\/09 10\/10","author":"Fabienne TM","date":"28 ao\u00fbt 2008","format":false,"excerpt":"Le Tourisme \u00e0 Paris Paris Advisor Visite des Serres d\u2019Auteuil T\u00e9l\u00e9phone : Tel : 01.43.28.47.63 le mardi 9 septembre, et le vendredi 10 octobre 2008 \u00e0 14h30. Rendez-vous : \u00e0 l\u2019entr\u00e9e du jardin situ\u00e9e en vis-\u00e0-vis de Roland-Garros, 1 avenue Gordon-Bennett Sur inscription par t\u00e9l\u00e9phone, du lundi au vendredi. Acc\u00e8s\u2026","rel":"","context":"Dans &quot;Non class\u00e9&quot;","block_context":{"text":"Non class\u00e9","link":"http:\/\/www.letourismeaparis.fr\/index.php\/category\/non-classe\/"},"img":{"alt_text":"","src":"","width":0,"height":0},"classes":[]},{"id":19605,"url":"http:\/\/www.letourismeaparis.fr\/index.php\/2017\/03\/21\/velotour-a-paris-le-22-mai\/","url_meta":{"origin":16887,"position":3},"title":"VELOTOUR \u00c0 PARIS LE 22 MAI","author":"Fabienne TM","date":"21 mars 2017","format":false,"excerpt":"V\u00e9lotour est un \u00e9v\u00e9nement festif et familial d\u00e9di\u00e9 \u00e0 la d\u00e9couverte \u00e0 v\u00e9lo du patrimoine historique, culturel, sportif et industriel d\u2019une ville Petits et grands sont invit\u00e9s \u00e0 s\u2019amuser \u00e0 travers la d\u00e9couverte d\u2019une quinzaine de sites au d\u00e9part de La Villette et \u00e0 travers le 19e arrondissement de Paris\u2026","rel":"","context":"Dans &quot;Sport&quot;","block_context":{"text":"Sport","link":"http:\/\/www.letourismeaparis.fr\/index.php\/category\/sport\/"},"img":{"alt_text":"","src":"","width":0,"height":0},"classes":[]},{"id":16750,"url":"http:\/\/www.letourismeaparis.fr\/index.php\/2015\/05\/29\/le-tennis-est-aussi-au-pied-de-la-tour-eiffel-avec-roland-garros\/","url_meta":{"origin":16887,"position":4},"title":"Le tennis  est aussi au pied de la Tour Eiffel avec Roland Garros","author":"Fabienne TM","date":"29 mai 2015","format":false,"excerpt":"Parce que Paris et Roland-Garros(Porte d'Auteuil) sont indissociables, le tennis prend cette ann\u00e9e encore ses aises au pied de la tour Eiffel, sur le Champ-de-Mars. Tout au long de la quinzaine, passionn\u00e9s de balle jaune et simples badauds peuvent y suivre les matchs des Internationaux de France en direct sur\u2026","rel":"","context":"Dans &quot;Non class\u00e9&quot;","block_context":{"text":"Non class\u00e9","link":"http:\/\/www.letourismeaparis.fr\/index.php\/category\/non-classe\/"},"img":{"alt_text":"","src":"","width":0,"height":0},"classes":[]},{"id":19959,"url":"http:\/\/www.letourismeaparis.fr\/index.php\/2017\/06\/05\/rolland-garros-jusquau-11-juin\/","url_meta":{"origin":16887,"position":5},"title":"Rolland Garros jusqu&#039;au 11 juin","author":"Fabienne TM","date":"5 juin 2017","format":false,"excerpt":"BOURSE D'ECHANGE OFFICIELLE DE BILLETS ROLLAND GARROS (du 8 mai au 11 juin) : Pour acheter ou revendre vos places, vous devez obligatoirement avoir cr\u00e9\u00e9 un compte pour y acc\u00e9der\u00a0 \u00a0 \u00a0 Roland Garros 2 Avenue Gordon Bennett 75016 Paris M\u00b0 : Porte d'Auteuil T\u00e9l. : 01 47 43 48\u2026","rel":"","context":"Dans &quot;Sport&quot;","block_context":{"text":"Sport","link":"http:\/\/www.letourismeaparis.fr\/index.php\/category\/sport\/"},"img":{"alt_text":"","src":"","width":0,"height":0},"classes":[]}],"jetpack_sharing_enabled":true,"jetpack_likes_enabled":true,"_links":{"self":[{"href":"http:\/\/www.letourismeaparis.fr\/index.php\/wp-json\/wp\/v2\/posts\/16887","targetHints":{"allow":["GET"]}}],"collection":[{"href":"http:\/\/www.letourismeaparis.fr\/index.php\/wp-json\/wp\/v2\/posts"}],"about":[{"href":"http:\/\/www.letourismeaparis.fr\/index.php\/wp-json\/wp\/v2\/types\/post"}],"author":[{"embeddable":true,"href":"http:\/\/www.letourismeaparis.fr\/index.php\/wp-json\/wp\/v2\/users\/2"}],"replies":[{"embeddable":true,"href":"http:\/\/www.letourismeaparis.fr\/index.php\/wp-json\/wp\/v2\/comments?post=16887"}],"version-history":[{"count":0,"href":"http:\/\/www.letourismeaparis.fr\/index.php\/wp-json\/wp\/v2\/posts\/16887\/revisions"}],"wp:attachment":[{"href":"http:\/\/www.letourismeaparis.fr\/index.php\/wp-json\/wp\/v2\/media?parent=16887"}],"wp:term":[{"taxonomy":"category","embeddable":true,"href":"http:\/\/www.letourismeaparis.fr\/index.php\/wp-json\/wp\/v2\/categories?post=16887"},{"taxonomy":"post_tag","embeddable":true,"href":"http:\/\/www.letourismeaparis.fr\/index.php\/wp-json\/wp\/v2\/tags?post=16887"}],"curies":[{"name":"wp","href":"https:\/\/api.w.org\/{rel}","templated":true}]}}