{"id":16905,"date":"2015-08-09T20:59:23","date_gmt":"2015-08-09T20:59:23","guid":{"rendered":"http:\/\/www.letourismeaparis.fr\/?p=16905"},"modified":"2015-08-09T20:59:23","modified_gmt":"2015-08-09T20:59:23","slug":"les-grandes-eaux-musicales-a-versailles-et-les-grandes-eaux-nocturnes","status":"publish","type":"post","link":"http:\/\/www.letourismeaparis.fr\/index.php\/2015\/08\/09\/les-grandes-eaux-musicales-a-versailles-et-les-grandes-eaux-nocturnes\/","title":{"rendered":"Les grandes eaux musicales \u00e0 Versailles et les grandes eaux nocturnes"},"content":{"rendered":"<p style=\"color: #000000;\"><strong>Tous les samedis et dimanches, jusqu&rsquo;au 1er novembre 2015.<\/strong><\/p>\n<p style=\"color: #000000;\">\n<p>Acc\u00e8s aux jardins du ch\u00e2teau dessin\u00e9s par Andr\u00e9 Le N\u00f4tre pour une balade royale \u00e0 la d\u00e9couverte des bosquets exceptionnellement ouverts au public. Fontaines jaillissantes et musique baroque pour ornements visuels et sonores\u2026. Incontournable\u00a0!<!--more--><\/p>\n<ul>\n<li>Fermeture anticip\u00e9e des Grandes Eaux Musicales \u00e0 17h30 tous les samedis du 20 juin au 19 septembre (sauf le 4 juillet),\u00a0samedi 28 mars, dimanche 29 mars,\u00a0dimanche 25 octobre,\u00a0samedi 31 octobre et dimanche 1er novembre 2015<\/li>\n<\/ul>\n<p>&gt; Ouverture des bosquets de 9h \u00e0 18h30<br \/>\n&gt; Mise en musique de 10h \u00e0 18h30<br \/>\n&gt; Mise en eau le week-end de 11h \u00e0 12h et de 15h30 \u00e0 17h, le mardi de 11h \u00e0 12h et de 14h30 \u00e0 16h<br \/>\n&gt; Mise en eau du Bassin du Miroir toutes les 10 minutes de 10h \u00e0 18h30<br \/>\n&gt; Mise en eau du Bassin de Neptune \u00e0\u00a017h20 (pas de mise en eau du Bassin de Neptune les\u00a0mardis)<br \/>\n<strong>Tous les samedis et dimanches, jusqu&rsquo;au 1er novembre 2015.<\/strong><br \/>\n<strong>Et dates exceptionnelles :<\/strong><br \/>\n<strong>&#8211; vendredi 3 avril\u00a02015 \/ vendredi 8 mai\u00a02015 \/ jeudi 14 mai\u00a02015 \/ mardi 14 juillet 2015<\/strong><br \/>\n<a href=\"http:\/\/www.chateauversailles-spectacles.fr\/spectacles\/2015\/les-grandes-eaux-\">http:\/\/www.chateauversailles-spectacles.fr\/spectacles\/2015\/les-grandes-eaux-<\/a><br \/>\n<a href=\"http:\/\/www.chateauversailles-spectacles.fr\/spectacles\/lieux\/jardins\"><em><br \/>\n<\/em><strong><i>L<\/i><\/strong><\/a><strong>es grandes eaux nocturnes<\/strong><br \/>\nde 20h30 \u00e0 23h05<br \/>\n<strong>Tous les samedis soirs d\u2019\u00e9t\u00e9<\/strong>, 2h30 de promenade magique dans les somptueux jardins du Ch\u00e2teau de Versailles mis en eaux, en musique et en lumi\u00e8re. En final, un \u00e9blouissant feu d\u2019artifice de Groupe F tir\u00e9 depuis le Grand Canal !<br \/>\n&nbsp;<br \/>\n&nbsp;<\/p>\n","protected":false},"excerpt":{"rendered":"<p>Tous les samedis et dimanches, jusqu&rsquo;au 1er novembre 2015. Acc\u00e8s aux jardins du ch\u00e2teau dessin\u00e9s par Andr\u00e9 Le N\u00f4tre pour une balade royale \u00e0 la d\u00e9couverte des bosquets exceptionnellement ouverts au public. Fontaines jaillissantes et musique baroque pour ornements visuels&#8230;<\/p>\n","protected":false},"author":2,"featured_media":0,"comment_status":"open","ping_status":"open","sticky":false,"template":"","format":"standard","meta":{"ngg_post_thumbnail":0,"jetpack_post_was_ever_published":false,"_jetpack_newsletter_access":"","footnotes":""},"categories":[1],"tags":[],"class_list":["post-16905","post","type-post","status-publish","format-standard","hentry","category-non-classe"],"jetpack_featured_media_url":"","jetpack-related-posts":[{"id":16827,"url":"http:\/\/www.letourismeaparis.fr\/index.php\/2015\/06\/09\/anish-kapoor-a-versailles\/","url_meta":{"origin":16905,"position":0},"title":"Anish Kapoor \u00e0 Versailles","author":"Fabienne TM","date":"9 juin 2015","format":false,"excerpt":"Du 9 juin au 1 novembre 2015, le ch\u00e2teau de Versailles accueille l'artiste britannique Anish Kapoor dans les jardins pour une grande exposition d'art contemporain. \u00a0\u00a0Pour Anish Kapoor, l\u2019oeuvre n\u2019existe pas seule mais par celui qui la voit. Le visiteur de Versailles se perd dans les dualit\u00e9s qui marquent le\u2026","rel":"","context":"Dans &quot;Mus\u00e9es \/ Expositions&quot;","block_context":{"text":"Mus\u00e9es \/ Expositions","link":"http:\/\/www.letourismeaparis.fr\/index.php\/category\/culture\/musees-expositions\/"},"img":{"alt_text":"","src":"","width":0,"height":0},"classes":[]},{"id":18153,"url":"http:\/\/www.letourismeaparis.fr\/index.php\/2016\/08\/13\/les-grandes-eaux-musicales-de-versailles-a-ne-pas-manquer\/","url_meta":{"origin":16905,"position":1},"title":"Les Grandes eaux musicales  de Versailles : \u00e0 ne pas manquer","author":"Fabienne TM","date":"13 ao\u00fbt 2016","format":false,"excerpt":"A l\u2019arriv\u00e9e des beaux jours, le jardin du ch\u00e2teau de Versailles s\u2019\u00e9veille et devient le th\u00e9\u00e2tre d\u2019une animation f\u00e9\u00e9rique. Dans les all\u00e9es dessin\u00e9es par Le N\u00f4tre, les bassins et cascades donnent un spectacle majestueux dans lequel les fontaines bouillonnent et les jets d\u2019eau s\u2019entrelacent. Les visiteurs sont invit\u00e9s \u00e0 d\u00e9couvrir\u2026","rel":"","context":"Dans &quot;Familles&quot;","block_context":{"text":"Familles","link":"http:\/\/www.letourismeaparis.fr\/index.php\/category\/familles\/"},"img":{"alt_text":"","src":"","width":0,"height":0},"classes":[]},{"id":7682,"url":"http:\/\/www.letourismeaparis.fr\/index.php\/2011\/08\/19\/les-grandes-eaux-musicales-de-versailles\/","url_meta":{"origin":16905,"position":2},"title":"LES GRANDES EAUX MUSICALES DE VERSAILLES","author":"Fabienne TM","date":"19 ao\u00fbt 2011","format":false,"excerpt":"LES GRANDES EAUX MUSICALES DE VERSAILLES : UNE MERVEILLE ! Partez \u00e0 la d\u00e9couverte des fontaines et bosquets et de leurs eaux jaillissantes au rythme de la musique. Plusieurs parcours s\u2019offrent \u00e0 vous. C'est aux op\u00e9ras de Lully, Desmarest et Rameau que sont emprunt\u00e9es les ouvertures, chaconnes, danses et passacailles\u2026","rel":"","context":"Dans &quot;Non class\u00e9&quot;","block_context":{"text":"Non class\u00e9","link":"http:\/\/www.letourismeaparis.fr\/index.php\/category\/non-classe\/"},"img":{"alt_text":"","src":"","width":0,"height":0},"classes":[]},{"id":11823,"url":"http:\/\/www.letourismeaparis.fr\/index.php\/2012\/08\/20\/grandes-eaux-de-jour-ou-de-nuit-jardins-musicaux-a-versailles\/","url_meta":{"origin":16905,"position":3},"title":"Grandes Eaux de jour ou de nuit, Jardins musicaux&#8230;.\u00e0 Versailles","author":"Fabienne TM","date":"20 ao\u00fbt 2012","format":false,"excerpt":"Grandes Eaux et Jardins musicaux jusqu'au 28 octobre 2012 Grandes Eaux musicales Partez \u00e0 la d\u00e9couverte des bassins et bosquets et de leurs eaux jaillissantes au rythme de la musique. Plusieurs parcours s\u2019offrent \u00e0 vous pour appr\u00e9cier les nombreux chefs-d\u2019\u0153uvre des jardins ou vous \u00e9garer dans leurs endroits les plus\u2026","rel":"","context":"Dans &quot;Non class\u00e9&quot;","block_context":{"text":"Non class\u00e9","link":"http:\/\/www.letourismeaparis.fr\/index.php\/category\/non-classe\/"},"img":{"alt_text":"","src":"","width":0,"height":0},"classes":[]},{"id":13781,"url":"http:\/\/www.letourismeaparis.fr\/index.php\/2013\/09\/01\/grandes-eaux-musicales-et-serenade-royale-a-versailles\/","url_meta":{"origin":16905,"position":4},"title":"Grandes eaux musicales et s\u00e9r\u00e9nade royale \u00e0 Versailles","author":"Fabienne TM","date":"1 septembre 2013","format":false,"excerpt":"\u00a0 Grandes Eaux musicales Partez \u00e0 la d\u00e9couverte des bassins, des bosquets et de leurs eaux jaillissantes au rythme de la musique. Plusieurs parcours s\u2019offrent \u00e0 vous pour appr\u00e9cier les nombreux chefs-d\u2019\u0153uvre des jardins ou vous \u00e9garer dans leurs endroits les plus secrets. Les\u00a0samedis et dimanches jusqu'au 27 octobre 2013,\u2026","rel":"","context":"Dans &quot;Familles&quot;","block_context":{"text":"Familles","link":"http:\/\/www.letourismeaparis.fr\/index.php\/category\/familles\/"},"img":{"alt_text":"","src":"","width":0,"height":0},"classes":[]},{"id":10844,"url":"http:\/\/www.letourismeaparis.fr\/index.php\/2011\/07\/13\/versailles-vous-attend-grandes-eaux-musicales-jardins-musicaux-serenade\/","url_meta":{"origin":16905,"position":5},"title":"Versailles vous attend : Grandes Eaux musicales, Jardins musicaux, S\u00e9r\u00e9nade","author":"Fabienne TM","date":"13 juillet 2011","format":false,"excerpt":"Les grandes\u00a0 eaux musicales Partez \u00e0 la d\u00e9couverte des fontaines et bosquets et de leurs eaux jaillissantes au rythme de la musique. Les samedis et le dimanches jusqu' au 30 octobre 2011 ainsi que le jeudis\u00a0 14 juillet 2011. Mise en eau de 11h \u00e0 12h et de 15h30 \u00e0\u2026","rel":"","context":"Dans &quot;Non class\u00e9&quot;","block_context":{"text":"Non class\u00e9","link":"http:\/\/www.letourismeaparis.fr\/index.php\/category\/non-classe\/"},"img":{"alt_text":"","src":"","width":0,"height":0},"classes":[]}],"jetpack_sharing_enabled":true,"jetpack_likes_enabled":true,"_links":{"self":[{"href":"http:\/\/www.letourismeaparis.fr\/index.php\/wp-json\/wp\/v2\/posts\/16905","targetHints":{"allow":["GET"]}}],"collection":[{"href":"http:\/\/www.letourismeaparis.fr\/index.php\/wp-json\/wp\/v2\/posts"}],"about":[{"href":"http:\/\/www.letourismeaparis.fr\/index.php\/wp-json\/wp\/v2\/types\/post"}],"author":[{"embeddable":true,"href":"http:\/\/www.letourismeaparis.fr\/index.php\/wp-json\/wp\/v2\/users\/2"}],"replies":[{"embeddable":true,"href":"http:\/\/www.letourismeaparis.fr\/index.php\/wp-json\/wp\/v2\/comments?post=16905"}],"version-history":[{"count":0,"href":"http:\/\/www.letourismeaparis.fr\/index.php\/wp-json\/wp\/v2\/posts\/16905\/revisions"}],"wp:attachment":[{"href":"http:\/\/www.letourismeaparis.fr\/index.php\/wp-json\/wp\/v2\/media?parent=16905"}],"wp:term":[{"taxonomy":"category","embeddable":true,"href":"http:\/\/www.letourismeaparis.fr\/index.php\/wp-json\/wp\/v2\/categories?post=16905"},{"taxonomy":"post_tag","embeddable":true,"href":"http:\/\/www.letourismeaparis.fr\/index.php\/wp-json\/wp\/v2\/tags?post=16905"}],"curies":[{"name":"wp","href":"https:\/\/api.w.org\/{rel}","templated":true}]}}