{"id":16914,"date":"2015-07-06T18:29:15","date_gmt":"2015-07-06T18:29:15","guid":{"rendered":"http:\/\/www.letourismeaparis.fr\/?p=16914"},"modified":"2015-07-06T18:29:15","modified_gmt":"2015-07-06T18:29:15","slug":"le-street-art-prend-ses-quartiers-dans-un-immeuble-de-bureaux-a-puteaux","status":"publish","type":"post","link":"http:\/\/www.letourismeaparis.fr\/index.php\/2015\/07\/06\/le-street-art-prend-ses-quartiers-dans-un-immeuble-de-bureaux-a-puteaux\/","title":{"rendered":"LE STREET ART PREND SES QUARTIERS  DANS UN IMMEUBLE DE BUREAUX A PUTEAUX"},"content":{"rendered":"<table style=\"height: 481px;\" width=\"906\">\n<tbody>\n<tr>\n<td width=\"730\"><\/td>\n<td colspan=\"3\" width=\"12\"><\/td>\n<\/tr>\n<tr>\n<td colspan=\"4\" width=\"730\"><\/td>\n<\/tr>\n<tr>\n<td width=\"730\">POPAY, BRUSK, GRIS 1, RETRO, ARNAUD LIARD&#8230;UNE QUINZAINE DE STREET ARTISTES CR\u00c9E UNE FRESQUE MURALE DE 3 000 M2CHEZ HAVAS PARIS<strong>\u00a0<\/strong><br \/>\n&nbsp;<br \/>\nApr\u00e8s avoir tenu secret un chantier initi\u00e9 en janvier, l\u2019agence de publicit\u00e9 et de communication Havas Paris d\u00e9voile l\u2019oeuvre murale Stairway to Paris. R\u00e9alis\u00e9e par une quinzaine de street artistes aux influences vari\u00e9es, accueillis en r\u00e9sidence artistique pendant plus de 3 mois, une grande fresque d\u2019environ 3 000 m2 marque d\u00e9sormais d\u2019une touche particuli\u00e8re le territoire de l\u2019agence situ\u00e9e \u00e0 Puteaux, au sein du Havas Village.\u00a0 Invit\u00e9s \u00e0 donner libre cours \u00e0 leurs talents pour habiller les murs de lieux jusqu\u2019ici peu emprunt\u00e9s, les escaliers, des artistes comme Popay, figure incontournable du graffiti dit \u00ab le goya du graffiti \u00bb, Brusk, Gris1 mais aussi Retro ou Arnaud Liard y racontent leur histoire et celle du graffiti. L\u2019Illustratif et le Graffuturism c\u00f4toient ainsi l\u2019Architectural et l\u2019esprit Old School sur trois \u00e9tages et quatre cages d\u2019escalier.<br \/>\nIniti\u00e9 avec la collaboration du studio Riofluo, Stairway to Paris est visible sur <a href=\"http:\/\/redirmj.epresspack.net\/link\/x2jw\/jlhii49\/5\/PHoebLfSB7QKjDC14Jk87g\/aHR0cHM6Ly93d3cuZ29vZ2xlLmNvbS9tYXBzL3BsYWNlL0hhdmFzK1BhcmlzKyUyRitPbGQrU2Nob29sL0A0OC44ODA3MzYsMi4yNDQ1MTQsMTd6L2RhdGE9JTIxM20xJTIxNGIxJTIxNG0yJTIxM20xJTIxMXMweDQ3ZTY2NTE4MzMwZjE2MTk6MHg1NTM2YzUzODcxNzcyMmNkJTIxMTBtMSUyMTFlMT9yYXBzcmM9Z3BsdXMmaGw9ZnI\">Google Street View<\/a> ainsi que sur le tumblr d\u00e9di\u00e9 <a href=\"http:\/\/redirmj.epresspack.net\/link\/x2jw\/jlhii49\/8\/_7FJj7mbZm19SRtoGMhKpw\/aHR0cDovL3N0YWlyd2F5dG9wYXJpcy50dW1ibHIuY29tLw\">stairwaytoparis.tumblr.com<\/a>. L\u2019\u0153uvre murale fera \u00e9galement partie de la programmation du prochain festival d&rsquo;art urbain Rue\u2013Stick qui se tiendra les 4 &amp; 5 juillet \u00e0 Puteaux. A cette occasion, l\u2019agence ouvrira ses portes au grand public.<br \/>\n<strong>Informations pratiques<\/strong> : Visites \u00e0 partir de 14H les 4 et 5 juillet &#8211; Inscription conseill\u00e9e : <a href=\"mailto:contact@rue-stick.com\">contact@rue-stick.com<\/a> ou directement sur l&rsquo;esplanade le la Mairie de Puteaux. \u00a0Entr\u00e9e libre : 2 bis rue Godefroy \u00e0 Puteaux.<\/td>\n<td width=\"0\"><\/td>\n<\/tr>\n<tr>\n<td width=\"437\"><\/td>\n<td width=\"0\"><\/td>\n<\/tr>\n<\/tbody>\n<\/table>\n<p><!--more--><br \/>\n<!--more--><br \/>\n&nbsp;<\/p>\n","protected":false},"excerpt":{"rendered":"<p>POPAY, BRUSK, GRIS 1, RETRO, ARNAUD LIARD&#8230;UNE QUINZAINE DE STREET ARTISTES CR\u00c9E UNE FRESQUE MURALE DE 3 000 M2CHEZ HAVAS PARIS\u00a0 &nbsp; Apr\u00e8s avoir tenu secret un chantier initi\u00e9 en janvier, l\u2019agence de publicit\u00e9 et de communication Havas Paris d\u00e9voile&#8230;<\/p>\n","protected":false},"author":2,"featured_media":0,"comment_status":"open","ping_status":"open","sticky":false,"template":"","format":"standard","meta":{"ngg_post_thumbnail":0,"jetpack_post_was_ever_published":false,"_jetpack_newsletter_access":"","footnotes":""},"categories":[1],"tags":[],"class_list":["post-16914","post","type-post","status-publish","format-standard","hentry","category-non-classe"],"jetpack_featured_media_url":"","jetpack-related-posts":[{"id":16413,"url":"http:\/\/www.letourismeaparis.fr\/index.php\/2015\/03\/11\/le-pressionisme-la-pinacotheque-de-paris\/","url_meta":{"origin":16914,"position":0},"title":"Le Pressionisme  \u00e0 la  Pinacoth\u00e8que de Paris","author":"Fabienne TM","date":"11 mars 2015","format":false,"excerpt":"Comment est n\u00e9 le \u00a0mouvement artistique plan\u00e9taire: le\u00a0Street Art. L\u2019exposition \u00ab\u00a0Le Pressionnisme 1970 \u2013 1990, les chefs-d\u2019\u0153uvre du graffiti sur toile de Basquiat \u00e0 Bando\u00a0\u00bb, rassemblera \u00e0 partir du 12 mars 2015 \u00e0 la Pinacoth\u00e8que de Paris, pr\u00e8s d\u2019une centaine d\u2019\u0153uvres, r\u00e9alis\u00e9es entre les ann\u00e9es 1970 et 1990 par les\u2026","rel":"","context":"Dans &quot;Mus\u00e9es \/ Expositions&quot;","block_context":{"text":"Mus\u00e9es \/ Expositions","link":"http:\/\/www.letourismeaparis.fr\/index.php\/category\/culture\/musees-expositions\/"},"img":{"alt_text":"","src":"https:\/\/i0.wp.com\/www.letourismeaparis.fr\/wp-content\/uploads\/2015\/03\/le-pressionisme-pinacotheque-paris-660x500-300x227.jpg?resize=350%2C200","width":350,"height":200},"classes":[]},{"id":15856,"url":"http:\/\/www.letourismeaparis.fr\/index.php\/2014\/12\/12\/streetart-linnovation-au-coeur-dun-mouvement\/","url_meta":{"origin":16914,"position":1},"title":"#StreetArt, L\u2019innovation au c\u0153ur d\u2019un mouvement","author":"Fabienne TM","date":"12 d\u00e9cembre 2014","format":false,"excerpt":"Qu\u2019ils soient d\u00e9j\u00e0 stars ou encore inconnus du grand public, qu\u2019ils se nomment Shepard Fairey, JR, Zevs, Mark Jenkins, Vhils et Isaac Cordal, ou encore Sweza, Rezine, Patrick Suchet et Antonin Fourneau, ils r\u00e9inventent \u00e0 leur mani\u00e8re le STREET ART. Tous utilisent, en plus de leur bombes, pochoirs et pinceaux,\u2026","rel":"","context":"Dans &quot;Mus\u00e9es \/ Expositions&quot;","block_context":{"text":"Mus\u00e9es \/ Expositions","link":"http:\/\/www.letourismeaparis.fr\/index.php\/category\/culture\/musees-expositions\/"},"img":{"alt_text":"","src":"","width":0,"height":0},"classes":[]},{"id":19740,"url":"http:\/\/www.letourismeaparis.fr\/index.php\/2017\/08\/02\/l%ca%bcexposition-jamaica-jamaica-explore-les-multiples-facettes-de-son-histoire-a-lespace-exposition-de-la-philharmonie\/","url_meta":{"origin":16914,"position":2},"title":"l\u02bcexposition Jamaica Jamaica ! explore les multiples facettes de son histoire, \u00e0 l&#039;espace exposition de la Philharmonie","author":"Fabienne TM","date":"2 ao\u00fbt 2017","format":false,"excerpt":"La Jama\u00efque est un iceberg tropical dont la partie \u00e9merg\u00e9e, le reggae de Bob Marley, dissimule une singularit\u00e9 qui va bien au-del\u00e0 de la musique. R\u00e9unissant objets, images et films rares, l\u02bcexposition\u00a0Jamaica Jamaica !\u00a0explore les multiples facettes de son histoire. Un parcours chronologique et th\u00e9matique en 7 parties \u00e9voquant le\u2026","rel":"","context":"Dans &quot;Mus\u00e9es \/ Expositions&quot;","block_context":{"text":"Mus\u00e9es \/ Expositions","link":"http:\/\/www.letourismeaparis.fr\/index.php\/category\/culture\/musees-expositions\/"},"img":{"alt_text":"","src":"","width":0,"height":0},"classes":[]},{"id":3875,"url":"http:\/\/www.letourismeaparis.fr\/index.php\/2009\/11\/14\/ne-dans-la-rue-le-graffiti-et-son-histoire-a-la-fondation-cartier\/","url_meta":{"origin":16914,"position":3},"title":"&quot;N\u00e9 dans la rue&quot;: le graffiti et son histoire \u00e0 la Fondation Cartier","author":"Fabienne TM","date":"14 novembre 2009","format":false,"excerpt":"L\u2019exposition explique\u00a0 ce mouvement artistique qui a pris son essor dans les rues de New York au d\u00e9but des ann\u00e9es 1970 et raconte, de tag, en graff, en pixo, son histoire et ses raisons d\u2019\u00eatre. Solidement ancr\u00e9 dans le paysage culturel, le graffiti traverse aujourd\u2019hui les domaines des arts plastiques,\u2026","rel":"","context":"Dans &quot;Non class\u00e9&quot;","block_context":{"text":"Non class\u00e9","link":"http:\/\/www.letourismeaparis.fr\/index.php\/category\/non-classe\/"},"img":{"alt_text":"","src":"","width":0,"height":0},"classes":[]},{"id":14850,"url":"http:\/\/www.letourismeaparis.fr\/index.php\/2014\/03\/27\/drawing-now-paris-le-salon-du-dessin-contemporain-au-carreau-du-temple-jusquau-30-mars\/","url_meta":{"origin":16914,"position":4},"title":"DRAWING NOW PARIS &#124; LE SALON DU DESSIN CONTEMPORAIN au carreau du temple jusqu&#039;au 30 mars","author":"Fabienne TM","date":"27 mars 2014","format":false,"excerpt":"La 8e \u00e9dition de DRAWING NOW PARIS | LE SALON DU DESSIN CONTEMPORAIN s\u2019installe\u00a0au c\u0153ur de Paris\u00a0du mercredi 26 au dimanche 30 mars 2014 au\u00a0Carreau du Temple\u00a0et \u00e0 l\u2019Espace Commines\u00a0pour\u00a0FRESH, section r\u00e9serv\u00e9e aux jeunes galeries.\u00a087 galeries internationales\u00a0s\u00e9lectionn\u00e9es par\u00a0un comit\u00e9 ind\u00e9pendant\u00a0compos\u00e9 de personnalit\u00e9s du monde de l\u2019art participent \u00e0 DRAWING NOW\u2026","rel":"","context":"Dans &quot;Non class\u00e9&quot;","block_context":{"text":"Non class\u00e9","link":"http:\/\/www.letourismeaparis.fr\/index.php\/category\/non-classe\/"},"img":{"alt_text":"","src":"","width":0,"height":0},"classes":[]},{"id":18686,"url":"http:\/\/www.letourismeaparis.fr\/index.php\/2016\/09\/29\/fiac-j-30-place-aux-jeunes-artistes-de-demain-avec-les-ateliers-fnac-kids\/","url_meta":{"origin":16914,"position":5},"title":"FIAC J- 30  Place aux jeunes artistes de demain avec les ateliers Fnac Kids","author":"Fabienne TM","date":"29 septembre 2016","format":false,"excerpt":"FIAC J- 30 \u00a0Place aux jeunes artistes de demain avec les ateliers Fnac Kids A l'occasion de la FIAC (Foire Internationale d\u2019Art Contemporain), du 20 au 23 octobre au Grand Palais et au Petit Palais, les ateliers Fnac Kids initient les enfants \u00e0 l'art contemporain. Pour c\u00e9l\u00e9brer la FIAC comme\u2026","rel":"","context":"Dans &quot;Familles&quot;","block_context":{"text":"Familles","link":"http:\/\/www.letourismeaparis.fr\/index.php\/category\/familles\/"},"img":{"alt_text":"","src":"","width":0,"height":0},"classes":[]}],"jetpack_sharing_enabled":true,"jetpack_likes_enabled":true,"_links":{"self":[{"href":"http:\/\/www.letourismeaparis.fr\/index.php\/wp-json\/wp\/v2\/posts\/16914","targetHints":{"allow":["GET"]}}],"collection":[{"href":"http:\/\/www.letourismeaparis.fr\/index.php\/wp-json\/wp\/v2\/posts"}],"about":[{"href":"http:\/\/www.letourismeaparis.fr\/index.php\/wp-json\/wp\/v2\/types\/post"}],"author":[{"embeddable":true,"href":"http:\/\/www.letourismeaparis.fr\/index.php\/wp-json\/wp\/v2\/users\/2"}],"replies":[{"embeddable":true,"href":"http:\/\/www.letourismeaparis.fr\/index.php\/wp-json\/wp\/v2\/comments?post=16914"}],"version-history":[{"count":0,"href":"http:\/\/www.letourismeaparis.fr\/index.php\/wp-json\/wp\/v2\/posts\/16914\/revisions"}],"wp:attachment":[{"href":"http:\/\/www.letourismeaparis.fr\/index.php\/wp-json\/wp\/v2\/media?parent=16914"}],"wp:term":[{"taxonomy":"category","embeddable":true,"href":"http:\/\/www.letourismeaparis.fr\/index.php\/wp-json\/wp\/v2\/categories?post=16914"},{"taxonomy":"post_tag","embeddable":true,"href":"http:\/\/www.letourismeaparis.fr\/index.php\/wp-json\/wp\/v2\/tags?post=16914"}],"curies":[{"name":"wp","href":"https:\/\/api.w.org\/{rel}","templated":true}]}}