{"id":16919,"date":"2015-07-01T10:02:23","date_gmt":"2015-07-01T10:02:23","guid":{"rendered":"http:\/\/www.letourismeaparis.fr\/?p=16919"},"modified":"2015-07-01T10:02:23","modified_gmt":"2015-07-01T10:02:23","slug":"cultures-croisees-en-ile-de-france-danses-et-musiques-dailleurs-du-3-au-5-juillet","status":"publish","type":"post","link":"http:\/\/www.letourismeaparis.fr\/index.php\/2015\/07\/01\/cultures-croisees-en-ile-de-france-danses-et-musiques-dailleurs-du-3-au-5-juillet\/","title":{"rendered":"Cultures Crois\u00e9es en Ile de france : danses et musiques d&#039;ailleurs du 3 au 5 juillet"},"content":{"rendered":"<p style=\"line-height: 13.5pt;\"><span style=\"font-size: 9.0pt; font-family: Arial; color: black;\">Crois\u00e9es en Ile de France en partenariat avec le CIOFF (Conseil international des organisations de festivals de folklore et sous la Haut Patronage de l&rsquo;UNESCO organise sa deuxi\u00e8me \u00e9dition du FESTIVAL \u00a0\u00bb DANSES ET MUSIQUES D&rsquo;AILLEURS\u00a0\u00bb du 3 au 5 Juillet prochain !<\/span><\/p>\n<p style=\"line-height: 13.5pt; orphans: auto; text-align: start; widows: 1; -webkit-text-stroke-width: 0px; word-spacing: 0px;\"><span style=\"font-size: 9.0pt; font-family: Arial; color: black;\">Celui-ci sera le th\u00e9\u00e2tre de danses et musiques traditionnelles du monde entier gr\u00e2ce aux 6 pays invit\u00e9s.<a href=\"http:\/\/www.letourismeaparis.fr\/wp-content\/uploads\/2015\/07\/danse-et-musique.png\"><img loading=\"lazy\" decoding=\"async\" class=\"aligncenter size-medium wp-image-16920\" src=\"http:\/\/www.letourismeaparis.fr\/wp-content\/uploads\/2015\/07\/danse-et-musique-213x300.png\" alt=\"danse et musique\" width=\"213\" height=\"300\" \/><\/a><\/span><\/p>\n<p style=\"line-height: 13.5pt; orphans: auto; text-align: start; widows: 1; -webkit-text-stroke-width: 0px; word-spacing: 0px;\"><span style=\"font-size: 9.0pt; font-family: Arial; color: black;\">En effet, la Colombie, la Martinique,\u00a0le P\u00e9rou, le Togo,\u00a0la France ( Bretagne avec le cercle Mi Bien Ar Mor de poissy), l&rsquo;Arm\u00e9nie et le Sri Lanka vous pr\u00e9senteront\u00a0au Th\u00e9\u00e2tre Andr\u00e9 Malraux de Reuil Malmaison le Samedi 4 Juillet \u00e0 20h,\u00a0un tour du monde color\u00e9 et dynamique des plus belles danses et musiques du monde !\u00a0\u00a0\u00a0<\/span><!--more--><\/p>\n<p style=\"line-height: 13.5pt; orphans: auto; text-align: start; widows: 1; -webkit-text-stroke-width: 0px; word-spacing: 0px;\"><span style=\"font-size: 9.0pt; font-family: Arial; color: black;\">Un \u00e9dition tr\u00e8s particuli\u00e8re puisqu&rsquo;elle sera l&rsquo;occasion de c\u00e9l\u00e9brer le 70\u00e8me Anniversaire de l&rsquo;UNESCO ainsi ue les 45 ans du CIOFF !<\/span><\/p>\n<p class=\"bloccontactnomorga\" style=\"line-height: 13.5pt; background: white;\"><span style=\"font-size: 9.0pt; font-family: Arial; color: black;\">Cultures Crois\u00e9es en Ile de france<\/span><\/p>\n<p class=\"bloccontactnomorga\" style=\"line-height: 13.5pt; background: white;\">3 juillet 19 h unesco Paris<\/p>\n<p class=\"bloccontactnomorga\" style=\"line-height: 13.5pt; background: white;\">\u00a04 juillet \u00a020 h th Andr\u00e9 Malraux. Rueil<\/p>\n<p class=\"bloccontactnomorga\" style=\"line-height: 13.5pt; background: white;\">5 juillet 15 h place de la r\u00e9publique Paris<\/p>\n<p class=\"bloccontacttd\" style=\"line-height: 13.5pt; background: white; orphans: auto; text-align: start; widows: 1; -webkit-text-stroke-width: 0px; word-spacing: 0px;\"><a href=\"%20culturescroisees.idf@gmail.com\"><span style=\"font-size: 9.0pt; font-family: Arial; color: black;\"><span class=\"apple-converted-space\">\u00a0<\/span><span style=\"color: #6b6a6a; text-decoration: none; text-underline: none;\">culturescroisees.idf@gmail.com<\/span><\/span><\/a><\/p>\n","protected":false},"excerpt":{"rendered":"<p>Crois\u00e9es en Ile de France en partenariat avec le CIOFF (Conseil international des organisations de festivals de folklore et sous la Haut Patronage de l&rsquo;UNESCO organise sa deuxi\u00e8me \u00e9dition du FESTIVAL \u00a0\u00bb DANSES ET MUSIQUES D&rsquo;AILLEURS\u00a0\u00bb du 3 au 5&#8230;<\/p>\n","protected":false},"author":2,"featured_media":0,"comment_status":"open","ping_status":"open","sticky":false,"template":"","format":"standard","meta":{"ngg_post_thumbnail":0,"jetpack_post_was_ever_published":false,"_jetpack_newsletter_access":"","footnotes":""},"categories":[1],"tags":[],"class_list":["post-16919","post","type-post","status-publish","format-standard","hentry","category-non-classe"],"jetpack_featured_media_url":"","jetpack-related-posts":[{"id":25068,"url":"http:\/\/www.letourismeaparis.fr\/index.php\/2023\/06\/28\/le-festival-namaste-france\/","url_meta":{"origin":16919,"position":0},"title":"Le festival Namast\u00e9 France 6-9 juillet","author":"Fabienne TM","date":"28 juin 2023","format":false,"excerpt":"La Seine musicale accueille ce festival. L'Ambassade d'Inde \u00e0 Paris organise le festival Namast\u00e9 France afin de c\u00e9l\u00e9brer avec faste les 25 ans du partenariat strat\u00e9gique entre l'Inde et la France Pendant le festival, Namast\u00e9 France mettra en valeur un m\u00e9lange \u00e9clectique du meilleur des traditions culturelles vivantes et des\u2026","rel":"","context":"Dans &quot;Artisanat&quot;","block_context":{"text":"Artisanat","link":"http:\/\/www.letourismeaparis.fr\/index.php\/category\/culture\/musees-expositions\/artisanat\/"},"img":{"alt_text":"","src":"https:\/\/i0.wp.com\/www.letourismeaparis.fr\/wp-content\/uploads\/2023\/03\/Capture-decran-2023-03-21-a-18.10.01.png?resize=350%2C200","width":350,"height":200,"srcset":"https:\/\/i0.wp.com\/www.letourismeaparis.fr\/wp-content\/uploads\/2023\/03\/Capture-decran-2023-03-21-a-18.10.01.png?resize=350%2C200 1x, https:\/\/i0.wp.com\/www.letourismeaparis.fr\/wp-content\/uploads\/2023\/03\/Capture-decran-2023-03-21-a-18.10.01.png?resize=525%2C300 1.5x"},"classes":[]},{"id":10741,"url":"http:\/\/www.letourismeaparis.fr\/index.php\/2011\/07\/05\/festival-days-off-cite-de-la-musique-et-salle-pleyel-jusquau-10-juillet\/","url_meta":{"origin":16919,"position":1},"title":"Festival Days Off (cit\u00e9 de la musique et salle Pleyel) jusqu&#039;au 10 juillet","author":"Fabienne TM","date":"5 juillet 2011","format":false,"excerpt":"MAR 05 JUILLET\u00a0\u00a0 CIT\u00c9 DE LA MUSIQUE \/ 20H METRONOMY\u00a0 TAME IMPALA JEU 07 JUILLET CIT\u00c9 DE LA MUSIQUE \/ 20H THE VELVET UNDERGROUND REVISITED\u00a0\u00a0 THE HOT RATS (SUPERGRASS)\u00a0\u00a0 COLIN GREENWOOD (RADIOHEAD)\u00a0 NICOLAS GODIN (AIR)\u00a0\u00a0 NIGEL GODRICH\u00a0 SOAP&SKIN VEN 08 JUILLET SALLE PLEYEL \/ 20H PETER VON POEHL WIND ORCHESTRA\u2026","rel":"","context":"Dans &quot;Non class\u00e9&quot;","block_context":{"text":"Non class\u00e9","link":"http:\/\/www.letourismeaparis.fr\/index.php\/category\/non-classe\/"},"img":{"alt_text":"","src":"","width":0,"height":0},"classes":[]},{"id":13713,"url":"http:\/\/www.letourismeaparis.fr\/index.php\/2013\/07\/10\/le-bal-pop-du-grand-palais\/","url_meta":{"origin":16919,"position":2},"title":"Le Bal Pop du Grand Palais","author":"Fabienne TM","date":"10 juillet 2013","format":false,"excerpt":"12 Juillet 2013\u00a0-\u00a014 Juillet 2013 \u00a0\u00a0Grand Palais Le festival de la musique et de l'humour \"Les Envahisseurs\" d\u00e9barque au Grand Palais du 12 au 14 juillet. Les fans de disco, boules \u00e0 facettes et pattes d'eph' se retrouveront \u00e0 la soir\u00e9e Disco Tour 2013, pour danser sur les rythmes endiabl\u00e9s\u2026","rel":"","context":"Dans &quot;Danse&quot;","block_context":{"text":"Danse","link":"http:\/\/www.letourismeaparis.fr\/index.php\/category\/spectacle\/danse\/"},"img":{"alt_text":"","src":"","width":0,"height":0},"classes":[]},{"id":25670,"url":"http:\/\/www.letourismeaparis.fr\/index.php\/2024\/06\/07\/festival-gratuit-a-la-seine-musicale-du-8-au-11-juillet\/","url_meta":{"origin":16919,"position":3},"title":"Festival gratuit \u00e0 la Seine musicale du 8 au 11 juillet","author":"Fabienne TM","date":"7 juin 2024","format":false,"excerpt":"Pour la 5e\u00a0ann\u00e9e cons\u00e9cutive, mk2, en partenariat avec le D\u00e9partement des Hauts-de-Seine, installe son Cin\u00e9club Paradiso sur le parvis de La Seine Musicale du 8 au 11 juillet pour quatre soir\u00e9es de cin\u00e9ma et de danse. Un festival gratuit pour faire vivre \u00e0 tous des soir\u00e9es inoubliables plac\u00e9es sous le\u2026","rel":"","context":"Dans &quot;Cin\u00e9ma&quot;","block_context":{"text":"Cin\u00e9ma","link":"http:\/\/www.letourismeaparis.fr\/index.php\/category\/spectacle\/cinema\/"},"img":{"alt_text":"","src":"","width":0,"height":0},"classes":[]},{"id":20443,"url":"http:\/\/www.letourismeaparis.fr\/index.php\/2017\/11\/08\/festival-don-quijote-a-paris\/","url_meta":{"origin":16919,"position":4},"title":"Festival&quot; Don Quijote&quot; \u00e0 Paris","author":"Fabienne TM","date":"8 novembre 2017","format":false,"excerpt":"Th\u00e9\u00e2tre-Musique-Danse. Du 21 novembre au 3 d\u00e9cembre 2017 Le Festival Don Quijote, qui est l\u2019\u00e9v\u00e8nement culturel en France r\u00e9alis\u00e9 avec la plus grande participation d\u2019artistes espagnols, propose comme chaque automne au public parisien une s\u00e9lection de la cr\u00e9ation sc\u00e9nique espagnole, en premi\u00e8re fran\u00e7aise. Apr\u00e8s avoir franchi le cap symbolique des\u2026","rel":"","context":"Dans &quot;Cultures du Monde&quot;","block_context":{"text":"Cultures du Monde","link":"http:\/\/www.letourismeaparis.fr\/index.php\/category\/culture\/musees-expositions\/cultures-du-monde\/"},"img":{"alt_text":"","src":"https:\/\/i0.wp.com\/www.letourismeaparis.fr\/wp-content\/uploads\/2017\/11\/Capture-d%C3%A2%C2%80%C2%99e%C3%8C%C2%81cran-2017-11-08-a%C3%8C%C2%80-15.22.46-206x300.png?resize=350%2C200","width":350,"height":200},"classes":[]},{"id":7930,"url":"http:\/\/www.letourismeaparis.fr\/index.php\/2010\/06\/21\/treizieme-festival-soirs-dete-dans-le-3-eme\/","url_meta":{"origin":16919,"position":5},"title":"Treizi\u00e8me festival &quot;Soirs d\u2019\u00e9t\u00e9&quot; dans le 3\u00e8me","author":"Fabienne TM","date":"21 juin 2010","format":false,"excerpt":"Treizi\u00e8me Festival Soirs d\u2019\u00e9t\u00e9. trois semaines de concerts gratuits, en plein air, qui se termineront en grand bal... Du 21 juin au 14 juillet 2010 Lundi 21 juin \u00e0 19 h F\u00eate de la Musique avec Mul\u00e9ketu pour une Batucada autour de la Mairie. Et Paco Renteria \u00e0 21h30 guitariste\u2026","rel":"","context":"Dans &quot;Non class\u00e9&quot;","block_context":{"text":"Non class\u00e9","link":"http:\/\/www.letourismeaparis.fr\/index.php\/category\/non-classe\/"},"img":{"alt_text":"","src":"","width":0,"height":0},"classes":[]}],"jetpack_sharing_enabled":true,"jetpack_likes_enabled":true,"_links":{"self":[{"href":"http:\/\/www.letourismeaparis.fr\/index.php\/wp-json\/wp\/v2\/posts\/16919","targetHints":{"allow":["GET"]}}],"collection":[{"href":"http:\/\/www.letourismeaparis.fr\/index.php\/wp-json\/wp\/v2\/posts"}],"about":[{"href":"http:\/\/www.letourismeaparis.fr\/index.php\/wp-json\/wp\/v2\/types\/post"}],"author":[{"embeddable":true,"href":"http:\/\/www.letourismeaparis.fr\/index.php\/wp-json\/wp\/v2\/users\/2"}],"replies":[{"embeddable":true,"href":"http:\/\/www.letourismeaparis.fr\/index.php\/wp-json\/wp\/v2\/comments?post=16919"}],"version-history":[{"count":0,"href":"http:\/\/www.letourismeaparis.fr\/index.php\/wp-json\/wp\/v2\/posts\/16919\/revisions"}],"wp:attachment":[{"href":"http:\/\/www.letourismeaparis.fr\/index.php\/wp-json\/wp\/v2\/media?parent=16919"}],"wp:term":[{"taxonomy":"category","embeddable":true,"href":"http:\/\/www.letourismeaparis.fr\/index.php\/wp-json\/wp\/v2\/categories?post=16919"},{"taxonomy":"post_tag","embeddable":true,"href":"http:\/\/www.letourismeaparis.fr\/index.php\/wp-json\/wp\/v2\/tags?post=16919"}],"curies":[{"name":"wp","href":"https:\/\/api.w.org\/{rel}","templated":true}]}}