{"id":16928,"date":"2015-07-08T10:37:32","date_gmt":"2015-07-08T10:37:32","guid":{"rendered":"http:\/\/www.letourismeaparis.fr\/?p=16928"},"modified":"2015-07-08T10:37:32","modified_gmt":"2015-07-08T10:37:32","slug":"musiques-dans-les-cours-du-marais","status":"publish","type":"post","link":"http:\/\/www.letourismeaparis.fr\/index.php\/2015\/07\/08\/musiques-dans-les-cours-du-marais\/","title":{"rendered":"Musiques dans les cours du Marais"},"content":{"rendered":"<p><strong>Musiques dans les cours du Marais<\/strong><br \/>\nDu 15 au 18 juillet, retrouvez l\u2019Orchestre de chambre de Paris au coeur du Marais pour 4 concerts exceptionnels dans les cours d\u2019H\u00f4tels particuliers du 4e\u00a0arrondissement :<\/p>\n<ul>\n<li>Inspiration v\u00e9nitienne, mercredi 15 juillet \u00e0 20h \u00e0 l\u2019H\u00f4tel d\u2019Albret (musique de chambre)<\/li>\n<li>Octuor \u00e0 vents de Beethoven et Mozart, jeudi 16 juillet \u00e0 20h \u00e0 l\u2019H\u00f4tel de Beauvais\u00a0(musique de chambre)<\/li>\n<li>Vents Viennois, vendredi 17 juillet \u00e0 20h \u00e0 l\u2019H\u00f4tel de Lauzun (musique de chambre)<\/li>\n<li>H\u00f4tel de Sully Samedi 18 Juillet 20h, samedi 18 juillet \u00e0 20h \u00e0 l\u2019H\u00f4tel de Sully (orchestre)<\/li>\n<\/ul>\n<p><strong>Programme complet \u00e0 t\u00e9l\u00e9charger en bas de page.<\/strong><br \/>\nEntr\u00e9e libre sur r\u00e9servation en ligne sur le site de l\u2019Orchestre de Chambre de Paris, dans la limite des places disponibles. Retrait des invitations sur place le jour du concert.<br \/>\nAttention, le service billetterie remettra en circulation les places r\u00e9serv\u00e9es non retir\u00e9es 15 minutes avant le concert.<br \/>\n<strong>Informations pratiques\u00a0:<\/strong><br \/>\nDu 15 au 18 juillet dans les cours des H\u00f4tels particuliers du Marais<br \/>\nGratuit sur r\u00e9servation\u00a0sur le site de l\u2019Orchestre de Chambre de Paris :<a href=\"http:\/\/www.orchestredechambredeparis.com\/musique-dans-les-cours-du-marais\/\"><strong>http:\/\/www.orchestredechambredeparis.com\/musique-dans-les-cours-du-marais\/<\/strong><\/a><\/p>\n","protected":false},"excerpt":{"rendered":"<p>Musiques dans les cours du Marais Du 15 au 18 juillet, retrouvez l\u2019Orchestre de chambre de Paris au coeur du Marais pour 4 concerts exceptionnels dans les cours d\u2019H\u00f4tels particuliers du 4e\u00a0arrondissement : Inspiration v\u00e9nitienne, mercredi 15 juillet \u00e0 20h&#8230;<\/p>\n","protected":false},"author":2,"featured_media":0,"comment_status":"open","ping_status":"open","sticky":false,"template":"","format":"standard","meta":{"ngg_post_thumbnail":0,"jetpack_post_was_ever_published":false,"_jetpack_newsletter_access":"","footnotes":""},"categories":[39],"tags":[],"class_list":["post-16928","post","type-post","status-publish","format-standard","hentry","category-musique"],"jetpack_featured_media_url":"","jetpack-related-posts":[{"id":24760,"url":"http:\/\/www.letourismeaparis.fr\/index.php\/2022\/06\/30\/concerts-en-plein-air-de-lorchestre-de-chambre-de-paris\/","url_meta":{"origin":16928,"position":0},"title":"Concerts en plein air de l&rsquo;orchestre de chambre de Paris","author":"Fabienne TM","date":"30 juin 2022","format":false,"excerpt":"Cet \u00e9t\u00e9, l'Orchestre de chambre de Paris multiplie les rencontres musicales en plein air . Concerts en plein air, r\u00e9cital, festivals : l'orchestre prend ses quartiers d'\u00e9t\u00e9 ! Concerts en plein air du 6 au 10 juillet dans les jardins de l'H\u00f4tel de Sully Du 6 au 10 juillet, l\u2019Orchestre\u2026","rel":"","context":"Dans &quot;Concerts \/ Musique&quot;","block_context":{"text":"Concerts \/ Musique","link":"http:\/\/www.letourismeaparis.fr\/index.php\/category\/culture\/concerts-musique\/"},"img":{"alt_text":"","src":"https:\/\/i0.wp.com\/www.letourismeaparis.fr\/wp-content\/uploads\/2022\/06\/Capture-d%E2%80%99e%CC%81cran-2022-06-30-a%CC%80-17.13.40.png?resize=350%2C200","width":350,"height":200,"srcset":"https:\/\/i0.wp.com\/www.letourismeaparis.fr\/wp-content\/uploads\/2022\/06\/Capture-d%E2%80%99e%CC%81cran-2022-06-30-a%CC%80-17.13.40.png?resize=350%2C200 1x, https:\/\/i0.wp.com\/www.letourismeaparis.fr\/wp-content\/uploads\/2022\/06\/Capture-d%E2%80%99e%CC%81cran-2022-06-30-a%CC%80-17.13.40.png?resize=525%2C300 1.5x"},"classes":[]},{"id":26255,"url":"http:\/\/www.letourismeaparis.fr\/index.php\/2025\/07\/01\/concerts-dans-les-jardins-de-lhotel-de-sully\/","url_meta":{"origin":16928,"position":1},"title":"Concerts dans les jardins de l&rsquo;H\u00f4tel de Sully","author":"Fabienne TM","date":"1 juillet 2025","format":false,"excerpt":"L\u2019Orchestre de chambre de Paris vous propose quatre soir\u00e9es \u00e0 ciel ouvert Placement libre sur des chaises ou transats\u200a Les 4 et 5 juillet - 20 H STRAVINSKY | HAENDEL | MOZART STRAVINSKYPulcinella HAENDELConcerto grosso n\u00b0 5 en r\u00e9 majeur, op. 6 MOZARTSymphonie n\u00b0 34 en ut majeur, KV 338\u2026","rel":"","context":"Dans &quot;Concerts \/ Musique&quot;","block_context":{"text":"Concerts \/ Musique","link":"http:\/\/www.letourismeaparis.fr\/index.php\/category\/culture\/concerts-musique\/"},"img":{"alt_text":"","src":"https:\/\/i0.wp.com\/www.letourismeaparis.fr\/wp-content\/uploads\/2025\/06\/Capture-decran-2025-06-26-a-18.52.53.png?resize=350%2C200","width":350,"height":200},"classes":[]},{"id":8187,"url":"http:\/\/www.letourismeaparis.fr\/index.php\/2010\/07\/22\/les-concerts-et-les-animations-de-paris-plage-du-23-au-31-juillet-a-ne-pas-manquer\/","url_meta":{"origin":16928,"position":2},"title":"Les concerts  et les animations de Paris Plage  du 23 au 31 juillet : \u00e0 ne pas manquer !","author":"Fabienne TM","date":"22 juillet 2010","format":false,"excerpt":"mardi 20 juillet Talents du XIX De 10h \u00e0 18h Pont de Sully Concerts, projections, ateliers au programme anim\u00e9s par des associations du XIXe arrondissement. Danse de Salon De 17h \u00e0 20h Pont Neuf et Quai de Seine Des cours de danse sur tous les styles de musiques. Tous les\u2026","rel":"","context":"Dans &quot;Non class\u00e9&quot;","block_context":{"text":"Non class\u00e9","link":"http:\/\/www.letourismeaparis.fr\/index.php\/category\/non-classe\/"},"img":{"alt_text":"","src":"","width":0,"height":0},"classes":[]},{"id":17838,"url":"http:\/\/www.letourismeaparis.fr\/index.php\/2016\/01\/18\/des-concerts-gratuits-a-la-mairie-du-8eme\/","url_meta":{"origin":16928,"position":3},"title":"Des concerts gratuits \u00e0 la mairie du 8\u00e8me","author":"Fabienne TM","date":"18 janvier 2016","format":false,"excerpt":"\u25ba\u00a021 janvier 2016 \u00e0 13 h: Concert de musique de chambre des \u00e9tudiants de l'\u00a0\u00c9cole normale de Musique de Paris\u00a0. \u0152uvres de Louise Farrenc, Darius Milhaud, Alban berg et Carl Reinecke. \u25ba\u00a028 janvier 2016 :\u00a0\u00e0 13 h Les \u00e9tudiants au\u00a0CRR de Paris\u00a0, de la classe de musique de chambre de\u2026","rel":"","context":"Dans &quot;Musique&quot;","block_context":{"text":"Musique","link":"http:\/\/www.letourismeaparis.fr\/index.php\/category\/culture\/concerts-musique\/musique\/"},"img":{"alt_text":"","src":"","width":0,"height":0},"classes":[]},{"id":10741,"url":"http:\/\/www.letourismeaparis.fr\/index.php\/2011\/07\/05\/festival-days-off-cite-de-la-musique-et-salle-pleyel-jusquau-10-juillet\/","url_meta":{"origin":16928,"position":4},"title":"Festival Days Off (cit\u00e9 de la musique et salle Pleyel) jusqu&#039;au 10 juillet","author":"Fabienne TM","date":"5 juillet 2011","format":false,"excerpt":"MAR 05 JUILLET\u00a0\u00a0 CIT\u00c9 DE LA MUSIQUE \/ 20H METRONOMY\u00a0 TAME IMPALA JEU 07 JUILLET CIT\u00c9 DE LA MUSIQUE \/ 20H THE VELVET UNDERGROUND REVISITED\u00a0\u00a0 THE HOT RATS (SUPERGRASS)\u00a0\u00a0 COLIN GREENWOOD (RADIOHEAD)\u00a0 NICOLAS GODIN (AIR)\u00a0\u00a0 NIGEL GODRICH\u00a0 SOAP&SKIN VEN 08 JUILLET SALLE PLEYEL \/ 20H PETER VON POEHL WIND ORCHESTRA\u2026","rel":"","context":"Dans &quot;Non class\u00e9&quot;","block_context":{"text":"Non class\u00e9","link":"http:\/\/www.letourismeaparis.fr\/index.php\/category\/non-classe\/"},"img":{"alt_text":"","src":"","width":0,"height":0},"classes":[]},{"id":22182,"url":"http:\/\/www.letourismeaparis.fr\/index.php\/2019\/03\/05\/des-concerts-aux-invalides\/","url_meta":{"origin":16928,"position":5},"title":"Des concerts aux Invalides","author":"Fabienne TM","date":"5 mars 2019","format":false,"excerpt":"LUNDI 11 mars Joutes Instrumentales II 20h - Grand Salon JEUDI 14 mars Clarinette et baguette de Paul Meyer 20h - Cath\u00e9drale Saint-Louis VENDREDI 15 mars Songe d'une nuit d'\u00e9t\u00e9 12h15 - Grand Salon LUNDI 18 mars Joutes Instrumentales III 20h - Grand Salon JEUDI 21 mars Carte blanche aux\u2026","rel":"","context":"Dans &quot;Non class\u00e9&quot;","block_context":{"text":"Non class\u00e9","link":"http:\/\/www.letourismeaparis.fr\/index.php\/category\/non-classe\/"},"img":{"alt_text":"","src":"","width":0,"height":0},"classes":[]}],"jetpack_sharing_enabled":true,"jetpack_likes_enabled":true,"_links":{"self":[{"href":"http:\/\/www.letourismeaparis.fr\/index.php\/wp-json\/wp\/v2\/posts\/16928","targetHints":{"allow":["GET"]}}],"collection":[{"href":"http:\/\/www.letourismeaparis.fr\/index.php\/wp-json\/wp\/v2\/posts"}],"about":[{"href":"http:\/\/www.letourismeaparis.fr\/index.php\/wp-json\/wp\/v2\/types\/post"}],"author":[{"embeddable":true,"href":"http:\/\/www.letourismeaparis.fr\/index.php\/wp-json\/wp\/v2\/users\/2"}],"replies":[{"embeddable":true,"href":"http:\/\/www.letourismeaparis.fr\/index.php\/wp-json\/wp\/v2\/comments?post=16928"}],"version-history":[{"count":0,"href":"http:\/\/www.letourismeaparis.fr\/index.php\/wp-json\/wp\/v2\/posts\/16928\/revisions"}],"wp:attachment":[{"href":"http:\/\/www.letourismeaparis.fr\/index.php\/wp-json\/wp\/v2\/media?parent=16928"}],"wp:term":[{"taxonomy":"category","embeddable":true,"href":"http:\/\/www.letourismeaparis.fr\/index.php\/wp-json\/wp\/v2\/categories?post=16928"},{"taxonomy":"post_tag","embeddable":true,"href":"http:\/\/www.letourismeaparis.fr\/index.php\/wp-json\/wp\/v2\/tags?post=16928"}],"curies":[{"name":"wp","href":"https:\/\/api.w.org\/{rel}","templated":true}]}}