{"id":16937,"date":"2015-08-12T08:16:24","date_gmt":"2015-08-12T08:16:24","guid":{"rendered":"http:\/\/www.letourismeaparis.fr\/?p=16937"},"modified":"2015-08-12T08:16:24","modified_gmt":"2015-08-12T08:16:24","slug":"linca-conquistador-au-musee-du-quai-branly","status":"publish","type":"post","link":"http:\/\/www.letourismeaparis.fr\/index.php\/2015\/08\/12\/linca-conquistador-au-musee-du-quai-branly\/","title":{"rendered":"L\u2019inca conquistador au mus\u00e9e du quai Branly"},"content":{"rendered":"<p>Deux hommes, une m\u00eame ambition. \u00c0 travers les portraits de l\u2019Inca Atahualpa et du conquistador Francisco Pizarro, l\u2019exposition retrace les moments-cl\u00e9s de la conqu\u00eate de l&#8217;empire Inca et met en sc\u00e8ne la rencontre de deux mondes, \u00e0 l\u2019or\u00e9e de leur destin.<a href=\"http:\/\/www.letourismeaparis.fr\/wp-content\/uploads\/2015\/07\/inca.jpg\"><img loading=\"lazy\" decoding=\"async\" class=\"aligncenter  wp-image-16938\" src=\"http:\/\/www.letourismeaparis.fr\/wp-content\/uploads\/2015\/07\/inca-199x300.jpg\" alt=\"inca\" width=\"188\" height=\"275\" \/><\/a><!--more--><br \/>\n\u00ab\u00a0Ann\u00e9es 1520 : l\u2019empire espagnol de\u00a0<strong>Charles Quint<\/strong>, assoiff\u00e9 d\u2019or et de conqu\u00eates, poursuit son exploration de l\u2019oc\u00e9an Pacifique et du littoral sud-am\u00e9ricain entam\u00e9e une d\u00e9cennie plus t\u00f4t. Au m\u00eame moment c\u00f4t\u00e9 am\u00e9rindien, le plus grand empire inca jamais connu \u2013 Tawantinsuyu, \u00ab\u00a0l\u2019empire des quatre quartiers\u00a0\u00bb \u2013 m\u00e8ne son expansion sous le r\u00e8gne de<strong>Huayna Capac<\/strong>. \u00c0 la mort de ce dernier, une crise dynastique porte au pouvoir son fils\u00a0<strong>Atahualpa<\/strong>, co\u00efncidant avec l\u2019arriv\u00e9e sur le territoire p\u00e9ruvien de l\u2019espagnol\u00a0<strong>Francisco Pizarro<\/strong>\u00a0et de ses conquistadores.<br \/>\nAutour des r\u00e9cits espagnols et indig\u00e8nes de la conqu\u00eate, illustrant les parcours parall\u00e8les puis l\u2019affrontement de ses deux protagonistes, l\u2019exposition retrace les moments-cl\u00e9s de l\u2019histoire du continent sud-am\u00e9ricain. Pr\u00e9sent\u00e9s sous forme de dialogue,les objets incas et hispaniques, les peintures, cartes et gravures d\u2019\u00e9poque mettent l\u2019accent sur la confrontation de deux mondes radicalement oppos\u00e9s, engag\u00e9s dans une profonde r\u00e9volution politique, \u00e9conomique, culturelle et religieuse\u00a0\u00bb.<\/p>\n<ul>\n<li><strong>mardi, mercredi et dimanche de 11h \u00e0 19h,<\/strong>\u00a0ouverture de la billetterie \u00e0 9h30 (dimanche \u00e0 10h30), fermeture \u00e0 18h<\/li>\n<li><strong>jeudi, vendredi et samedi de 11h \u00e0 21h,\u00a0<\/strong>ouverture de la billetterie \u00e0 9h30,\u00a0fermeture \u00e0 20h<\/li>\n<\/ul>\n<p>&nbsp;<\/p>\n<ul>\n<li><strong>entr\u00e9e Debilly<\/strong>\u00a0&#8211; 37, quai Branly &#8211; face \u00e0 la passerelle Debilly<\/li>\n<li><strong>entr\u00e9e Universit\u00e9<\/strong>\u00a0&#8211; 218, rue de l\u2019Universit\u00e9<\/li>\n<li><strong>entr\u00e9e des Bassins<\/strong>\u00a0&#8211; 206, rue de l\u2019Universit\u00e9<\/li>\n<li>Jusqu\u2019au 20 septembre 2015<\/li>\n<\/ul>\n<p><a href=\"www.quaibranly.fr\"><span style=\"color: #336643;\">www.<\/span><b style=\"color: #336643;\">quaibranly<\/b><span style=\"color: #336643;\">.fr<\/span><\/a><\/p>\n","protected":false},"excerpt":{"rendered":"<p>Deux hommes, une m\u00eame ambition. \u00c0 travers les portraits de l\u2019Inca Atahualpa et du conquistador Francisco Pizarro, l\u2019exposition retrace les moments-cl\u00e9s de la conqu\u00eate de l&#8217;empire Inca et met en sc\u00e8ne la rencontre de deux mondes, \u00e0 l\u2019or\u00e9e de leur&#8230;<\/p>\n","protected":false},"author":2,"featured_media":0,"comment_status":"open","ping_status":"open","sticky":false,"template":"","format":"standard","meta":{"ngg_post_thumbnail":0,"jetpack_post_was_ever_published":false,"_jetpack_newsletter_access":"","footnotes":""},"categories":[27],"tags":[118,192,277,278],"class_list":["post-16937","post","type-post","status-publish","format-standard","hentry","category-musees-expositions","tag-conquistador","tag-inca","tag-perou","tag-peru"],"jetpack_featured_media_url":"","jetpack-related-posts":[{"id":4511,"url":"http:\/\/www.letourismeaparis.fr\/index.php\/2009\/10\/02\/lor-sacre-des-incas-a-puteaux\/","url_meta":{"origin":16937,"position":0},"title":"L&#039;or sacr\u00e9 des Incas \u00e0 Puteaux","author":"Fabienne TM","date":"2 octobre 2009","format":false,"excerpt":"Cette exposition retrace l\u2019histoire des Incas sur 3000 ans, au c\u0153ur de la Cordill\u00e8re des Andes. Vous d\u00e9couvrirez\u00a0 l\u2019empire Inca, ses paysages grandioses, les myst\u00e8res du lac Titicaca et les tr\u00e9sors du Peuple du soleil... http:\/\/www.orsacredesincas.com\/ H\u00f4tel de ville de Puteaux\u00a0 92 131, rue de la R\u00e9publique 92800 Puteaux de\u2026","rel":"","context":"Dans &quot;Non class\u00e9&quot;","block_context":{"text":"Non class\u00e9","link":"http:\/\/www.letourismeaparis.fr\/index.php\/category\/non-classe\/"},"img":{"alt_text":"","src":"https:\/\/i0.wp.com\/www.letourismeaparis.fr\/wp-content\/uploads\/2009\/10\/200483850-001.jpg?resize=350%2C200","width":350,"height":200},"classes":[]},{"id":2727,"url":"http:\/\/www.letourismeaparis.fr\/index.php\/2009\/04\/27\/conference-sur-lima-et-son-passe-pre-inca-lundi-27-avril\/","url_meta":{"origin":16937,"position":1},"title":"Conf\u00e9rence sur Lima et son pass\u00e9 pr\u00e9-Inca lundi 27 avril","author":"Fabienne TM","date":"27 avril 2009","format":false,"excerpt":"Lundi 27 Avril 2009 \u00e0 18H30 \u00ab Lima : son pass\u00e9 pre-inca et Inca\u00bb Au cours de la soir\u00e9e accompagn\u00e9e d\u2019images nous reverrons le pass\u00e9 pre-colonial de Lima, son d\u00e9veloppement pass\u00e9 et pr\u00e9sent et nous aborderons le d\u00e9fi pos\u00e9 par les perspectives d\u2019une nouvelle identification du \u00ab lime\u00f1o \u00bb. Maison\u2026","rel":"","context":"Dans &quot;Non class\u00e9&quot;","block_context":{"text":"Non class\u00e9","link":"http:\/\/www.letourismeaparis.fr\/index.php\/category\/non-classe\/"},"img":{"alt_text":"","src":"","width":0,"height":0},"classes":[]},{"id":25696,"url":"http:\/\/www.letourismeaparis.fr\/index.php\/2024\/07\/05\/mexica-une-exposition-unique-dans-lhistoire-de-larcheologie-mesoamericaine\/","url_meta":{"origin":16937,"position":2},"title":"MEXICA ,Une exposition unique dans l\u2019histoire de l\u2019arch\u00e9ologie m\u00e9soam\u00e9ricaine.","author":"Fabienne TM","date":"5 juillet 2024","format":false,"excerpt":"MEXICA ,Une exposition unique dans l\u2019histoire de l\u2019arch\u00e9ologie m\u00e9soam\u00e9ricaine. Le 21 f\u00e9vrier 1978, les: les vestiges de l\u2019ancienne cit\u00e9 de Tenochtitlan, capitale de la civilisation mexica longtemps nomm\u00e9e \u00e0 tort azt\u00e8que et de son enceinte sacr\u00e9e, le Templo Mayor sont d\u00e9couverts. Un \u00e9norme monolithe circulaire figurant la d\u00e9esse de la\u2026","rel":"","context":"Dans &quot;Culture&quot;","block_context":{"text":"Culture","link":"http:\/\/www.letourismeaparis.fr\/index.php\/category\/culture\/"},"img":{"alt_text":"","src":"https:\/\/i0.wp.com\/www.letourismeaparis.fr\/wp-content\/uploads\/2024\/07\/Capture-decran-2024-07-05-a-17.44.34.png?resize=350%2C200","width":350,"height":200},"classes":[]},{"id":20337,"url":"http:\/\/www.letourismeaparis.fr\/index.php\/2017\/12\/30\/le-perou-avant-les-incas-du-14-novembre-2017-au-1er-avril-2018-au-musee-du-quai-branly\/","url_meta":{"origin":16937,"position":3},"title":"\u00ab LE P\u00e9ROU AVANT LES INCAS \u00bb  Du 14 novembre 2017 au 1er avril 2018, au mus\u00e9e du quai Branly","author":"Fabienne TM","date":"30 d\u00e9cembre 2017","format":false,"excerpt":"\u00a0 Cupisnique, Mochica, Chim\u00fa, Lambayeque\u2026 Loin d\u2019avoir dans notre imaginaire la puissance \u00e9vocatricedes Incas, ces cultures anciennes du nord du P\u00e9rou ont pourtant port\u00e9 les germes du plus vaste empirepr\u00e9hispanique. L\u2019exposition \u00ab LE P\u00e9ROU AVANT LES INCAS \u00bb en r\u00e9v\u00e8le les richesses et enqu\u00eate sur les traces de ces civilisations\u2026","rel":"","context":"Dans &quot;Cultures du Monde&quot;","block_context":{"text":"Cultures du Monde","link":"http:\/\/www.letourismeaparis.fr\/index.php\/category\/culture\/musees-expositions\/cultures-du-monde\/"},"img":{"alt_text":"","src":"","width":0,"height":0},"classes":[]},{"id":24702,"url":"http:\/\/www.letourismeaparis.fr\/index.php\/2022\/04\/25\/machu-picchu-et-les-tresors-du-perou-a-la-cite-de-larchitecture\/","url_meta":{"origin":16937,"position":4},"title":"\u00ab\u00a0Machu Picchu et les tr\u00e9sors du P\u00e9rou \u00bb \u00e0 la cit\u00e9 de l&rsquo;architecture.","author":"Fabienne TM","date":"25 avril 2022","format":false,"excerpt":"Une exposition qui vaut le voyage ! De la d\u00e9couverte de Machu Picchu jusqu\u2019aux tr\u00e9sors de l\u2019ancien P\u00e9rou. Le 24 juillet 1911, apr\u00e8s une longue marche dans la for\u00eat tropicale p\u00e9ruvienne, l\u2019explorateur am\u00e9ricain Hiram Bingham d\u00e9couvre le sanctuaire inca du Machu Picchu. Ses clich\u00e9s font l\u2019objet, d\u00e8s 1913, d\u2019un num\u00e9ro\u2026","rel":"","context":"Dans &quot;Mus\u00e9es \/ Expositions&quot;","block_context":{"text":"Mus\u00e9es \/ Expositions","link":"http:\/\/www.letourismeaparis.fr\/index.php\/category\/culture\/musees-expositions\/"},"img":{"alt_text":"","src":"https:\/\/i0.wp.com\/www.letourismeaparis.fr\/wp-content\/uploads\/2022\/04\/Capture-d%E2%80%99e%CC%81cran-2022-04-25-a%CC%80-19.29.42.png?resize=350%2C200","width":350,"height":200},"classes":[]},{"id":8589,"url":"http:\/\/www.letourismeaparis.fr\/index.php\/2010\/11\/02\/lor-des-incas-a-la-pinacotheque-de-paris\/","url_meta":{"origin":16937,"position":5},"title":"L&#039;or des Incas  \u00e0 la Pinacoth\u00e8que de Paris","author":"Fabienne TM","date":"2 novembre 2010","format":false,"excerpt":"\"Les Incas ont domin\u00e9 les Andes durant un si\u00e8cle (1400-1533). Lorsqu\u2019ils s\u2019installent dans la r\u00e9gion de Cuzco au XIII\u00e8me si\u00e8cle, dix civilisations s\u2019y sont d\u00e9j\u00e0 succ\u00e9d\u00e9es. Les Incas sont donc les h\u00e9ritiers de traditions sophistiqu\u00e9es \u00e9labor\u00e9es pendant plus de 3000 ans. Consid\u00e9r\u00e9 comme la \u00ab sueur \u00bb du soleil, divinit\u00e9\u2026","rel":"","context":"Dans &quot;Non class\u00e9&quot;","block_context":{"text":"Non class\u00e9","link":"http:\/\/www.letourismeaparis.fr\/index.php\/category\/non-classe\/"},"img":{"alt_text":"","src":"","width":0,"height":0},"classes":[]}],"jetpack_sharing_enabled":true,"jetpack_likes_enabled":true,"_links":{"self":[{"href":"http:\/\/www.letourismeaparis.fr\/index.php\/wp-json\/wp\/v2\/posts\/16937","targetHints":{"allow":["GET"]}}],"collection":[{"href":"http:\/\/www.letourismeaparis.fr\/index.php\/wp-json\/wp\/v2\/posts"}],"about":[{"href":"http:\/\/www.letourismeaparis.fr\/index.php\/wp-json\/wp\/v2\/types\/post"}],"author":[{"embeddable":true,"href":"http:\/\/www.letourismeaparis.fr\/index.php\/wp-json\/wp\/v2\/users\/2"}],"replies":[{"embeddable":true,"href":"http:\/\/www.letourismeaparis.fr\/index.php\/wp-json\/wp\/v2\/comments?post=16937"}],"version-history":[{"count":0,"href":"http:\/\/www.letourismeaparis.fr\/index.php\/wp-json\/wp\/v2\/posts\/16937\/revisions"}],"wp:attachment":[{"href":"http:\/\/www.letourismeaparis.fr\/index.php\/wp-json\/wp\/v2\/media?parent=16937"}],"wp:term":[{"taxonomy":"category","embeddable":true,"href":"http:\/\/www.letourismeaparis.fr\/index.php\/wp-json\/wp\/v2\/categories?post=16937"},{"taxonomy":"post_tag","embeddable":true,"href":"http:\/\/www.letourismeaparis.fr\/index.php\/wp-json\/wp\/v2\/tags?post=16937"}],"curies":[{"name":"wp","href":"https:\/\/api.w.org\/{rel}","templated":true}]}}