{"id":16942,"date":"2015-07-03T21:10:33","date_gmt":"2015-07-03T21:10:33","guid":{"rendered":"http:\/\/www.letourismeaparis.fr\/?p=16942"},"modified":"2015-07-03T21:10:33","modified_gmt":"2015-07-03T21:10:33","slug":"longines-paris-eiffel-jumping-champ-de-mars-4-5-juillet-2015","status":"publish","type":"post","link":"http:\/\/www.letourismeaparis.fr\/index.php\/2015\/07\/03\/longines-paris-eiffel-jumping-champ-de-mars-4-5-juillet-2015\/","title":{"rendered":"LONGINES PARIS EIFFEL JUMPING &#8211; CHAMP DE MARS &#8211;  4, 5 JUILLET 2015"},"content":{"rendered":"<p>LONGINES PARIS EIFFEL JUMPING &#8211; CHAMP DE MARS &#8211; 3, 4, 5 JUILLET 2015<br \/>\n<em> Une opportunit\u00e9 unique d&rsquo;accueillir un \u00e9v\u00e9nement sportif international de standing au pied de la Tour Eiffel, symbole plan\u00e9taire du patrimoine culturel Fran\u00e7ais.<\/em><br \/>\n<em>Les tribunes sont libres d\u2019acc\u00e8s et gratuites <\/em><br \/>\nsamedi 04 juillet 2015<em>de 9h00 \u00e0 22h45<\/em><!--more--><\/p>\n<table width=\"720\">\n<tbody>\n<tr>\n<td colspan=\"4\"><strong><em>Session C<\/em><\/strong><\/td>\n<\/tr>\n<tr>\n<td>9h00 &#8211; 10h00<\/td>\n<td>CSI 1*<\/td>\n<td><strong>Prix Equestrio\u00a0<\/strong>Contre-la-montre<\/td>\n<td>115<\/td>\n<\/tr>\n<tr>\n<td>10h15 &#8211; 12h00<\/td>\n<td>CSI 1*<\/td>\n<td><strong>Prix Jaulin<\/strong>\u00a0Contre-la-montre<\/td>\n<td>125<\/td>\n<\/tr>\n<tr>\n<td>12h40 &#8211; 14h30<\/td>\n<td>CSI 5*<\/td>\n<td><strong>Prix Renault Kadjar\u00a0<\/strong>Contre-la-montre<\/td>\n<td>145\/150<\/td>\n<\/tr>\n<tr>\n<td>14h50 &#8211; 16h15<\/td>\n<td>CSI 1*<\/td>\n<td><strong>Prix Laiterie de Montaigu<\/strong>\u00a0Contre-la-montre<\/td>\n<td>135\/140<\/td>\n<\/tr>\n<tr>\n<td>16h45 &#8211; 16h55<\/td>\n<td><strong>La Garde R\u00e9publicaine<\/strong><\/td>\n<\/tr>\n<tr>\n<td colspan=\"4\"><strong><em>Session D<\/em><\/strong><\/td>\n<\/tr>\n<tr>\n<td>17h15 &#8211; 19h15<\/td>\n<td>CSI 5*<\/td>\n<td><strong>Grand Prix Longines Global Champions Tour de Paris\u00a0<\/strong>1\u00e8re manche<\/td>\n<td>160<\/td>\n<\/tr>\n<tr>\n<td>20h00 &#8211; 21h15<\/td>\n<td>CSI 5*<\/td>\n<td><strong>Grand Prix Longines Global Champions Tour de Paris<\/strong>\u00a02\u00e8me manche avec barrage<\/td>\n<td>160<\/td>\n<\/tr>\n<tr>\n<td>21h40 &#8211; 22h45<\/td>\n<td><strong>Santi Serra &amp; T\u00e9o Sauvageot Capdequi<\/strong><\/td>\n<\/tr>\n<\/tbody>\n<\/table>\n<p>dimanche 05 juillet 2015<em>de 9h00 \u00e0 19h15<\/em><\/p>\n<table width=\"720\">\n<tbody>\n<tr>\n<td colspan=\"4\"><strong><em>Session E<\/em><\/strong><\/td>\n<\/tr>\n<tr>\n<td>9h00 &#8211; 10h45<\/td>\n<td>CSI 1*<\/td>\n<td>Finale Medium Tour, Prix BFM Business\u00a0Contre-la-montre avec Barrage<\/td>\n<td>125\/130<\/td>\n<\/tr>\n<tr>\n<td>10h55 &#8211; 12h20<\/td>\n<td>CSI 1*<\/td>\n<td>Finale Small Tour, Prix Evian\u00a0Contre-la-montre avec Barrage<\/td>\n<td>115<\/td>\n<\/tr>\n<tr>\n<td>12h40 &#8211; 12h55<\/td>\n<td>Horsemen<\/td>\n<\/tr>\n<tr>\n<td>13h10 &#8211; 14h30<\/td>\n<td>CSI 1*<\/td>\n<td><strong>Finale Big Tour, Prix La Financi\u00e8re de l&rsquo;\u00c9chiquier\u00a0<\/strong>Contre-la-montre avec Barrage<\/td>\n<td>140<\/td>\n<\/tr>\n<tr>\n<td>14h50 &#8211; 15h15<\/td>\n<td>National<\/td>\n<td>Kid Cup pr\u00e9sent\u00e9e par Sourire \u00e0 la Vie<\/td>\n<td>60<\/td>\n<\/tr>\n<tr>\n<td>16h00 &#8211; 18h30<\/td>\n<td>CSI 5*<\/td>\n<td>Prix de la Ville de Paris\u00a0Contre-la-montre avec Barrage<\/td>\n<td>160<\/td>\n<\/tr>\n<tr>\n<td>18h45 &#8211; 19h15<\/td>\n<td>La Garde r\u00e9publicaine<\/td>\n<\/tr>\n<\/tbody>\n<\/table>\n<p><em>\u00a0<\/em><br \/>\n&nbsp;<br \/>\n<a href=\"http:\/\/pariseiffeljumping.com\/fr\/programme.html\">http:\/\/pariseiffeljumping.com\/fr\/programme.html<\/a><\/p>\n","protected":false},"excerpt":{"rendered":"<p>LONGINES PARIS EIFFEL JUMPING &#8211; CHAMP DE MARS &#8211; 3, 4, 5 JUILLET 2015 Une opportunit\u00e9 unique d&rsquo;accueillir un \u00e9v\u00e9nement sportif international de standing au pied de la Tour Eiffel, symbole plan\u00e9taire du patrimoine culturel Fran\u00e7ais. Les tribunes sont libres&#8230;<\/p>\n","protected":false},"author":2,"featured_media":0,"comment_status":"open","ping_status":"open","sticky":false,"template":"","format":"standard","meta":{"ngg_post_thumbnail":0,"jetpack_post_was_ever_published":false,"_jetpack_newsletter_access":"","footnotes":""},"categories":[1],"tags":[],"class_list":["post-16942","post","type-post","status-publish","format-standard","hentry","category-non-classe"],"jetpack_featured_media_url":"","jetpack-related-posts":[{"id":20036,"url":"http:\/\/www.letourismeaparis.fr\/index.php\/2017\/06\/22\/les-30-juin-1er-et-2-juillet-2017-le-longines-paris-eiffel-jumping-au-pied-de-la-tour-eiffel-champ-de-mars\/","url_meta":{"origin":16942,"position":0},"title":"Les 30 juin, 1er et 2 juillet 2017  LE LONGINES PARIS EIFFEL JUMPING  Au pied de la Tour Eiffel (Champ de Mars)","author":"Fabienne TM","date":"22 juin 2017","format":false,"excerpt":"\u00a0 \u00a0 Les meilleurs cavaliers du monde, les m\u00e9daill\u00e9s d\u2019Or de Rio et des cavaliers espoirs et passionn\u00e9s de renom Rencontrez les meilleurs cavaliers du monde dont les Champions Olympiques de Rio, P\u00e9n\u00e9lope Lepr\u00e9vost, Roger-Yves Bost, Kevin Statut, Philippe Rozier\u2026 Admirez les performances de Guillaume Canet, Marina Hands, Iman Perez\u2026\u2026","rel":"","context":"Dans &quot;Non class\u00e9&quot;","block_context":{"text":"Non class\u00e9","link":"http:\/\/www.letourismeaparis.fr\/index.php\/category\/non-classe\/"},"img":{"alt_text":"","src":"","width":0,"height":0},"classes":[]},{"id":19615,"url":"http:\/\/www.letourismeaparis.fr\/index.php\/2017\/03\/22\/le-longines-paris-eiffel-jumping\/","url_meta":{"origin":16942,"position":1},"title":"le Longines Paris Eiffel Jumping,","author":"Fabienne TM","date":"22 mars 2017","format":false,"excerpt":"Les 30 juin, 1er et 2 juillet 2017, le Longines Paris Eiffel Jumping, comp\u00e9tition 5* de saut d\u2019obstacles, retrouvera le Champ de Mars de Paris. Ouverte \u00e0 tous, la 8\u00e8me \u00e9tape, d\u00e9sormais embl\u00e9matique du circuit international du LONGINES GLOBAL CHAMPIONS TOUR ET GLOBAL CHAMPIONS LEAGUE r\u00e9unira les meilleurs cavaliers du\u2026","rel":"","context":"Dans &quot;Non class\u00e9&quot;","block_context":{"text":"Non class\u00e9","link":"http:\/\/www.letourismeaparis.fr\/index.php\/category\/non-classe\/"},"img":{"alt_text":"","src":"","width":0,"height":0},"classes":[]},{"id":19884,"url":"http:\/\/www.letourismeaparis.fr\/index.php\/2017\/05\/22\/un-cheval-dans-paris-le-31-mai\/","url_meta":{"origin":16942,"position":2},"title":"Un cheval dans Paris  le 31 mai &#8230;..","author":"Fabienne TM","date":"22 mai 2017","format":false,"excerpt":"Mercredi 31 mai prochain, de 8h \u00e0 12h45, un cheval aux couleurs du Longines Paris Eiffel Jumping, arpentera les rues de Paris et s\u2019arr\u00eatera dans des lieux embl\u00e9matiques de la Capitale, une op\u00e9ration originale. L\u2019objectif ? Susciter la curiosit\u00e9 des passants, les sensibiliser et annoncer la prochaine \u00e9dition du Longines\u2026","rel":"","context":"Dans &quot;Non class\u00e9&quot;","block_context":{"text":"Non class\u00e9","link":"http:\/\/www.letourismeaparis.fr\/index.php\/category\/non-classe\/"},"img":{"alt_text":"","src":"","width":0,"height":0},"classes":[]},{"id":19774,"url":"http:\/\/www.letourismeaparis.fr\/index.php\/2017\/05\/06\/jumping-international-5-a-versailles-du-5-au-7-mai\/","url_meta":{"origin":16942,"position":3},"title":"Jumping International 5* \u00e0 Versailles du 5 au 7 mai","author":"Fabienne TM","date":"6 mai 2017","format":false,"excerpt":"La saison internationale 2017 de saut d\u2019obstacles s\u2019enrichit d\u2019un nouvel \u00e9v\u00e8nement \u00a0dans un lieu embl\u00e9matique : la Grande \u00c9curie du roi \u00e0 Versailles. Il s\u2019agira d\u2019un CSI 5* (Concours de saut d\u2019obstacles international) \u0080 dont le point d\u2019orgue sera le Grand Prix Rolex \u00a0qui s\u2019inscrira d\u2019embl\u00e9e comme l\u2019un des titres\u2026","rel":"","context":"Dans &quot;Spectacle&quot;","block_context":{"text":"Spectacle","link":"http:\/\/www.letourismeaparis.fr\/index.php\/category\/spectacle\/"},"img":{"alt_text":"","src":"","width":0,"height":0},"classes":[]},{"id":16547,"url":"http:\/\/www.letourismeaparis.fr\/index.php\/2015\/04\/07\/le-saut-hermes-au-grand-palais-vendredi-10-samedi-11-et-dimanche-12-avril-2015\/","url_meta":{"origin":16942,"position":4},"title":"LE SAUT HERM\u00c8S AU GRAND PALAIS, vendredi 10, samedi 11 et dimanche 12 avril 2015,","author":"Fabienne TM","date":"7 avril 2015","format":false,"excerpt":"L'\u00e9lite du saut d\u2019obstacles se retrouvera au Grand Palais pour participer \u00e0 une comp\u00e9tition de jumping international de niveau 5*, classification la plus \u00e9lev\u00e9e de la F\u00e9d\u00e9ration \u00e9questre internationale. \u00a0 LES \u00c9PREUVES EN DIRECT Cette ann\u00e9e\u00a0les \u00e9preuves seront retransmises en direct * sur le site : www.sauthermes.com H\u00d4TEL DE VILLE,\u2026","rel":"","context":"Dans &quot;Spectacle&quot;","block_context":{"text":"Spectacle","link":"http:\/\/www.letourismeaparis.fr\/index.php\/category\/spectacle\/"},"img":{"alt_text":"","src":"https:\/\/i0.wp.com\/www.letourismeaparis.fr\/wp-content\/uploads\/2015\/04\/saut-herm%C3%83%C2%A8s-204x300.jpg?resize=350%2C200","width":350,"height":200},"classes":[]},{"id":5523,"url":"http:\/\/www.letourismeaparis.fr\/index.php\/2009\/12\/09\/salon-du-cheval-de-paris-du-5-au-13-decembre-2009-nombreuses-animations\/","url_meta":{"origin":16942,"position":5},"title":"Salon du cheval de Paris du 5 au 13 d\u00e9cembre 2009: nombreuses animations","author":"Fabienne TM","date":"9 d\u00e9cembre 2009","format":false,"excerpt":"Le Salon du Cheval de Paris est heureux de vous accueillir pour la premi\u00e8re fois au Parc des Expositions de Paris Nord Villepinte pour plus de chevaux, plus de spectacles et plus d'animations!!! Le retour du Sport de Haut Niveau, un CSI 5*.Du jeudi 10 au dimanche 13 d\u00e9cembre 2009\u2026","rel":"","context":"Dans &quot;Non class\u00e9&quot;","block_context":{"text":"Non class\u00e9","link":"http:\/\/www.letourismeaparis.fr\/index.php\/category\/non-classe\/"},"img":{"alt_text":"","src":"","width":0,"height":0},"classes":[]}],"jetpack_sharing_enabled":true,"jetpack_likes_enabled":true,"_links":{"self":[{"href":"http:\/\/www.letourismeaparis.fr\/index.php\/wp-json\/wp\/v2\/posts\/16942","targetHints":{"allow":["GET"]}}],"collection":[{"href":"http:\/\/www.letourismeaparis.fr\/index.php\/wp-json\/wp\/v2\/posts"}],"about":[{"href":"http:\/\/www.letourismeaparis.fr\/index.php\/wp-json\/wp\/v2\/types\/post"}],"author":[{"embeddable":true,"href":"http:\/\/www.letourismeaparis.fr\/index.php\/wp-json\/wp\/v2\/users\/2"}],"replies":[{"embeddable":true,"href":"http:\/\/www.letourismeaparis.fr\/index.php\/wp-json\/wp\/v2\/comments?post=16942"}],"version-history":[{"count":0,"href":"http:\/\/www.letourismeaparis.fr\/index.php\/wp-json\/wp\/v2\/posts\/16942\/revisions"}],"wp:attachment":[{"href":"http:\/\/www.letourismeaparis.fr\/index.php\/wp-json\/wp\/v2\/media?parent=16942"}],"wp:term":[{"taxonomy":"category","embeddable":true,"href":"http:\/\/www.letourismeaparis.fr\/index.php\/wp-json\/wp\/v2\/categories?post=16942"},{"taxonomy":"post_tag","embeddable":true,"href":"http:\/\/www.letourismeaparis.fr\/index.php\/wp-json\/wp\/v2\/tags?post=16942"}],"curies":[{"name":"wp","href":"https:\/\/api.w.org\/{rel}","templated":true}]}}