{"id":16949,"date":"2015-07-12T15:23:06","date_gmt":"2015-07-12T15:23:06","guid":{"rendered":"http:\/\/www.letourismeaparis.fr\/?p=16949"},"modified":"2015-07-12T15:23:06","modified_gmt":"2015-07-12T15:23:06","slug":"les-bals-des-pompiers-les-13-et-14-juillet-a-paris-dans-les-casernes","status":"publish","type":"post","link":"http:\/\/www.letourismeaparis.fr\/index.php\/2015\/07\/12\/les-bals-des-pompiers-les-13-et-14-juillet-a-paris-dans-les-casernes\/","title":{"rendered":"Les bals des pompiers les 13 et 14 juillet \u00e0 Paris dans les casernes"},"content":{"rendered":"<p><strong>le 13 juillet 2015 (de 21h \u00e0 4h du matin)<\/strong><\/p>\n<ul>\n<li>1\u00b0 Cie CS CHALIGNY &#8211;\u00a026, rue de Chaligny &#8211; Paris 12e &#8211; M\u00e9tro Reuilly Diderot<\/li>\n<li>3\u00b0 Cie CS PORT-ROYAL &#8211; 53-55, boulevard Port-Royal &#8211; Paris 13e &#8211; M\u00e9tro Les Gobelins \/ RER Port Royal<\/li>\n<li>4\u00b0 Cie CS COLOMBIER &#8211;\u00a011, rue du Vieux Colombier &#8211; Paris 6e &#8211; M\u00e9tro Saint-Sulpice<\/li>\n<li>6\u00b0 Cie CS GRENELLE &#8211; 6, place Violet &#8211; Paris 15e &#8211; M\u00e9tro Commerce<\/li>\n<li>7\u00b0 Cie CS BLANCHE &#8211; 28, rue Blanche &#8211; Paris 9e &#8211; M\u00e9tro Trinit\u00e9 d&rsquo;Estienne d&rsquo;Orves<\/li>\n<li>8\u00b0 Cie CS ROUSSEAU &#8211; 21, rue du Jour &#8211; Paris 1er &#8211; M\u00e9tro Les Halles<\/li>\n<li>10\u00b0 Cie CS BITCHE &#8211; Centre de secours et voie publique 2, place de Bitche &#8211; Paris 19e &#8211; M\u00e9tro Crim\u00e9e<\/li>\n<li>11\u00b0 Cie CS SEVIGNE &#8211; 7-9, rue de S\u00e9vign\u00e9 &#8211; Paris 4e &#8211; M\u00e9tro Saint-Paul<\/li>\n<li>12\u00b0 Cie CS MENILMONTANT &#8211; 47, rue Saint-Fargeau &#8211; Paris 20e &#8211; M\u00e9tro Pelleport<\/li>\n<li>19\u00b0Cie \/ 2\u00b0 Cie : CS MASSENA &#8211; 37, boulevard Mass\u00e9na &#8211; Paris 13e &#8211; M\u00e9tro Porte d&rsquo;Ivry<\/li>\n<li>20\u00b0 Cie \/ 9\u00b0 Cie CS MONTMARTRE &#8211; 12, rue Carpeaux &#8211; Paris 18e &#8211; M\u00e9tro Guy Moquet<\/li>\n<li>20\u00b0 Cie \/ 9\u00b0 Cie CS BOURSAULT &#8211; Centre de secours et voie publique, 27, rue Boursault &#8211; Paris 17e &#8211; M\u00e9tro Rome<\/li>\n<li>29\u00b0Cie \/CCL 5 &#8211; Ar\u00e8nes de Lut\u00e8ce, 47-59, rue Monge &#8211; Paris 5e &#8211; M\u00e9tro Place Monge<\/li>\n<\/ul>\n<p><!--more--><br \/>\n<!--more--><strong>le 14 juillet 2015 (de 21h \u00e0 4h du matin)<\/strong><\/p>\n<ul>\n<li>1\u00b0 Cie CS CHALIGNY &#8211; 26, rue de Chaligny &#8211; Paris 12e &#8211; M\u00e9tro Reuilly Diderot<\/li>\n<li>3\u00b0 Cie CS PORT-ROYAL &#8211; 53-55, boulevard Port-Royal &#8211; Paris 13e &#8211; M\u00e9tro Les Gobelins \/ RER Port Royal<\/li>\n<li>4\u00b0 Cie CS COLOMBIER &#8211; 11, rue du Vieux Colombier &#8211; Paris 6e &#8211; M\u00e9tro Saint-Sulpice<\/li>\n<li>6\u00b0 Cie CS GRENELLE &#8211; 6, place Violet &#8211; Paris 15e &#8211; M\u00e9tro Commerce<\/li>\n<li>8\u00b0 Cie CS ROUSSEAU &#8211; 21, rue du Jour &#8211; Paris 1er &#8211; M\u00e9tro Les Halles<\/li>\n<\/ul>\n<p>11\u00b0 Cie CS SEVIGNE &#8211; 7-9, rue de S\u00e9vign\u00e9 &#8211; Paris 4e &#8211; M\u00e9tro Saint-Paul<!--more--><br \/>\n&nbsp;<br \/>\n&nbsp;<br \/>\nHoraires des bals : de 21h \u00e0 4 heures du matin environ.<br \/>\nL&rsquo;entr\u00e9e des\u00a0<strong>bals de pompiers<\/strong>\u00a0peut \u00eatre payante, et quand elle ne l&rsquo;est pas, le traditionnel \u00a0\u00bb tonneau \u00a0\u00bb est mis \u00e0 disposition du public pour recevoir les dons.\u00a0Les sommes recueillies ont pour vocation de servir \u00e0 l&rsquo;am\u00e9lioration des conditions de travail du personnel.<br \/>\nLes organisateurs se r\u00e9servent le droit d&rsquo;acc\u00e8s aux bals pour des raisons de s\u00e9curit\u00e9.<\/p>\n","protected":false},"excerpt":{"rendered":"<p>le 13 juillet 2015 (de 21h \u00e0 4h du matin) 1\u00b0 Cie CS CHALIGNY &#8211;\u00a026, rue de Chaligny &#8211; Paris 12e &#8211; M\u00e9tro Reuilly Diderot 3\u00b0 Cie CS PORT-ROYAL &#8211; 53-55, boulevard Port-Royal &#8211; Paris 13e &#8211; M\u00e9tro Les Gobelins&#8230;<\/p>\n","protected":false},"author":2,"featured_media":0,"comment_status":"open","ping_status":"open","sticky":false,"template":"","format":"standard","meta":{"ngg_post_thumbnail":0,"jetpack_post_was_ever_published":false,"_jetpack_newsletter_access":"","footnotes":""},"categories":[1],"tags":[],"class_list":["post-16949","post","type-post","status-publish","format-standard","hentry","category-non-classe"],"jetpack_featured_media_url":"","jetpack-related-posts":[{"id":18436,"url":"http:\/\/www.letourismeaparis.fr\/index.php\/2016\/07\/08\/les-bals-des-pompiers-du-13-juillet-et-14-juillet-le-defile-du-14-juillet-et-le-feu-dartifice\/","url_meta":{"origin":16949,"position":0},"title":"Les bals des pompiers des 13 juillet et 14 juillet \u00e0 Paris","author":"Fabienne TM","date":"8 juillet 2016","format":false,"excerpt":"Nuit du 13 au 14 Juillet 2016 (de 21h \u00e0\u00a04h du matin) : Bals des pompiers 1\u00b0 Cie CS CHALIGNY -\u00a026, rue de Chaligny - Paris 12e - M\u00e9tro Reuilly Diderot 3\u00b0 Cie CS PORT-ROYAL - 53-55, boulevard Port-Royal - Paris 13e - M\u00e9tro Les Gobelins \/ RER Port Royal\u2026","rel":"","context":"Dans &quot;Danse&quot;","block_context":{"text":"Danse","link":"http:\/\/www.letourismeaparis.fr\/index.php\/category\/spectacle\/danse\/"},"img":{"alt_text":"","src":"","width":0,"height":0},"classes":[]},{"id":15418,"url":"http:\/\/www.letourismeaparis.fr\/index.php\/2014\/07\/10\/les-bals-des-pompiers-les-13-et-14-juillet-le-feu-dartifice-le-14-juillet\/","url_meta":{"origin":16949,"position":1},"title":"Les bals des pompiers les 13 et 14 juillet, le feu d&#039;artifice le 14 juillet","author":"Fabienne TM","date":"10 juillet 2014","format":false,"excerpt":"Bals de pompiers \u00e0 Paris le 13 juillet 2014 (de 21h \u00e0 4h du matin) 1\u00b0 Cie CS CHALIGNY -\u00a026, rue de Chaligny - Paris 12e - M\u00e9tro Reuilly Diderot 3\u00b0 Cie CS PORT-ROYAL - 53-55, boulevard Port-Royal - Paris 13e - M\u00e9tro Les Gobelins \/ RER Port Royal 4\u00b0\u2026","rel":"","context":"Dans &quot;Familles&quot;","block_context":{"text":"Familles","link":"http:\/\/www.letourismeaparis.fr\/index.php\/category\/familles\/"},"img":{"alt_text":"","src":"","width":0,"height":0},"classes":[]},{"id":11801,"url":"http:\/\/www.letourismeaparis.fr\/index.php\/2012\/07\/12\/bals-des-pompiers-dans-paris-les-13-ouet-14-juillet\/","url_meta":{"origin":16949,"position":2},"title":"BALS DES POMPIERS DANS PARIS  les 13 ou\/et 14 juillet","author":"Fabienne TM","date":"12 juillet 2012","format":false,"excerpt":"BALS DES POMPIERS DANS PARIS CS CHALIGNY 26, rue de Chaligny - 75012 PARIS Dans les nuits du 13 au 14 juillet et du 14 au 15 juillet CS MASSENA 37, boulevard Mass\u00e9na - 75013 PARIS Dans les nuits du 13 au 14 juillet et du 14 au 15 juillet\u2026","rel":"","context":"Dans &quot;Non class\u00e9&quot;","block_context":{"text":"Non class\u00e9","link":"http:\/\/www.letourismeaparis.fr\/index.php\/category\/non-classe\/"},"img":{"alt_text":"","src":"","width":0,"height":0},"classes":[]},{"id":13729,"url":"http:\/\/www.letourismeaparis.fr\/index.php\/2013\/07\/11\/bals-dans-les-casernes-de-pompiers-des-13-et-14-juillet-a-paris-et-proche-banlieue\/","url_meta":{"origin":16949,"position":3},"title":"Bals dans les casernes de pompiers des 13 et 14 juillet  \u00e0 Paris et  proche banlieue","author":"Fabienne TM","date":"11 juillet 2013","format":false,"excerpt":"\u00a0 CS CHALIGNY - 26, rue de Chaligny 75012 Paris - Dans les nuits du 13 au 14 juillet 2013 et du 14 au 15 juillet 2013 CS COLOMBIER - 11, rue du Vieux Colombier 75006 Paris - Dans les nuits du 13 au 14 juillet 2013 et du 14\u2026","rel":"","context":"Dans &quot;Non class\u00e9&quot;","block_context":{"text":"Non class\u00e9","link":"http:\/\/www.letourismeaparis.fr\/index.php\/category\/non-classe\/"},"img":{"alt_text":"","src":"","width":0,"height":0},"classes":[]},{"id":21158,"url":"http:\/\/www.letourismeaparis.fr\/index.php\/2018\/07\/12\/bals-des-pompiers-a-paris-de-21h-a-4h-du-matin-les-13-et-14-juillet\/","url_meta":{"origin":16949,"position":4},"title":"Bals des Pompiers \u00e0 Paris (De 21h \u00e0 4h du matin) les 13 et 14 juillet","author":"Fabienne TM","date":"12 juillet 2018","format":false,"excerpt":"\u00a0 PARIS CENTRE : LOUVRE, OPERA, CH\u00c2TELET, BOURSE Caserne ROUSSEAU (8\u00b0 Cie) \/ 21, rue du Jour - 1er \/ Les 13 et 14 juillet au soir PARIS MARAIS : SAINT PAUL, BEAUBOURG, BRETAGNE Caserne SEVIGNE (11\u00b0 Cie) \/ 07-09, rue de S\u00e9vign\u00e9 - 4e \/ Les 13 et 14\u2026","rel":"","context":"Dans &quot;Actualit\u00e9s&quot;","block_context":{"text":"Actualit\u00e9s","link":"http:\/\/www.letourismeaparis.fr\/index.php\/category\/actualite\/"},"img":{"alt_text":"","src":"","width":0,"height":0},"classes":[]},{"id":20087,"url":"http:\/\/www.letourismeaparis.fr\/index.php\/2017\/07\/13\/les-13-et-14-juillet-a-paris-quelques-bals\/","url_meta":{"origin":16949,"position":5},"title":"les 13 et  14 juillet \u00e0 Paris, quelques bals","author":"Fabienne TM","date":"13 juillet 2017","format":false,"excerpt":"photo 14 juillet 2017 FTM Les Bals des pompiers Caserne ROUSSEAU (8\u00b0 Cie) \/ 21, rue du Jour - 1er \/ Les 13 et 14 juillet au soir Caserne SEVIGNE (11\u00b0 Cie) \/ 07-09, rue de S\u00e9vign\u00e9 - 4e \/ Les 13 et 14 juillet au soir Caserne des Ar\u00e8nes\u2026","rel":"","context":"Dans &quot;Non class\u00e9&quot;","block_context":{"text":"Non class\u00e9","link":"http:\/\/www.letourismeaparis.fr\/index.php\/category\/non-classe\/"},"img":{"alt_text":"","src":"","width":0,"height":0},"classes":[]}],"jetpack_sharing_enabled":true,"jetpack_likes_enabled":true,"_links":{"self":[{"href":"http:\/\/www.letourismeaparis.fr\/index.php\/wp-json\/wp\/v2\/posts\/16949","targetHints":{"allow":["GET"]}}],"collection":[{"href":"http:\/\/www.letourismeaparis.fr\/index.php\/wp-json\/wp\/v2\/posts"}],"about":[{"href":"http:\/\/www.letourismeaparis.fr\/index.php\/wp-json\/wp\/v2\/types\/post"}],"author":[{"embeddable":true,"href":"http:\/\/www.letourismeaparis.fr\/index.php\/wp-json\/wp\/v2\/users\/2"}],"replies":[{"embeddable":true,"href":"http:\/\/www.letourismeaparis.fr\/index.php\/wp-json\/wp\/v2\/comments?post=16949"}],"version-history":[{"count":0,"href":"http:\/\/www.letourismeaparis.fr\/index.php\/wp-json\/wp\/v2\/posts\/16949\/revisions"}],"wp:attachment":[{"href":"http:\/\/www.letourismeaparis.fr\/index.php\/wp-json\/wp\/v2\/media?parent=16949"}],"wp:term":[{"taxonomy":"category","embeddable":true,"href":"http:\/\/www.letourismeaparis.fr\/index.php\/wp-json\/wp\/v2\/categories?post=16949"},{"taxonomy":"post_tag","embeddable":true,"href":"http:\/\/www.letourismeaparis.fr\/index.php\/wp-json\/wp\/v2\/tags?post=16949"}],"curies":[{"name":"wp","href":"https:\/\/api.w.org\/{rel}","templated":true}]}}