{"id":16951,"date":"2015-07-12T15:25:20","date_gmt":"2015-07-12T15:25:20","guid":{"rendered":"http:\/\/www.letourismeaparis.fr\/?p=16951"},"modified":"2015-07-12T15:25:20","modified_gmt":"2015-07-12T15:25:20","slug":"le-defile-militaire-sur-lavenue-des-champs-elysees","status":"publish","type":"post","link":"http:\/\/www.letourismeaparis.fr\/index.php\/2015\/07\/12\/le-defile-militaire-sur-lavenue-des-champs-elysees\/","title":{"rendered":"Le d\u00e9fil\u00e9 militaire sur l&#039;avenue des Champs-Elys\u00e9es"},"content":{"rendered":"<p>&nbsp;<\/p>\n<ul>\n<li>9h20 : fin de la mise en place des troupes \u00e0 pied et motoris\u00e9es sur le site \u00c9toile \/ Champs-\u00c9lys\u00e9es.<\/li>\n<li>9h30 : inspection des troupes par les officiers g\u00e9n\u00e9raux commandant les d\u00e9fil\u00e9s \u00e0 pied et motoris\u00e9.<\/li>\n<li>9h45 : mise en place des d\u00e9tachements d&rsquo;honneur de la Garde r\u00e9publicaine, place de l&rsquo;\u00c9toile et place de la Concorde.<\/li>\n<li><strong>10h10 : arriv\u00e9e du Pr\u00e9sident de la R\u00e9publique<\/strong>\u00a0avenue de Friedland.\u00a0Accueil par le g\u00e9n\u00e9ral d\u2019arm\u00e9e Pierre de Villiers, chef d&rsquo;\u00e9tat-major des arm\u00e9es, et le g\u00e9n\u00e9ral de corps d&rsquo;arm\u00e9e Herv\u00e9 Charpentier, gouverneur militaire de Paris.\u00a0Revue des troupes.<\/li>\n<li>10h25 : honneurs rendus au Pr\u00e9sident de la R\u00e9publique, place de la Concorde par le 1er r\u00e9giment d&rsquo;infanterie de la Garde r\u00e9publicaine.<\/li>\n<li>10h30 : animation d&rsquo;ouverture.<\/li>\n<li>10h44 : d\u00e9fil\u00e9 a\u00e9rien d&rsquo;ouverture command\u00e9 par le g\u00e9n\u00e9ral de division a\u00e9rienne Jean-Christophe Zimmermman.<\/li>\n<li>10h54 : d\u00e9fil\u00e9 des troupes \u00e0 pied command\u00e9 par le g\u00e9n\u00e9ral de brigade Henry Bazin, g\u00e9n\u00e9ral adjoint engagements aupr\u00e8s du gouverneur militaire de Paris.<\/li>\n<li>11h33 : d\u00e9but du d\u00e9fil\u00e9 a\u00e9rien des h\u00e9licopt\u00e8res command\u00e9 par le g\u00e9n\u00e9ral de division a\u00e9rienne Jean-Christophe Zimmermman.<\/li>\n<li>11h36 : d\u00e9fil\u00e9 des troupes motoris\u00e9es command\u00e9 par le g\u00e9n\u00e9ral de division Philippe Ponti\u00e8s, commandant l&rsquo;\u00e9tat-major de force n\u00b03.<\/li>\n<li>11h49 : d\u00e9fil\u00e9 des troupes mont\u00e9es.<\/li>\n<li>11h51 : animation de cl\u00f4ture.<\/li>\n<li>11h55 : d\u00e9part du Pr\u00e9sident de la R\u00e9publique.<\/li>\n<\/ul>\n<p><!--more--><\/p>\n","protected":false},"excerpt":{"rendered":"<p>&nbsp; 9h20 : fin de la mise en place des troupes \u00e0 pied et motoris\u00e9es sur le site \u00c9toile \/ Champs-\u00c9lys\u00e9es. 9h30 : inspection des troupes par les officiers g\u00e9n\u00e9raux commandant les d\u00e9fil\u00e9s \u00e0 pied et motoris\u00e9. 9h45 : mise&#8230;<\/p>\n","protected":false},"author":2,"featured_media":0,"comment_status":"open","ping_status":"open","sticky":false,"template":"","format":"standard","meta":{"ngg_post_thumbnail":0,"jetpack_post_was_ever_published":false,"_jetpack_newsletter_access":"","footnotes":""},"categories":[1],"tags":[],"class_list":["post-16951","post","type-post","status-publish","format-standard","hentry","category-non-classe"],"jetpack_featured_media_url":"","jetpack-related-posts":[{"id":13727,"url":"http:\/\/www.letourismeaparis.fr\/index.php\/2013\/07\/11\/le-defile-du-14-juillet-a-paris\/","url_meta":{"origin":16951,"position":0},"title":"Le d\u00e9fil\u00e9 du 14 juillet \u00e0 Paris","author":"Fabienne TM","date":"11 juillet 2013","format":false,"excerpt":"Le d\u00e9fil\u00e9 est command\u00e9 par le g\u00e9n\u00e9ral de corps d\u2019arm\u00e9e Herv\u00e9 Charpentier, Gouverneur militaire de Paris (GMP), officier g\u00e9n\u00e9ral de la zone de d\u00e9fense et de s\u00e9curit\u00e9 en \u00cele-de-France. - 9h10 : Fin de la mise en place des troupes \u00e0 pied et motoris\u00e9es sur le site \u00c9toile \/ Champs-\u00c9lys\u00e9es.\u2026","rel":"","context":"Dans &quot;Non class\u00e9&quot;","block_context":{"text":"Non class\u00e9","link":"http:\/\/www.letourismeaparis.fr\/index.php\/category\/non-classe\/"},"img":{"alt_text":"","src":"","width":0,"height":0},"classes":[]},{"id":18444,"url":"http:\/\/www.letourismeaparis.fr\/index.php\/2016\/07\/13\/le-defile-du-14-juillet-et-le-feu-dartifice\/","url_meta":{"origin":16951,"position":1},"title":"LE D\u00c9FIL\u00c9 DU 14 JUILLET , LE FEU D&#039;ARTIFICE,  LE CONCERT","author":"Fabienne TM","date":"13 juillet 2016","format":false,"excerpt":"ps Elys\u00e9es Th\u00e8mes du d\u00e9fil\u00e9 2016: La Marseillaise, le tableau final lui sera enti\u00e8rement consacr\u00e9. L\u2019Engagement. Le d\u00e9fil\u00e9 mettra \u00e0 l\u2019honneur \"Une jeunesse engag\u00e9e au service de la Nation\". 9h20 : fin de la mise en place des troupes \u00e0 pied et motoris\u00e9es sur le site \u00c9toile \/ Champs-\u00c9lys\u00e9es. 9h30\u2026","rel":"","context":"Dans &quot;Non class\u00e9&quot;","block_context":{"text":"Non class\u00e9","link":"http:\/\/www.letourismeaparis.fr\/index.php\/category\/non-classe\/"},"img":{"alt_text":"","src":"","width":0,"height":0},"classes":[]},{"id":25229,"url":"http:\/\/www.letourismeaparis.fr\/index.php\/2023\/07\/13\/defile-du-14-juillet-2023\/","url_meta":{"origin":16951,"position":2},"title":"D\u00e9fil\u00e9 du 14 juillet 2023","author":"Fabienne TM","date":"13 juillet 2023","format":false,"excerpt":"Le d\u00e9fil\u00e9 minute par minute 9h30\u00a0: fin de la mise en place des troupes \u00e0 pied et motoris\u00e9es sur le site \u00c9toile\/Champs-\u00c9lys\u00e9es. Inspection des troupes par les officiers g\u00e9n\u00e9raux commandant les d\u00e9fil\u00e9s \u00e0 pied et motoris\u00e9. 9h45\u00a0: fin de la mise en place des d\u00e9tachements d\u2019honneur de la Garde r\u00e9publicaine,\u2026","rel":"","context":"Dans &quot;Actualit\u00e9s&quot;","block_context":{"text":"Actualit\u00e9s","link":"http:\/\/www.letourismeaparis.fr\/index.php\/category\/actualite\/"},"img":{"alt_text":"","src":"https:\/\/i0.wp.com\/www.letourismeaparis.fr\/wp-content\/uploads\/2023\/07\/Capture-decran-2023-07-13-a-14.34.57.png?resize=350%2C200","width":350,"height":200,"srcset":"https:\/\/i0.wp.com\/www.letourismeaparis.fr\/wp-content\/uploads\/2023\/07\/Capture-decran-2023-07-13-a-14.34.57.png?resize=350%2C200 1x, https:\/\/i0.wp.com\/www.letourismeaparis.fr\/wp-content\/uploads\/2023\/07\/Capture-decran-2023-07-13-a-14.34.57.png?resize=525%2C300 1.5x, https:\/\/i0.wp.com\/www.letourismeaparis.fr\/wp-content\/uploads\/2023\/07\/Capture-decran-2023-07-13-a-14.34.57.png?resize=700%2C400 2x"},"classes":[]},{"id":21143,"url":"http:\/\/www.letourismeaparis.fr\/index.php\/2018\/07\/04\/defile-du-14-juillet-2018-le-programme-detaille\/","url_meta":{"origin":16951,"position":3},"title":"D\u00c9FIL\u00c9 DU 14 JUILLET 2018 : LE PROGRAMME D\u00c9TAILL\u00c9","author":"Fabienne TM","date":"4 juillet 2018","format":false,"excerpt":"D\u00c9FIL\u00c9 DU 14 JUILLET 2018 : LE PROGRAMME D\u00c9TAILL\u00c9 \u00a0 Plus de 3700 hommes sur l'avenue des Champs-Elys\u00e9es pour relier l'Arc de Triomphe \u00e0 la place de la Concorde. \u00a0Le Japon et Singapour seront cette ann\u00e9e les invit\u00e9s d'honneur. \u00a0le th\u00e8me sera \u00ab Fraternit\u00e9 d'armes sous l'uniforme: l'engagement d'une vie\u2026","rel":"","context":"Dans &quot;Actualit\u00e9s&quot;","block_context":{"text":"Actualit\u00e9s","link":"http:\/\/www.letourismeaparis.fr\/index.php\/category\/actualite\/"},"img":{"alt_text":"","src":"","width":0,"height":0},"classes":[]},{"id":20100,"url":"http:\/\/www.letourismeaparis.fr\/index.php\/2017\/07\/12\/le-defile-du-14-juillet-sur-les-champs-elysees-2\/","url_meta":{"origin":16951,"position":4},"title":"Le d\u00e9fil\u00e9 du 14 juillet sur les Champs Elys\u00e9es","author":"Fabienne TM","date":"12 juillet 2017","format":false,"excerpt":"\u00a0 10h10 : arriv\u00e9e du Pr\u00e9sident de la R\u00e9publique 10h30 : d\u00e9but du d\u00e9fil\u00e9 (animation initiale) 11h45 : fin du d\u00e9fil\u00e9 (animation finale) 12h00 : d\u00e9part du Pr\u00e9sident de la R\u00e9publique D\u00e9fil\u00e9 a\u00e9rien 63 appareils : 49 de l\u2019arm\u00e9e de l\u2019Air, 6 de la Marine nationale et 8 de l\u2019US\u2026","rel":"","context":"Dans &quot;Actualit\u00e9s&quot;","block_context":{"text":"Actualit\u00e9s","link":"http:\/\/www.letourismeaparis.fr\/index.php\/category\/actualite\/"},"img":{"alt_text":"","src":"","width":0,"height":0},"classes":[]},{"id":6007,"url":"http:\/\/www.letourismeaparis.fr\/index.php\/2010\/01\/09\/la-traversee-de-paris-defile-le-10-janvier-de-voitures-anciennes\/","url_meta":{"origin":16951,"position":5},"title":"La Travers\u00e9e de Paris : d\u00e9fil\u00e9 , le 10 janvier de voitures anciennes","author":"Fabienne TM","date":"9 janvier 2010","format":false,"excerpt":"Un grand d\u00e9fil\u00e9 sur un parcours de 28 kilom\u00e8tres dans Paris, vous pourrez admirer plus de 450 voitures d\u2019exception (allemandes, am\u00e9ricaines, anglaises, fran\u00e7aises, italiennes, japonaises, su\u00e9doises, russes) Parcours 2010 : D\u00e9part \u00e0 8 heures : Esplanade du ch\u00e2teau de Vincennes puis Places Daumesnil, Bastille, avenue de Rivoli, place de la\u2026","rel":"","context":"Dans &quot;Non class\u00e9&quot;","block_context":{"text":"Non class\u00e9","link":"http:\/\/www.letourismeaparis.fr\/index.php\/category\/non-classe\/"},"img":{"alt_text":"","src":"","width":0,"height":0},"classes":[]}],"jetpack_sharing_enabled":true,"jetpack_likes_enabled":true,"_links":{"self":[{"href":"http:\/\/www.letourismeaparis.fr\/index.php\/wp-json\/wp\/v2\/posts\/16951","targetHints":{"allow":["GET"]}}],"collection":[{"href":"http:\/\/www.letourismeaparis.fr\/index.php\/wp-json\/wp\/v2\/posts"}],"about":[{"href":"http:\/\/www.letourismeaparis.fr\/index.php\/wp-json\/wp\/v2\/types\/post"}],"author":[{"embeddable":true,"href":"http:\/\/www.letourismeaparis.fr\/index.php\/wp-json\/wp\/v2\/users\/2"}],"replies":[{"embeddable":true,"href":"http:\/\/www.letourismeaparis.fr\/index.php\/wp-json\/wp\/v2\/comments?post=16951"}],"version-history":[{"count":0,"href":"http:\/\/www.letourismeaparis.fr\/index.php\/wp-json\/wp\/v2\/posts\/16951\/revisions"}],"wp:attachment":[{"href":"http:\/\/www.letourismeaparis.fr\/index.php\/wp-json\/wp\/v2\/media?parent=16951"}],"wp:term":[{"taxonomy":"category","embeddable":true,"href":"http:\/\/www.letourismeaparis.fr\/index.php\/wp-json\/wp\/v2\/categories?post=16951"},{"taxonomy":"post_tag","embeddable":true,"href":"http:\/\/www.letourismeaparis.fr\/index.php\/wp-json\/wp\/v2\/tags?post=16951"}],"curies":[{"name":"wp","href":"https:\/\/api.w.org\/{rel}","templated":true}]}}