{"id":16954,"date":"2015-07-12T15:32:40","date_gmt":"2015-07-12T15:32:40","guid":{"rendered":"http:\/\/www.letourismeaparis.fr\/?p=16954"},"modified":"2015-07-12T15:32:40","modified_gmt":"2015-07-12T15:32:40","slug":"feu-dartifice-et-grand-concert-au-champ-de-mars-le-14-juillet","status":"publish","type":"post","link":"http:\/\/www.letourismeaparis.fr\/index.php\/2015\/07\/12\/feu-dartifice-et-grand-concert-au-champ-de-mars-le-14-juillet\/","title":{"rendered":"Feu d&#039;artifice et grand concert au Champ de  Mars le 14 juillet"},"content":{"rendered":"<p><strong>Feu d&rsquo;artifice du 14 juillet <\/strong><br \/>\n\u00ab\u00a0Paris accueille le monde\u00a0\u00bb.<br \/>\nLe 14 juillet 2015, le feu d&rsquo;artifice est tir\u00e9 depuis la\u00a0\u00a0 tour Eiffel et les Bassins du Trocad\u00e9ro. Le public est invit\u00e9 \u00e0 s\u2019installer sur le Champ de Mars et le Trocad\u00e9ro.<br \/>\nHoraire de d\u00e9but du\u00a0<strong>feu d\u2019artifice du 14 juillet 2015<\/strong>\u00a0: <strong>\u00e0 partir de 23h, pour une dur\u00e9e 35 minutes.<\/strong><!--more--><br \/>\n<strong>Le grand concert lyrique<\/strong><br \/>\nl\u2019Orchestre national de France et le Ch\u0153ur et la Ma\u00eetrise de Radio France donnent un grand concert lyrique au pied de la Tour Eiffel avec les plus grand artistes internationaux sous la direction de Daniele Gatti.<br \/>\nEn lien avec le spectacle pyrotechnique, il met \u00e0 l\u2019honneur la th\u00e9matique choisie. Cette ann\u00e9e, il s&rsquo;agit de \u00ab Paris accueille le monde \u00bb. Un \u00e9v\u00e8nement de qualit\u00e9 dans un cadre extraordinaire, \u00e0 suivre <strong>gratuitement \u00e0 partir de 21h30.<\/strong><br \/>\n&nbsp;<br \/>\nAvec Gautier Capu\u00e7on, Ray Chen, Joyce DiDonato, Julie Fuchs, Lang Lang, Fabio Sartori, Bryn Terfel et Sonya Yoncheva.<br \/>\nAu programme : Hector Berlioz, Leonard Bernstein, Sergue\u00ef Rachmaninov, Carl Off, Giuseppe Verdi, Giacomo Puccini, Charles Lecocq, Wolfgang Amadeus Mozart, George Gershwin, Jacques Offenbach&#8230;<\/p>\n","protected":false},"excerpt":{"rendered":"<p>Feu d&rsquo;artifice du 14 juillet \u00ab\u00a0Paris accueille le monde\u00a0\u00bb. Le 14 juillet 2015, le feu d&rsquo;artifice est tir\u00e9 depuis la\u00a0\u00a0 tour Eiffel et les Bassins du Trocad\u00e9ro. Le public est invit\u00e9 \u00e0 s\u2019installer sur le Champ de Mars et le&#8230;<\/p>\n","protected":false},"author":2,"featured_media":0,"comment_status":"open","ping_status":"open","sticky":false,"template":"","format":"standard","meta":{"ngg_post_thumbnail":0,"jetpack_post_was_ever_published":false,"_jetpack_newsletter_access":"","footnotes":""},"categories":[1],"tags":[],"class_list":["post-16954","post","type-post","status-publish","format-standard","hentry","category-non-classe"],"jetpack_featured_media_url":"","jetpack-related-posts":[{"id":21151,"url":"http:\/\/www.letourismeaparis.fr\/index.php\/2018\/07\/09\/feu-dartifice-et-concert-du-14-juillet\/","url_meta":{"origin":16954,"position":0},"title":"Feu d&#039;artifice et concert du 14 juillet","author":"Fabienne TM","date":"9 juillet 2018","format":false,"excerpt":"Le 14 juillet 2018, un feu d'artifice est tir\u00e9 depuis la tour Eiffel. Comme l'an dernier il sera tir\u00e9 depuis la tour Eiffel et les jardins du Trocad\u00e9ro. \u00a0 Cette ann\u00e9e encore le feu d'artifice sera flamboyant . Le show pyrotechnique du 14 juillet \u00e0 la tour Eiffel, \u00e9blouissant de\u2026","rel":"","context":"Dans &quot;Non class\u00e9&quot;","block_context":{"text":"Non class\u00e9","link":"http:\/\/www.letourismeaparis.fr\/index.php\/category\/non-classe\/"},"img":{"alt_text":"","src":"","width":0,"height":0},"classes":[]},{"id":18444,"url":"http:\/\/www.letourismeaparis.fr\/index.php\/2016\/07\/13\/le-defile-du-14-juillet-et-le-feu-dartifice\/","url_meta":{"origin":16954,"position":1},"title":"LE D\u00c9FIL\u00c9 DU 14 JUILLET , LE FEU D&#039;ARTIFICE,  LE CONCERT","author":"Fabienne TM","date":"13 juillet 2016","format":false,"excerpt":"ps Elys\u00e9es Th\u00e8mes du d\u00e9fil\u00e9 2016: La Marseillaise, le tableau final lui sera enti\u00e8rement consacr\u00e9. L\u2019Engagement. Le d\u00e9fil\u00e9 mettra \u00e0 l\u2019honneur \"Une jeunesse engag\u00e9e au service de la Nation\". 9h20 : fin de la mise en place des troupes \u00e0 pied et motoris\u00e9es sur le site \u00c9toile \/ Champs-\u00c9lys\u00e9es. 9h30\u2026","rel":"","context":"Dans &quot;Non class\u00e9&quot;","block_context":{"text":"Non class\u00e9","link":"http:\/\/www.letourismeaparis.fr\/index.php\/category\/non-classe\/"},"img":{"alt_text":"","src":"","width":0,"height":0},"classes":[]},{"id":20115,"url":"http:\/\/www.letourismeaparis.fr\/index.php\/2017\/07\/13\/les-transports-a-paris-le-14-juillet\/","url_meta":{"origin":16954,"position":2},"title":"Les transports \u00e0 Paris le 14 juillet","author":"Fabienne TM","date":"13 juillet 2017","format":false,"excerpt":"Festivit\u00e9s du 14 juillet Stations susceptibles d'\u00eatre ferm\u00e9es \u00e0 partir de 7h00* : metro ligne12 metro ligne8 metro ligne1 Concorde metro ligne1 metro ligne13 Champs-Elys\u00e9es Clemenceau metro ligne1 metro ligne2 metro ligne6 rer symbole rer ligneA Charles-de-Gaulle Etoile metro ligne1 metro ligne2 metro ligne6 Etoile metro ligne1 metro ligne9 Franklin\u2026","rel":"","context":"Dans &quot;Non class\u00e9&quot;","block_context":{"text":"Non class\u00e9","link":"http:\/\/www.letourismeaparis.fr\/index.php\/category\/non-classe\/"},"img":{"alt_text":"","src":"","width":0,"height":0},"classes":[]},{"id":26274,"url":"http:\/\/www.letourismeaparis.fr\/index.php\/2025\/07\/10\/les-festivites-du-14-juillet-bal-des-pompiers-12-13-juilletdefilefeux-dartificeconcert-apres-le-defile-sur-les-champs-elysees\/","url_meta":{"origin":16954,"position":3},"title":"Les festivit\u00e9s du 14 juillet :  bal des pompiers (12\/13 juillet)d\u00e9fil\u00e9,feux d&rsquo;artifice,concert apr\u00e8s le d\u00e9fil\u00e9 sur les Champs-Elys\u00e9es","author":"Fabienne TM","date":"10 juillet 2025","format":false,"excerpt":"Bal des pompiers : Nuit du 12 juillet 2025 Caserne Malar \u2013 7 rue Malar (6e arrondissement) \ud83d\udcc5 Samedi 12 juillet : \ud83d\udd55 18h \u00e0 1h du matin Caserne Montmartre \u2013 12 rue Carpeaux (18e) \ud83d\udcc5 Samedi 12 juillet : \ud83d\udd56 19h \u00e0 4h Nuit du 13 juillet 2025 Caserne\u2026","rel":"","context":"Dans &quot;Actualit\u00e9s&quot;","block_context":{"text":"Actualit\u00e9s","link":"http:\/\/www.letourismeaparis.fr\/index.php\/category\/actualite\/"},"img":{"alt_text":"","src":"","width":0,"height":0},"classes":[]},{"id":11795,"url":"http:\/\/www.letourismeaparis.fr\/index.php\/2012\/07\/12\/le-quatorze-juillet-a-paris-defile-feu-dartifice-balletcoursesmusee-concerts-pour-le-14-juillet-2012\/","url_meta":{"origin":16954,"position":4},"title":"Le quatorze juillet \u00e0 Paris : d\u00e9fil\u00e9 , feu d&#039;artifice, ballet,courses,mus\u00e9e, concerts&#8230;.pour le 14 juillet 2012","author":"Fabienne TM","date":"12 juillet 2012","format":false,"excerpt":"D\u00e9fil\u00e9 militaire sur l'Avenue des Champs-Elys\u00e9es \u00e0 partir de 9h10 Feu d'artifice du 14 juillet tir\u00e9 depuis les bassins du Trocad\u00e9ro. Le public sera install\u00e9 sur le Champs de Mars. D\u00e9but du feu : vers 22h45 pour une dur\u00e9e 30 minutes. Th\u00e8me pour 2012 : \"Les ann\u00e9es Disco\" (70 -\u2026","rel":"","context":"Dans &quot;Non class\u00e9&quot;","block_context":{"text":"Non class\u00e9","link":"http:\/\/www.letourismeaparis.fr\/index.php\/category\/non-classe\/"},"img":{"alt_text":"","src":"","width":0,"height":0},"classes":[]},{"id":15418,"url":"http:\/\/www.letourismeaparis.fr\/index.php\/2014\/07\/10\/les-bals-des-pompiers-les-13-et-14-juillet-le-feu-dartifice-le-14-juillet\/","url_meta":{"origin":16954,"position":5},"title":"Les bals des pompiers les 13 et 14 juillet, le feu d&#039;artifice le 14 juillet","author":"Fabienne TM","date":"10 juillet 2014","format":false,"excerpt":"Bals de pompiers \u00e0 Paris le 13 juillet 2014 (de 21h \u00e0 4h du matin) 1\u00b0 Cie CS CHALIGNY -\u00a026, rue de Chaligny - Paris 12e - M\u00e9tro Reuilly Diderot 3\u00b0 Cie CS PORT-ROYAL - 53-55, boulevard Port-Royal - Paris 13e - M\u00e9tro Les Gobelins \/ RER Port Royal 4\u00b0\u2026","rel":"","context":"Dans &quot;Familles&quot;","block_context":{"text":"Familles","link":"http:\/\/www.letourismeaparis.fr\/index.php\/category\/familles\/"},"img":{"alt_text":"","src":"","width":0,"height":0},"classes":[]}],"jetpack_sharing_enabled":true,"jetpack_likes_enabled":true,"_links":{"self":[{"href":"http:\/\/www.letourismeaparis.fr\/index.php\/wp-json\/wp\/v2\/posts\/16954","targetHints":{"allow":["GET"]}}],"collection":[{"href":"http:\/\/www.letourismeaparis.fr\/index.php\/wp-json\/wp\/v2\/posts"}],"about":[{"href":"http:\/\/www.letourismeaparis.fr\/index.php\/wp-json\/wp\/v2\/types\/post"}],"author":[{"embeddable":true,"href":"http:\/\/www.letourismeaparis.fr\/index.php\/wp-json\/wp\/v2\/users\/2"}],"replies":[{"embeddable":true,"href":"http:\/\/www.letourismeaparis.fr\/index.php\/wp-json\/wp\/v2\/comments?post=16954"}],"version-history":[{"count":0,"href":"http:\/\/www.letourismeaparis.fr\/index.php\/wp-json\/wp\/v2\/posts\/16954\/revisions"}],"wp:attachment":[{"href":"http:\/\/www.letourismeaparis.fr\/index.php\/wp-json\/wp\/v2\/media?parent=16954"}],"wp:term":[{"taxonomy":"category","embeddable":true,"href":"http:\/\/www.letourismeaparis.fr\/index.php\/wp-json\/wp\/v2\/categories?post=16954"},{"taxonomy":"post_tag","embeddable":true,"href":"http:\/\/www.letourismeaparis.fr\/index.php\/wp-json\/wp\/v2\/tags?post=16954"}],"curies":[{"name":"wp","href":"https:\/\/api.w.org\/{rel}","templated":true}]}}