{"id":16959,"date":"2015-08-11T10:52:47","date_gmt":"2015-08-11T10:52:47","guid":{"rendered":"http:\/\/www.letourismeaparis.fr\/?p=16959"},"modified":"2015-08-11T10:52:47","modified_gmt":"2015-08-11T10:52:47","slug":"beaute-congo-1926-2015-congo-kitoko-jusquau-15-novembre-2015-a-la-fondation-cartier","status":"publish","type":"post","link":"http:\/\/www.letourismeaparis.fr\/index.php\/2015\/08\/11\/beaute-congo-1926-2015-congo-kitoko-jusquau-15-novembre-2015-a-la-fondation-cartier\/","title":{"rendered":"BEAUT\u00c9 CONGO  1926-2015  CONGO KITOKO  jusqu&#039;au 15 novembre 2015 \u00e0 la fondation Cartier"},"content":{"rendered":"<p><strong>La peinture moderne au Congo\u00a0<\/strong> <strong> dans les ann\u00e9es 1920<\/strong> Prenant pour point de d\u00e9part la naissance de la peinture moderne au Congo dans les ann\u00e9es 1920, cette exposition audacieuse retrace pr\u00e8s d\u2019un si\u00e8cle de production artistique congolaise. Si la peinture est au coeur de l\u2019exposition, la musique, la sculpture, la photographie et la bande dessin\u00e9e y ont aussi leur place et offrent au public l\u2019opportunit\u00e9 unique de d\u00e9couvrir la diversit\u00e9 et la vivacit\u00e9 de la sc\u00e8ne artistique de ce pays.<a href=\"http:\/\/www.letourismeaparis.fr\/wp-content\/uploads\/2015\/07\/CCCCCCC.png\"><img loading=\"lazy\" decoding=\"async\" class=\"aligncenter size-medium wp-image-16963\" src=\"http:\/\/www.letourismeaparis.fr\/wp-content\/uploads\/2015\/07\/CCCCCCC-300x186.png\" alt=\"CCCCCCC\" width=\"300\" height=\"186\" \/><\/a> <strong><span style=\"font-weight: normal;\">JP Mika,\u00a0<\/span><em style=\"font-weight: normal; font-style: italic;\">Kiese na kiese (Le Bonheur et la Joie<\/em><span style=\"font-weight: normal;\">), 2014. Pas-Chaudoir Collection, Belgique \u00a9 JP Mika<\/span>artistes pr\u00e9curseurs<\/strong> D\u00e8s la fin des ann\u00e9es 1920, alors que le Congo est encore une colonie belge, les artistes \u00ab pr\u00e9curseurs \u00bb Albert et Antoinette Lubaki et Djilatendo livrent les premi\u00e8res<!--more--> oeuvres sur papier connues, \u00e9crivant ainsi les pr\u00e9mices de l\u2019histoire de l\u2019art moderne congolais. Souvent figuratives, parfois abstraites, leurs oeuvres traitent avec po\u00e9sie de th\u00e8mes li\u00e9s \u00e0 la nature, \u00e0 la vie quotidienne, aux fables locales et aux r\u00eaves. Apr\u00e8s la Seconde Guerre mondiale, le Fran\u00e7ais Pierre Romain-Desfoss\u00e9s s\u2019installe \u00e0 \u00c9lisabethville et fonde l\u2019Atelier du Hangar. Au sein de cette \u00e9cole de peinture qui restera ouverte jusqu\u2019\u00e0 la mort de son cr\u00e9ateur en 1954, les artistes Bela Sara, Mwenze Kibwanga et Pili Pili Mulongoy apprennent \u00e0 laisser libre cours \u00e0 leur imagination et cr\u00e9ent, dans des styles propres d\u2019une \u00e9tonnante inventivit\u00e9, des oeuvres lumineuses et jubilatoires.<!--more--><!--more--> <strong>Les artistes populaires<\/strong> Vingt ans plus tard, l\u2019exposition\u00a0<em>Art partout<\/em>\u00a0pr\u00e9sent\u00e9e \u00e0 Kinshasa (1978) r\u00e9v\u00e8le au grand public de nombreux artistes se proclamant \u00ab artistes populaires \u00bb. Fascin\u00e9s par l\u2019environnement urbain et soucieux de la m\u00e9moire collective, Ch\u00e9ri Samba, Ch\u00e9ri Ch\u00e9rin et Moke produisent une nouvelle forme de peinture figurative s\u2019inspirant d\u2019\u00e9v\u00e9nements quotidiens, politiques et sociaux, dans laquelle toute la population se reconna\u00eet. Papa Mfumu\u2019eto a lui aussi explor\u00e9 la vie quotidienne et les combats ordinaires dans ses cr\u00e9ations prolifiques de bande dessin\u00e9e dont la diffusion a connu un franc succ\u00e8s \u00e0 Kinshasa dans les ann\u00e9es 1990. Un courant que perp\u00e9tuent aujourd\u2019hui de jeunes artistes connect\u00e9s \u00e0 l\u2019actualit\u00e9 mondiale comme J.-P. Mika ou Monsengo Shula. \u00a0 \u00a0 \u00a0 <strong>Fondation Cartier pour l&rsquo;art contemporain 261, boulevard Raspail 75014 Paris T\u00e9l. +33 (0)1 42 18 56 50 Fax +33 (0)1 42 18 56 52<\/strong> <strong>Les expositions<\/strong> Ouvert du mardi au dimanche de 11h \u00e0 20h Nocturne le mardi jusqu\u2019\u00e0 22h. Tous les jours \u00e0 18h visite guid\u00e9e de l&rsquo;exposition avec le billet d&rsquo;entr\u00e9e. <em>Dans la limite des places disponibles.<\/em> <em>Fermeture de la billetterie 30 minutes avant.<\/em> Fermeture le lundi. <strong>Fondation Cartier pour l&rsquo;art contemporain 261, boulevard Raspail 75014 Paris T\u00e9l. +33 (0)1 42 18 56 50 Fax +33 (0)1 42 18 56 52<\/strong> <strong>Les expositions<\/strong> Ouvert du mardi au dimanche de 11h \u00e0 20h Nocturne le mardi jusqu\u2019\u00e0 22h. Tous les jours \u00e0 18h visite guid\u00e9e de l&rsquo;exposition avec le billet d&rsquo;entr\u00e9e. <em>Dans la limite des places disponibles.<\/em> <em>Fermeture de la billetterie 30 minutes avant.<\/em> Fermeture le lundi. Fermeture les 25 d\u00e9cembre et 1er janvier.<\/p>\n","protected":false},"excerpt":{"rendered":"<p>La peinture moderne au Congo\u00a0 dans les ann\u00e9es 1920 Prenant pour point de d\u00e9part la naissance de la peinture moderne au Congo dans les ann\u00e9es 1920, cette exposition audacieuse retrace pr\u00e8s d\u2019un si\u00e8cle de production artistique congolaise. Si la peinture&#8230;<\/p>\n","protected":false},"author":2,"featured_media":0,"comment_status":"open","ping_status":"open","sticky":false,"template":"","format":"standard","meta":{"ngg_post_thumbnail":0,"jetpack_post_was_ever_published":false,"_jetpack_newsletter_access":"","footnotes":""},"categories":[20,27],"tags":[],"class_list":["post-16959","post","type-post","status-publish","format-standard","hentry","category-cultures-du-monde","category-musees-expositions"],"jetpack_featured_media_url":"","jetpack-related-posts":[{"id":7998,"url":"http:\/\/www.letourismeaparis.fr\/index.php\/2010\/08\/31\/fleuve-congo-arts-dafrique-centrale-au-musee-du-quai-branly\/","url_meta":{"origin":16959,"position":0},"title":"Fleuve Congo &#8211; Arts d\u2019Afrique Centrale au mus\u00e9e du Quai Branly","author":"Fabienne TM","date":"31 ao\u00fbt 2010","format":false,"excerpt":"jusqu'au 3 octobre Le mus\u00e9e\u00a0 pr\u00e9sente\u00a0 \u00e0 travers 170 oeuvres majeures et 80 documents, une\u00a0 exposition consacr\u00e9e aux traditions artistiques d\u2019Afrique Centrale, \u00e0 savoir le Gabon, la R\u00e9publique populaire du Congo et la R\u00e9publique d\u00e9mocratique du Congo. un voyage\u00a0 menant le visiteur des for\u00eats du Nord aux savanes du Sud,\u2026","rel":"","context":"Dans &quot;Non class\u00e9&quot;","block_context":{"text":"Non class\u00e9","link":"http:\/\/www.letourismeaparis.fr\/index.php\/category\/non-classe\/"},"img":{"alt_text":"","src":"","width":0,"height":0},"classes":[]},{"id":2303,"url":"http:\/\/www.letourismeaparis.fr\/index.php\/2009\/03\/12\/chirico-au-mam\/","url_meta":{"origin":16959,"position":1},"title":"Chirico au MAM","author":"Fabienne TM","date":"12 mars 2009","format":false,"excerpt":"Giorgio de Chirico. jusqu' au 24 mai 2009 Au Mus\u00e9e d\u2019art moderne de la ville de Paris Le Mus\u00e9e d\u2019art moderne de la ville de Paris consacre une exposition r\u00e9trospective \u00e0 Giorgio de Chirico (1888 - 1978), artiste majeur du XXe si\u00e8cle.... \"Cent soixante-dix peintures, sculptures, \u0153uvres graphiques et une\u2026","rel":"","context":"Dans &quot;Non class\u00e9&quot;","block_context":{"text":"Non class\u00e9","link":"http:\/\/www.letourismeaparis.fr\/index.php\/category\/non-classe\/"},"img":{"alt_text":"","src":"","width":0,"height":0},"classes":[]},{"id":9230,"url":"http:\/\/www.letourismeaparis.fr\/index.php\/2011\/03\/17\/mondrian-de-stijl-au-centre-pompidou\/","url_meta":{"origin":16959,"position":2},"title":"Mondrian \/ De Stijl au Centre Pompidou","author":"Fabienne TM","date":"17 mars 2011","format":false,"excerpt":"Une exposition in\u00e9dite est consacr\u00e9e aux parcours crois\u00e9s du mouvement De Stijl et de Piet Mondrian, sa figure magistrale. De Stijl synth\u00e9tise, d\u00e8s la fin des ann\u00e9es 1900 et dans les ann\u00e9es 1920, une vision esth\u00e9tique et sociale, un art total, qui constitue une base pour comprendre les sources de\u2026","rel":"","context":"Dans &quot;Non class\u00e9&quot;","block_context":{"text":"Non class\u00e9","link":"http:\/\/www.letourismeaparis.fr\/index.php\/category\/non-classe\/"},"img":{"alt_text":"","src":"","width":0,"height":0},"classes":[]},{"id":212,"url":"http:\/\/www.letourismeaparis.fr\/index.php\/2008\/07\/01\/peter-doig-au-musee-dart-moderne-jusquau-0709\/","url_meta":{"origin":16959,"position":3},"title":"Peter Doig au Mus\u00e9e d&#039;art moderne jusqu&#039;au 07\/09","author":"Fabienne TM","date":"1 juillet 2008","format":false,"excerpt":"Le Tourisme \u00e0 Paris Paris Advisor Compos\u00e9e d\u2019une centaine de peintures et dessins regroup\u00e9es par th\u00e8mes, l\u2019exposition retrace le parcours de l\u2019artiste britannique depuis le d\u00e9but des ann\u00e9es 1990 jusqu'\u00e0 nos jours. D\u00e8s le d\u00e9but des ann\u00e9es 1990, son travail est reconnu .Son approche tr\u00e8s personnelle de l\u2019image peinte lui\u2026","rel":"","context":"Dans &quot;Non class\u00e9&quot;","block_context":{"text":"Non class\u00e9","link":"http:\/\/www.letourismeaparis.fr\/index.php\/category\/non-classe\/"},"img":{"alt_text":"","src":"","width":0,"height":0},"classes":[]},{"id":16205,"url":"http:\/\/www.letourismeaparis.fr\/index.php\/2015\/02\/19\/de-giotto-caravage-au-musee-jacquemart-andre\/","url_meta":{"origin":16959,"position":4},"title":"De Giotto \u00e0 Caravage , au mus\u00e9e Jacquemart Andr\u00e9","author":"Fabienne TM","date":"19 f\u00e9vrier 2015","format":false,"excerpt":"DU 27 MARS AU 20 JUILLET 2015 L\u2019exposition pr\u00e9sente\u00a0les grands noms de la peinture italienne, du XIVe au XVIIe si\u00e8cle, red\u00e9couverts par Roberto Longhi (1899\/1890-1970), . Giotto, Masaccio, Masolino, Piero della Francesca, Ribera, Caravage\u2026 autant d\u2019artistes de premier plan qui seront ainsi mis en lumi\u00e8re.\u00a0 L\u2019exposition s\u2019ouvre sur une section\u2026","rel":"","context":"Dans &quot;Mus\u00e9es \/ Expositions&quot;","block_context":{"text":"Mus\u00e9es \/ Expositions","link":"http:\/\/www.letourismeaparis.fr\/index.php\/category\/culture\/musees-expositions\/"},"img":{"alt_text":"","src":"","width":0,"height":0},"classes":[]},{"id":7991,"url":"http:\/\/www.letourismeaparis.fr\/index.php\/2010\/06\/26\/7991\/","url_meta":{"origin":16959,"position":5},"title":"Week- end  anniversaire au Quai Branly : un bon programme.","author":"Fabienne TM","date":"26 juin 2010","format":false,"excerpt":"A l'occasion de ses 4 ans, le mus\u00e9e du quai Branly propose un week-end anniversaire autour de l'exposition Fleuve Congo et du Cinquantenaire des ind\u00e9pendances africaines. vendredi 25, samedi 26 et dimanche 27 juin 2010 acc\u00e8s libre et gratuit pour tous au Plateau des collections et aux expositions temporaires de\u2026","rel":"","context":"Dans &quot;Non class\u00e9&quot;","block_context":{"text":"Non class\u00e9","link":"http:\/\/www.letourismeaparis.fr\/index.php\/category\/non-classe\/"},"img":{"alt_text":"","src":"https:\/\/i0.wp.com\/www.letourismeaparis.fr\/wp-content\/uploads\/2010\/06\/anniv-quai-branly.png?resize=350%2C200","width":350,"height":200},"classes":[]}],"jetpack_sharing_enabled":true,"jetpack_likes_enabled":true,"_links":{"self":[{"href":"http:\/\/www.letourismeaparis.fr\/index.php\/wp-json\/wp\/v2\/posts\/16959","targetHints":{"allow":["GET"]}}],"collection":[{"href":"http:\/\/www.letourismeaparis.fr\/index.php\/wp-json\/wp\/v2\/posts"}],"about":[{"href":"http:\/\/www.letourismeaparis.fr\/index.php\/wp-json\/wp\/v2\/types\/post"}],"author":[{"embeddable":true,"href":"http:\/\/www.letourismeaparis.fr\/index.php\/wp-json\/wp\/v2\/users\/2"}],"replies":[{"embeddable":true,"href":"http:\/\/www.letourismeaparis.fr\/index.php\/wp-json\/wp\/v2\/comments?post=16959"}],"version-history":[{"count":0,"href":"http:\/\/www.letourismeaparis.fr\/index.php\/wp-json\/wp\/v2\/posts\/16959\/revisions"}],"wp:attachment":[{"href":"http:\/\/www.letourismeaparis.fr\/index.php\/wp-json\/wp\/v2\/media?parent=16959"}],"wp:term":[{"taxonomy":"category","embeddable":true,"href":"http:\/\/www.letourismeaparis.fr\/index.php\/wp-json\/wp\/v2\/categories?post=16959"},{"taxonomy":"post_tag","embeddable":true,"href":"http:\/\/www.letourismeaparis.fr\/index.php\/wp-json\/wp\/v2\/tags?post=16959"}],"curies":[{"name":"wp","href":"https:\/\/api.w.org\/{rel}","templated":true}]}}