{"id":16975,"date":"2015-07-17T09:02:41","date_gmt":"2015-07-17T09:02:41","guid":{"rendered":"http:\/\/www.letourismeaparis.fr\/?p=16975"},"modified":"2015-07-17T09:02:41","modified_gmt":"2015-07-17T09:02:41","slug":"pierre-bonnard-au-musee-dorsay-jusquau-19-juillet-derniers-jours","status":"publish","type":"post","link":"http:\/\/www.letourismeaparis.fr\/index.php\/2015\/07\/17\/pierre-bonnard-au-musee-dorsay-jusquau-19-juillet-derniers-jours\/","title":{"rendered":"Pierre Bonnard au mus\u00e9e d&#039;Orsay jusqu&#039;au 19 juillet , derniers jours."},"content":{"rendered":"<p>Pierre Bonnard<em>Nu dans un int\u00e9rieur<\/em>\u00a9 ADAGP, Paris 2015 \/Courtesy National Gallery of Art, Washington<br \/>\nPratiquant l&rsquo;art sous des formes multiples, Bonnard a d\u00e9fendu une esth\u00e9tique essentiellement d\u00e9corative, nourrie d&rsquo;observations incisives et pleines d&rsquo;humour tir\u00e9es de son environnement imm\u00e9diat.<!--more--><a href=\"http:\/\/www.letourismeaparis.fr\/wp-content\/uploads\/2015\/07\/bonnard.jpg\"><img loading=\"lazy\" decoding=\"async\" class=\"aligncenter size-full wp-image-16976\" src=\"http:\/\/www.letourismeaparis.fr\/wp-content\/uploads\/2015\/07\/bonnard.jpg\" alt=\"bonnard\" width=\"145\" height=\"283\" \/><\/a><br \/>\nPierre Bonnard<em>Nu dans un int\u00e9rieur<\/em>\u00a9 ADAGP, Paris 2015 \/Courtesy National Gallery of Art, Washington<!--more--><br \/>\n&nbsp;<br \/>\nDu tableautin au grand format, du portrait \u00e0 la nature morte, de la sc\u00e8ne intime au sujet pastoral, du paysage urbain au d\u00e9cor antique, l&rsquo;oeuvre de Bonnard nous r\u00e9v\u00e8le un artiste instinctif et sensible.<br \/>\nSa palette aux couleurs vives et lumineuses en fait l&rsquo;un des principaux acteurs de l&rsquo;art moderne et un repr\u00e9sentant \u00e9minent du courant arcadien.<br \/>\n<strong>Figure embl\u00e9matique de l\u2019art moderne,<\/strong>\u00a0 Bonnard propose une \u0153uvre riche et compl\u00e8te sur plusieurs supports.<br \/>\ndes dessins, sculptures, photographies ou encore des gravures qui t\u00e9moignent de l\u2019immense richesse de ses cr\u00e9ations.<br \/>\n9 h 30 &#8211; 18 h. 9 h 30 &#8211; 21 h 45 jeudi. Ferm\u00e9 lundi<br \/>\n<strong>Mus\u00e9e d&rsquo;Orsay<\/strong><br \/>\n<strong>1 rue de la L\u00e9gion d&rsquo;Honneur, 75007 Paris<\/strong><\/p>\n","protected":false},"excerpt":{"rendered":"<p>Pierre BonnardNu dans un int\u00e9rieur\u00a9 ADAGP, Paris 2015 \/Courtesy National Gallery of Art, Washington Pratiquant l&rsquo;art sous des formes multiples, Bonnard a d\u00e9fendu une esth\u00e9tique essentiellement d\u00e9corative, nourrie d&rsquo;observations incisives et pleines d&rsquo;humour tir\u00e9es de son environnement imm\u00e9diat.<\/p>\n","protected":false},"author":2,"featured_media":0,"comment_status":"open","ping_status":"open","sticky":false,"template":"","format":"standard","meta":{"ngg_post_thumbnail":0,"jetpack_post_was_ever_published":false,"_jetpack_newsletter_access":"","footnotes":""},"categories":[27],"tags":[],"class_list":["post-16975","post","type-post","status-publish","format-standard","hentry","category-musees-expositions"],"jetpack_featured_media_url":"","jetpack-related-posts":[{"id":16242,"url":"http:\/\/www.letourismeaparis.fr\/index.php\/2015\/02\/17\/pierre-bonnard-peindre-larcadie-au-musee-dorsay-partir-du-17-mars\/","url_meta":{"origin":16975,"position":0},"title":"Pierre Bonnard. Peindre l&#039;Arcadie  au mus\u00e9e d&#039;Orsay \u00e0 partir du 17 mars","author":"Fabienne TM","date":"17 f\u00e9vrier 2015","format":false,"excerpt":"\u00a0 Pierre BonnardDanseuses\u00a9 ADAGP - Mus\u00e9e d'Orsay, dist. RMN-Grand Palais \/ Patrice Schmidt \u00a0 Apr\u00e8s les expositions Bonnard organis\u00e9es dans le monde entier, le mus\u00e9e d'Orsay se devait de lui consacrer une r\u00e9trospective repr\u00e9sentative de toutes les p\u00e9riodes de sa cr\u00e9ation. Pratiquant l'art sous des formes multiples \u2013 peinture, dessin,\u2026","rel":"","context":"Dans &quot;Mus\u00e9es \/ Expositions&quot;","block_context":{"text":"Mus\u00e9es \/ Expositions","link":"http:\/\/www.letourismeaparis.fr\/index.php\/category\/culture\/musees-expositions\/"},"img":{"alt_text":"","src":"https:\/\/i0.wp.com\/www.letourismeaparis.fr\/wp-content\/uploads\/2015\/02\/orsay-300x222.png?resize=350%2C200","width":350,"height":200},"classes":[]},{"id":24118,"url":"http:\/\/www.letourismeaparis.fr\/index.php\/2020\/10\/31\/les-grands-musees-du-monde-en-ligne-a-decouvrir-pendant-le-confinement\/","url_meta":{"origin":16975,"position":1},"title":"Les grands mus\u00e9es du monde en ligne \u00e0 d\u00e9couvrir pendant le confinement&#8230;..","author":"Fabienne TM","date":"31 octobre 2020","format":false,"excerpt":"https:\/\/www.louvre.fr\/en\/visites-en-ligne https:\/\/artsandculture.google.com\/partner\/musee-dorsay-paris?hl=en https:\/\/artsandculture.google.com\/partner\/uffizi-gallery?hl=en la fortune de Pierre Paul Prud'honcollection Prat https:\/\/artsandculture.google.com\/partner\/rijksmuseum?hl=en https:\/\/artsandculture.google.com\/partner\/van-gogh-museum https:\/\/artsandculture.google.com\/entity\/pergamon\/m05tcm?hl=en https:\/\/artsandculture.google.com\/partner\/alte-nationalgalerie-staatliche-museen-zu-berlin https:\/\/artsandculture.google.com\/partner\/victoria-and-albert-museum https:\/\/britishmuseum.withgoogle.com\/ https:\/\/artsandculture.google.com\/partner\/the-national-gallery-london https:\/\/artsandculture.google.com\/partner\/moma-the-museum-of-modern-art https:\/\/artsandculture.google.com\/partner\/the-j-paul-getty-museum?hl=en https:\/\/artsandculture.google.com\/partner\/national-gallery-of-art-washington-dc?hl=en https:\/\/artsandculture.google.com\/partner\/national-museum-of-modern-and-contemporary-art-korea?hl=en https:\/\/artsandculture.google.com\/partner\/masp?hl=en","rel":"","context":"Dans &quot;Cultures du Monde&quot;","block_context":{"text":"Cultures du Monde","link":"http:\/\/www.letourismeaparis.fr\/index.php\/category\/culture\/musees-expositions\/cultures-du-monde\/"},"img":{"alt_text":"","src":"https:\/\/i0.wp.com\/www.letourismeaparis.fr\/wp-content\/uploads\/2020\/10\/6.-Prudhon-La-Fortune.jpg?resize=350%2C200","width":350,"height":200,"srcset":"https:\/\/i0.wp.com\/www.letourismeaparis.fr\/wp-content\/uploads\/2020\/10\/6.-Prudhon-La-Fortune.jpg?resize=350%2C200 1x, https:\/\/i0.wp.com\/www.letourismeaparis.fr\/wp-content\/uploads\/2020\/10\/6.-Prudhon-La-Fortune.jpg?resize=525%2C300 1.5x, https:\/\/i0.wp.com\/www.letourismeaparis.fr\/wp-content\/uploads\/2020\/10\/6.-Prudhon-La-Fortune.jpg?resize=700%2C400 2x, https:\/\/i0.wp.com\/www.letourismeaparis.fr\/wp-content\/uploads\/2020\/10\/6.-Prudhon-La-Fortune.jpg?resize=1050%2C600 3x, https:\/\/i0.wp.com\/www.letourismeaparis.fr\/wp-content\/uploads\/2020\/10\/6.-Prudhon-La-Fortune.jpg?resize=1400%2C800 4x"},"classes":[]},{"id":20847,"url":"http:\/\/www.letourismeaparis.fr\/index.php\/2018\/03\/11\/le-musee-jacquemart-andre-presente-une-grande-retrospective-consacree-mary-cassatt-1844-1926\/","url_meta":{"origin":16975,"position":2},"title":"le Mus\u00e9e Jacquemart-Andr\u00e9 pr\u00e9sente une grande r\u00e9trospective consacr\u00e9e \u00e0 Mary Cassatt (1844 \u2013 1926)","author":"Fabienne TM","date":"11 mars 2018","format":false,"excerpt":"Du 9 mars au 23 juillet 2018 le Mus\u00e9e Jacquemart-Andr\u00e9 pr\u00e9sente une grande r\u00e9trospective consacr\u00e9e \u00e0 Mary Cassatt (1844 \u2013 1926). Consid\u00e9r\u00e9e de son vivant comme la plus grande artiste am\u00e9ricaine, Cassatt a v\u00e9cu pr\u00e8s de soixante ans en France. C\u2019est la seule peintre am\u00e9ricaine \u00e0 avoir \u00a0 Mary Cassatt,\u2026","rel":"","context":"Dans &quot;Mus\u00e9es \/ Expositions&quot;","block_context":{"text":"Mus\u00e9es \/ Expositions","link":"http:\/\/www.letourismeaparis.fr\/index.php\/category\/culture\/musees-expositions\/"},"img":{"alt_text":"","src":"","width":0,"height":0},"classes":[]},{"id":24573,"url":"http:\/\/www.letourismeaparis.fr\/index.php\/2022\/01\/29\/yves-saint-laurent\/","url_meta":{"origin":16975,"position":3},"title":"Yves Saint Laurent","author":"Fabienne TM","date":"29 janvier 2022","format":false,"excerpt":"dans six mus\u00e9es Du 29 janvier au 15 mai 2022, A l'occasion du 60e anniversaire du premier d\u00e9fil\u00e9 du couturier, chaque mus\u00e9e met en avant les liens que le cr\u00e9ateur entretenait avec l'art et les collections publiques fran\u00e7aises. \u00a0le Centre Pompidou, \u00a0L\u2019exposition consiste, par des jeux de rapprochements et de\u2026","rel":"","context":"Dans &quot;Luxe&quot;","block_context":{"text":"Luxe","link":"http:\/\/www.letourismeaparis.fr\/index.php\/category\/luxe\/"},"img":{"alt_text":"","src":"https:\/\/i0.wp.com\/www.letourismeaparis.fr\/wp-content\/uploads\/2022\/01\/Capture-d%E2%80%99e%CC%81cran-2022-01-29-a%CC%80-18.54.56.png?resize=350%2C200","width":350,"height":200},"classes":[]},{"id":18070,"url":"http:\/\/www.letourismeaparis.fr\/index.php\/2016\/04\/02\/lart-numerique-en-majeste-sur-la-facade-du-grand-palais-du-31-mars-au-3-avril-2016\/","url_meta":{"origin":16975,"position":4},"title":"L&#039;art num\u00e9rique en majest\u00e9 sur la fa\u00e7ade du Grand Palais  du 31 mars au 3 avril 2016 pour Art Paris Art Fair","author":"Fabienne TM","date":"2 avril 2016","format":false,"excerpt":"Tous les soirs, de 19h \u00e0 minuit, du 30 mars au 3 avril 2016, la fa\u00e7ade du Grand Palais accueille six cr\u00e9ations num\u00e9riques in\u00e9dites et se m\u00e9tamorphose au gr\u00e9 de l\u2019imaginaire des artistes venus, cette ann\u00e9e d\u2019Azerba\u00efdjan, de Cor\u00e9e, de France et de Suisse. \u00a0 Collage + (Sho Jang &\u2026","rel":"","context":"Dans &quot;Spectacle&quot;","block_context":{"text":"Spectacle","link":"http:\/\/www.letourismeaparis.fr\/index.php\/category\/spectacle\/"},"img":{"alt_text":"","src":"","width":0,"height":0},"classes":[]},{"id":17106,"url":"http:\/\/www.letourismeaparis.fr\/index.php\/2016\/02\/27\/walton-ford-au-musee-de-la-chasse\/","url_meta":{"origin":16975,"position":5},"title":"Walton Ford au mus\u00e9e de la chasse : derniers jours !","author":"Fabienne TM","date":"27 f\u00e9vrier 2016","format":false,"excerpt":"L\u2019exposition est la premi\u00e8re qui soit d\u00e9di\u00e9e en France au peintre am\u00e9ricain Walton Ford.Ses \u0153uvres conjuguent monumentalit\u00e9 des formats (parfois plus de trois m\u00e8tres de long) et pr\u00e9cision de miniaturiste. R\u00e9alis\u00e9es \u00e0 l\u2019aquarelle, elles s\u2019apparentent aux plus belles planches zoologiques \u00e9dit\u00e9es au xixe si\u00e8cle. a monster from Guiny 2007 (\u00a9courtesy\u2026","rel":"","context":"Dans &quot;Mus\u00e9es \/ Expositions&quot;","block_context":{"text":"Mus\u00e9es \/ Expositions","link":"http:\/\/www.letourismeaparis.fr\/index.php\/category\/culture\/musees-expositions\/"},"img":{"alt_text":"","src":"","width":0,"height":0},"classes":[]}],"jetpack_sharing_enabled":true,"jetpack_likes_enabled":true,"_links":{"self":[{"href":"http:\/\/www.letourismeaparis.fr\/index.php\/wp-json\/wp\/v2\/posts\/16975","targetHints":{"allow":["GET"]}}],"collection":[{"href":"http:\/\/www.letourismeaparis.fr\/index.php\/wp-json\/wp\/v2\/posts"}],"about":[{"href":"http:\/\/www.letourismeaparis.fr\/index.php\/wp-json\/wp\/v2\/types\/post"}],"author":[{"embeddable":true,"href":"http:\/\/www.letourismeaparis.fr\/index.php\/wp-json\/wp\/v2\/users\/2"}],"replies":[{"embeddable":true,"href":"http:\/\/www.letourismeaparis.fr\/index.php\/wp-json\/wp\/v2\/comments?post=16975"}],"version-history":[{"count":0,"href":"http:\/\/www.letourismeaparis.fr\/index.php\/wp-json\/wp\/v2\/posts\/16975\/revisions"}],"wp:attachment":[{"href":"http:\/\/www.letourismeaparis.fr\/index.php\/wp-json\/wp\/v2\/media?parent=16975"}],"wp:term":[{"taxonomy":"category","embeddable":true,"href":"http:\/\/www.letourismeaparis.fr\/index.php\/wp-json\/wp\/v2\/categories?post=16975"},{"taxonomy":"post_tag","embeddable":true,"href":"http:\/\/www.letourismeaparis.fr\/index.php\/wp-json\/wp\/v2\/tags?post=16975"}],"curies":[{"name":"wp","href":"https:\/\/api.w.org\/{rel}","templated":true}]}}