{"id":16979,"date":"2015-07-22T18:04:49","date_gmt":"2015-07-22T18:04:49","guid":{"rendered":"http:\/\/www.letourismeaparis.fr\/?p=16979"},"modified":"2015-07-22T18:04:49","modified_gmt":"2015-07-22T18:04:49","slug":"une-idee-descapade-en-devoluy-a-decouvrir-sans-tarder","status":"publish","type":"post","link":"http:\/\/www.letourismeaparis.fr\/index.php\/2015\/07\/22\/une-idee-descapade-en-devoluy-a-decouvrir-sans-tarder\/","title":{"rendered":"Une id\u00e9e d&#039;escapade en DEVOLUY : \u00e0 d\u00e9couvrir sans tarder !"},"content":{"rendered":"<p>Le D\u00e9voluy est un massif des Hautes-Alpes (05). On peut le comparer \u00e0 une perle dans un \u00e9crin de montagnes.<br \/>\nPr\u00e8s de Veynes \u00a0(23 km) ou de Gap (46 km).<a href=\"http:\/\/www.letourismeaparis.fr\/wp-content\/uploads\/2015\/07\/P1010588.jpg\"><img loading=\"lazy\" decoding=\"async\" class=\"aligncenter size-medium wp-image-16985\" src=\"http:\/\/www.letourismeaparis.fr\/wp-content\/uploads\/2015\/07\/P1010588-300x225.jpg\" alt=\"P1010588\" width=\"300\" height=\"225\" \/><\/a><!--more--><br \/>\nUne magnifique r\u00e9gion que vous pourrez d\u00e9couvrir gr\u00e2ce aux ballades nature, o\u00f9 vous d\u00e9couvrirez la faune et la flore gr\u00e2ce notamment \u00e0 Luc ou Baptiste, vous pourrez vous initier \u00e0 la sp\u00e9l\u00e9o avec Martinho Rodriguez, faire du cyclo tourisme dans des paysages somptueux.<br \/>\nLe canton du D\u00e9voluy est form\u00e9 de 4 communes: Agni\u00e8res, La Cluse, Saint-Disdier, Saint-Etienne-en-D\u00e9voluy.<br \/>\nLa superficie du canton du D\u00e9voluy est d&rsquo;environ 15 000 hectares.<br \/>\nL&rsquo;altitude moyenne du massif est 1300 m, elle oscille entre 1000 et 2800 m\u00e8tres.Les acc\u00e8s se font par les gorges de la Souloise au nord, par le col du Festre (1444 m) au sud et par le col du Noyer (1664 m) , ouvert uniquement en \u00e9t\u00e9.<br \/>\nLe ressources du canton sont le tourisme et l&rsquo;agriculture.Le Canton du D\u00e9voluy a 938 habitants.<!--more--><br \/>\n&nbsp;<br \/>\nH\u00e9bergement\u00a0: hotels clubs chalet margot superdevoluy<br \/>\n<span style=\"color: #ff0000;\"><a href=\"mailto:redcap@orange.fr\"><span style=\"color: #ff0000;\">redcap@orange.fr<\/span><\/a><\/span><br \/>\nHotel restaurant la Neyrette<br \/>\nSaint Dizdier 05250 Le devoluy Hautes alpes. <a href=\"http:\/\/www.la-neyrette.com\">www.la-neyrette.com<\/a><br \/>\nRestaurant Patras Ren\u00e9 et Val\u00e9rie<br \/>\nLes Cypi\u00e8res \u2013Saint Etienne en Devoluy 05250 Le Devoluy<\/p>\n","protected":false},"excerpt":{"rendered":"<p>Le D\u00e9voluy est un massif des Hautes-Alpes (05). On peut le comparer \u00e0 une perle dans un \u00e9crin de montagnes. Pr\u00e8s de Veynes \u00a0(23 km) ou de Gap (46 km).<\/p>\n","protected":false},"author":2,"featured_media":0,"comment_status":"open","ping_status":"open","sticky":false,"template":"","format":"standard","meta":{"ngg_post_thumbnail":0,"jetpack_post_was_ever_published":false,"_jetpack_newsletter_access":"","footnotes":""},"categories":[1],"tags":[132],"class_list":["post-16979","post","type-post","status-publish","format-standard","hentry","category-non-classe","tag-devoluy"],"jetpack_featured_media_url":"","jetpack-related-posts":[{"id":3531,"url":"http:\/\/www.letourismeaparis.fr\/index.php\/2009\/07\/04\/artisans-du-monde-braderie-les-4-et-5-juillet-a-paris\/","url_meta":{"origin":16979,"position":0},"title":"Artisans du Monde : braderie les 4 et 5 juillet \u00e0 Paris","author":"Fabienne TM","date":"4 juillet 2009","format":false,"excerpt":"Artisans du Monde organise, dans le 11e, un d\u00e9stockage massif de produits du commerce \u00e9quitable. V\u00eatements, bijoux, art de la table, d\u00e9coration, jouets, produits de beaut\u00e9\u2026 plusieurs centaines de produits vendus \u00e0 prix brad\u00e9s. de 10h \u00e0 19h, au 9-11 cours Debille, 75011 Paris (m\u00e9tro Voltaire). Sur place, vous pourrez\u2026","rel":"","context":"Dans &quot;Non class\u00e9&quot;","block_context":{"text":"Non class\u00e9","link":"http:\/\/www.letourismeaparis.fr\/index.php\/category\/non-classe\/"},"img":{"alt_text":"","src":"","width":0,"height":0},"classes":[]},{"id":16000,"url":"http:\/\/www.letourismeaparis.fr\/index.php\/2014\/11\/25\/saint-germain-des-neiges-du-27-au-30-novembre-2014\/","url_meta":{"origin":16979,"position":1},"title":"Saint Germain des neiges , du 27 au 30 novembre 2014,","author":"Fabienne TM","date":"25 novembre 2014","format":false,"excerpt":"\u00a0 \u00a0France Montagnes lancera l\u2019hiver au c\u0153ur de Paris ! leur camp de base sera dans le 6\u00e8me arrondissement (la place St-Sulpice et les rues Princesse et Guisarde). Saint-Germain des Pr\u00e9s deviendra Saint-Germain des Neiges. \u00a0La place Saint-Sulpice est transform\u00e9e en station de montagne avec de nombreuses activit\u00e9s gratuites :\u2026","rel":"","context":"Dans &quot;Non class\u00e9&quot;","block_context":{"text":"Non class\u00e9","link":"http:\/\/www.letourismeaparis.fr\/index.php\/category\/non-classe\/"},"img":{"alt_text":"","src":"https:\/\/i0.wp.com\/www.letourismeaparis.fr\/wp-content\/uploads\/2014\/11\/st-germain-des-neiges-final%2BlogosCOUL-version2-200x300.png?resize=350%2C200","width":350,"height":200},"classes":[]},{"id":165,"url":"http:\/\/www.letourismeaparis.fr\/index.php\/2008\/05\/16\/les-journees-des-plantes-a-courson-161718-mai\/","url_meta":{"origin":16979,"position":2},"title":"Les Journ\u00e9es des plantes \u00e0 COURSON 16\/17\/18 mai","author":"Fabienne TM","date":"16 mai 2008","format":false,"excerpt":"PARIS ADVISOR LE TOURISME A PARIS Vous pourrez y choisir arbres, arbustes, vivaces et bulbes de printemps et autres gramin\u00e9es s\u00e9lectionn\u00e9s avec un soin particulier par les exposants p\u00e9pini\u00e9ristes... Vous pourrez d\u00e9couvrir les derniers outils intelligents ! Vous pourrez vous informer gr\u00e2ce \u00e0 des conf\u00e9rences. Parc du Domaine de Courson\u2026","rel":"","context":"Dans &quot;Non class\u00e9&quot;","block_context":{"text":"Non class\u00e9","link":"http:\/\/www.letourismeaparis.fr\/index.php\/category\/non-classe\/"},"img":{"alt_text":"","src":"","width":0,"height":0},"classes":[]},{"id":12625,"url":"http:\/\/www.letourismeaparis.fr\/index.php\/2013\/01\/18\/retromobile-art-curial-et-la-rolls-de-cantona-mise-aux-encheres-le-22-janvier-street-art\/","url_meta":{"origin":16979,"position":3},"title":"R\u00e9tromobile, Art curial et la Rolls de Cantona  mise aux ench\u00e8res le 22 janvier  ( street art)","author":"Fabienne TM","date":"18 janvier 2013","format":false,"excerpt":"La Rolls de Cantona par JoneOne aux ench\u00e8res La voiture du footballeur va \u00eatre mise aux ench\u00e8res au profit de la fondation Abb\u00e9 Pierre, dans le cadre de la vente Art urbain contemporain d'Artcurial, le 22 janvier. La voiture, comme l'ensemble des \u0153uvres mises en vente, est expos\u00e9e chez Artcurial\u2026","rel":"","context":"Dans &quot;Non class\u00e9&quot;","block_context":{"text":"Non class\u00e9","link":"http:\/\/www.letourismeaparis.fr\/index.php\/category\/non-classe\/"},"img":{"alt_text":"","src":"","width":0,"height":0},"classes":[]},{"id":3805,"url":"http:\/\/www.letourismeaparis.fr\/index.php\/2009\/08\/24\/decouvrez-le-canal-saint-martin-le-25-aout\/","url_meta":{"origin":16979,"position":4},"title":"D\u00e9couvrez le canal Saint Martin le 25 ao\u00fbt","author":"Fabienne TM","date":"24 ao\u00fbt 2009","format":false,"excerpt":"Mardi 25 ao\u00fbt - 14H30\u00a0 L'eau au fil du Canal Saint-Martin - 10e.\u00a0 Le Canal Saint-Martin doit son existence \u00e0 l\u2019arriv\u00e9e des eaux de l\u2019Ourcq \u00e0 Paris. Dans quel but a-t-il \u00e9t\u00e9 construit ? De la Rotonde de Ledoux au faubourg du Temple, venez le d\u00e9couvrir \u00e0 travers ses \u00e9cluses,\u2026","rel":"","context":"Dans &quot;Non class\u00e9&quot;","block_context":{"text":"Non class\u00e9","link":"http:\/\/www.letourismeaparis.fr\/index.php\/category\/non-classe\/"},"img":{"alt_text":"","src":"","width":0,"height":0},"classes":[]},{"id":19019,"url":"http:\/\/www.letourismeaparis.fr\/index.php\/2016\/11\/18\/saint-gervais-des-neiges-place-saint-sulpice-jusquau-20-novembre\/","url_meta":{"origin":16979,"position":5},"title":"Saint Gervais des neiges, Place Saint Sulpice jusqu&#039;au 20 novembre","author":"Fabienne TM","date":"18 novembre 2016","format":false,"excerpt":"France Montagnes lancera la saison d\u2019hiver au c\u0153ur de Paris ! Pour la 4\u00e8me ann\u00e9e, les professionnels de montagne fixeront leur camp de base dans le 6\u00e8me arrondissement (la Place St-Sulpice et les rues Princesse, Guisarde et des Canettes). Magique et unique ! Pendant 4 jours, les rues du quartier\u2026","rel":"","context":"Dans &quot;Non class\u00e9&quot;","block_context":{"text":"Non class\u00e9","link":"http:\/\/www.letourismeaparis.fr\/index.php\/category\/non-classe\/"},"img":{"alt_text":"","src":"","width":0,"height":0},"classes":[]}],"jetpack_sharing_enabled":true,"jetpack_likes_enabled":true,"_links":{"self":[{"href":"http:\/\/www.letourismeaparis.fr\/index.php\/wp-json\/wp\/v2\/posts\/16979","targetHints":{"allow":["GET"]}}],"collection":[{"href":"http:\/\/www.letourismeaparis.fr\/index.php\/wp-json\/wp\/v2\/posts"}],"about":[{"href":"http:\/\/www.letourismeaparis.fr\/index.php\/wp-json\/wp\/v2\/types\/post"}],"author":[{"embeddable":true,"href":"http:\/\/www.letourismeaparis.fr\/index.php\/wp-json\/wp\/v2\/users\/2"}],"replies":[{"embeddable":true,"href":"http:\/\/www.letourismeaparis.fr\/index.php\/wp-json\/wp\/v2\/comments?post=16979"}],"version-history":[{"count":0,"href":"http:\/\/www.letourismeaparis.fr\/index.php\/wp-json\/wp\/v2\/posts\/16979\/revisions"}],"wp:attachment":[{"href":"http:\/\/www.letourismeaparis.fr\/index.php\/wp-json\/wp\/v2\/media?parent=16979"}],"wp:term":[{"taxonomy":"category","embeddable":true,"href":"http:\/\/www.letourismeaparis.fr\/index.php\/wp-json\/wp\/v2\/categories?post=16979"},{"taxonomy":"post_tag","embeddable":true,"href":"http:\/\/www.letourismeaparis.fr\/index.php\/wp-json\/wp\/v2\/tags?post=16979"}],"curies":[{"name":"wp","href":"https:\/\/api.w.org\/{rel}","templated":true}]}}