{"id":16995,"date":"2015-08-07T15:30:13","date_gmt":"2015-08-07T15:30:13","guid":{"rendered":"http:\/\/www.letourismeaparis.fr\/?p=16995"},"modified":"2015-08-07T15:30:13","modified_gmt":"2015-08-07T15:30:13","slug":"cinema-en-plein-air-a-la-villette-jusquau-23-aout","status":"publish","type":"post","link":"http:\/\/www.letourismeaparis.fr\/index.php\/2015\/08\/07\/cinema-en-plein-air-a-la-villette-jusquau-23-aout\/","title":{"rendered":"Cin\u00e9ma en plein air \u00e0 La Villette  jusqu&#039;au 23 ao\u00fbt"},"content":{"rendered":"<p>Gratuit<br \/>\nCHAQUE SAMEDI notamment,<br \/>\nAvec\u00a0<em>Premiers Pas<\/em>, d\u00e9couvrez les courts m\u00e9trages de jeunes r\u00e9alisateurs venant de sortir leur premier long en salle en 2014.<br \/>\n&#8211; 25 juillet :\u00a0<em>Nouilles<\/em>\u00a0de\u00a0<strong>Maryline Canto<\/strong>\u00a0(France -1988)<br \/>\n&#8211; 1er ao\u00fbt :\u00a0<em>Deweneti<\/em>\u00a0de\u00a0<strong>Dyana Gaye<\/strong>\u00a0(France\/S\u00e9n\u00e9gal -2006)<br \/>\n&#8211; 8 ao\u00fbt :\u00a0<em>Paris Shanghai<\/em>\u00a0de\u00a0<strong>Thomas Cailley<\/strong>\u00a0(France \u2013 2011)<br \/>\n&#8211; 15 ao\u00fbt :\u00a0<em>Le Naufrag\u00e9<\/em>\u00a0de\u00a0<strong>Guillaume Brac<\/strong>\u00a0(France \u2013 2012)<br \/>\n&#8211; 22 ao\u00fbt :\u00a0<em>Le meilleur ami de l\u2019homme<\/em>\u00a0de\u00a0<strong>Vincent Mariette<\/strong>\u00a0(France \u2013 2010)<!--more--><br \/>\n&nbsp;<br \/>\n&nbsp;<br \/>\nEt beaucoup d\u2019autres films \u00e0 consulter sur le site.<br \/>\n&nbsp;<\/p>\n<ul>\n<li>Acc\u00e8s\u00a0<strong>Porte de Pantin<\/strong>\u00a0:<\/li>\n<li>M\u00e9tro : \u00a0Ligne 5<br \/>\nBus : Ligne 75,151, PC2 et 3<br \/>\nTram : Ligne T3b<\/li>\n<li>Parking Sud\u00a0\u00ab\u00a0La Villette \u2013 Cit\u00e9 de la Musique\u00a0\u00bb\u00a0&#8211; PMR contactez le 01 40 03 75 75<\/li>\n<li>http:\/\/lavillette.com\/evenement\/cinema-en-plein-air-home-cinema\/<\/li>\n<\/ul>\n<p>EN ACC\u00c8S LIBRE<br \/>\n&nbsp;<br \/>\nDu 22 juillet au 23 ao\u00fbt 2015,<br \/>\ndu mercredi au dimanche.<br \/>\n<strong>Films diffus\u00e9s \u00e0 la tomb\u00e9e de la nuit<\/strong><br \/>\nDu 22\/07 au 02\/08, s\u00e9ance vers 22h30<br \/>\nDu 5\/08 au 9\/08, s\u00e9ance vers 22h15<br \/>\nDu 12\/08 au 23\/08, s\u00e9ance vers 22h<br \/>\nTous les films du festival sont propos\u00e9s en VO sous-titr\u00e9s en fran\u00e7ais.<br \/>\n<strong>En cas d&rsquo;intemp\u00e9ries :<\/strong><br \/>\nConsultez le 01 40 03 76 92 le soir m\u00eame, \u00e0 partir de 20h pour savoir si la s\u00e9ance est maintenue.<\/p>\n<ul>\n<li>contactez le 01 40 03 75 75<\/li>\n<li>http:\/\/lavillette.com\/evenement\/cinema-en-plein-air-home-cinema\/<\/li>\n<\/ul>\n<p>&nbsp;<\/p>\n","protected":false},"excerpt":{"rendered":"<p>Gratuit CHAQUE SAMEDI notamment, Avec\u00a0Premiers Pas, d\u00e9couvrez les courts m\u00e9trages de jeunes r\u00e9alisateurs venant de sortir leur premier long en salle en 2014. &#8211; 25 juillet :\u00a0Nouilles\u00a0de\u00a0Maryline Canto\u00a0(France -1988) &#8211; 1er ao\u00fbt :\u00a0Deweneti\u00a0de\u00a0Dyana Gaye\u00a0(France\/S\u00e9n\u00e9gal -2006) &#8211; 8 ao\u00fbt :\u00a0Paris Shanghai\u00a0de\u00a0Thomas&#8230;<\/p>\n","protected":false},"author":2,"featured_media":0,"comment_status":"open","ping_status":"open","sticky":false,"template":"","format":"standard","meta":{"ngg_post_thumbnail":0,"jetpack_post_was_ever_published":false,"_jetpack_newsletter_access":"","footnotes":""},"categories":[1],"tags":[],"class_list":["post-16995","post","type-post","status-publish","format-standard","hentry","category-non-classe"],"jetpack_featured_media_url":"","jetpack-related-posts":[{"id":8168,"url":"http:\/\/www.letourismeaparis.fr\/index.php\/2010\/08\/19\/cinema-en-plein-air-a-la-villette-du-17-juillet-au-22-aout-2010\/","url_meta":{"origin":16995,"position":0},"title":"Cin\u00e9ma en plein air \u00e0 La Villette jusqu&#039; au 22 ao\u00fbt 2010","author":"Fabienne TM","date":"19 ao\u00fbt 2010","format":false,"excerpt":"Du mardi au dimanche \u00e0 la nuit tomb\u00e9e; pour plus de pr\u00e9cisions sur l'heure du coucher de soleil, consultez le site de M\u00e9t\u00e9o France. Tous les films sont pr\u00e9sent\u00e9s en VO sous-titr\u00e9e Acc\u00e8s libre Location de transat Grande halle de la Villette Paris 75019 http:\/\/www.villette.com","rel":"","context":"Dans &quot;Non class\u00e9&quot;","block_context":{"text":"Non class\u00e9","link":"http:\/\/www.letourismeaparis.fr\/index.php\/category\/non-classe\/"},"img":{"alt_text":"","src":"","width":0,"height":0},"classes":[]},{"id":15488,"url":"http:\/\/www.letourismeaparis.fr\/index.php\/2014\/08\/22\/festival-la-villette-cinema-en-plein-air-jusquau-24-aout-gratuit\/","url_meta":{"origin":16995,"position":1},"title":"Festival \u00e0 La villette  : cin\u00e9ma en plein air jusqu&#039;au 24 ao\u00fbt : gratuit","author":"Fabienne TM","date":"22 ao\u00fbt 2014","format":false,"excerpt":"Cin\u00e9maLe\u00a031 juillet 2014 Maurice Pialat Tout public | Prairie du triangle France - 1983 - 1h35\u00a0(Audiod\u00e9crit par l'AVH) Avec Sandrine Bonnaire, Maurice Pialat, Evelyne Ker, Pierre-Loup Rajot, Dominique Besnehard, Cyril Collard Cin\u00e9maLe 1er ao\u00fbt 2014\u00a0Les Enfants Loups, Ame & Yuki Mamoru Hosoda Tout public | Prairie du triangle Japon -\u2026","rel":"","context":"Dans &quot;Cin\u00e9ma&quot;","block_context":{"text":"Cin\u00e9ma","link":"http:\/\/www.letourismeaparis.fr\/index.php\/category\/spectacle\/cinema\/"},"img":{"alt_text":"","src":"","width":0,"height":0},"classes":[]},{"id":3026,"url":"http:\/\/www.letourismeaparis.fr\/index.php\/2009\/07\/13\/kreyol-factory-mizik-factory-a-la-villette-expo-concerts\/","url_meta":{"origin":16995,"position":2},"title":"Kr\u00e9yol Factory,  \u00e0 la Villette ( expo , concerts)","author":"Fabienne TM","date":"13 juillet 2009","format":false,"excerpt":"Kr\u00e9yol Factory, exposition d\u2019art contemporain, rassemble les cr\u00e9ations de 60 artistes originaires des Cara\u00efbes et du monde indo-oc\u00e9anique mais aussi, pour certains, d\u2019Afrique ou encore des \u00c9tats-Unis,. Cin\u00e9ma en plein air \u00ab Travers\u00e9es \u00bb 15 juillet \u2013 16 ao\u00fbt Prairie du Triangle Sc\u00e8nes d\u2019\u00e9t\u00e9 Concerts\u00a0 11 \u2013 12 juillet \/\u2026","rel":"","context":"Dans &quot;Non class\u00e9&quot;","block_context":{"text":"Non class\u00e9","link":"http:\/\/www.letourismeaparis.fr\/index.php\/category\/non-classe\/"},"img":{"alt_text":"","src":"","width":0,"height":0},"classes":[]},{"id":269,"url":"http:\/\/www.letourismeaparis.fr\/index.php\/2008\/08\/13\/films-a-la-villette-en-plein-air-jusquau-1708\/","url_meta":{"origin":16995,"position":3},"title":"Films \u00e0  La Villette en plein air jusqu&#039;au 17\/08","author":"Fabienne TM","date":"13 ao\u00fbt 2008","format":false,"excerpt":"Paris Advisor Le Tourisme \u00e0 Paris Cin\u00e9ma en plein air 2008 jusqu'au 17 ao\u00fbt Les \u00e9toiles du cin\u00e9ma vont briller sur l'\u00e9cran g\u00e9ant du cin\u00e9ma en plein air de la Villette. Du 15 juillet au 17 ao\u00fbt. Du mardi au dimanche \u00e0 la tomb\u00e9e de la nuit Prairie du triangle\u2026","rel":"","context":"Dans &quot;Non class\u00e9&quot;","block_context":{"text":"Non class\u00e9","link":"http:\/\/www.letourismeaparis.fr\/index.php\/category\/non-classe\/"},"img":{"alt_text":"","src":"","width":0,"height":0},"classes":[]},{"id":3884,"url":"http:\/\/www.letourismeaparis.fr\/index.php\/2009\/08\/08\/cinema-a-la-villette-en-plein-air-du-9-au-16-aout\/","url_meta":{"origin":16995,"position":4},"title":"Cin\u00e9ma \u00e0 la Villette en plein air du 9 au 16 ao\u00fbt","author":"Fabienne TM","date":"8 ao\u00fbt 2009","format":false,"excerpt":"Dimanche 9 ao\u00fbt\u00a0: Le Grand Voyage Isma\u00efl Ferroukhi - 2004 - 1h48 - France, Maroc Mardi 11 ao\u00fbt : Le Fanfaron Dino Risi - 1962 - 1h45 - Italie Mercredi 12 ao\u00fbt\u00a0: Macadam \u00e0 deux voies Monte Hellman - 1971- 1h42 - \u00c9tats-Unis Jeudi 13 ao\u00fbt\u00a0: In this world Michael\u2026","rel":"","context":"Dans &quot;Non class\u00e9&quot;","block_context":{"text":"Non class\u00e9","link":"http:\/\/www.letourismeaparis.fr\/index.php\/category\/non-classe\/"},"img":{"alt_text":"","src":"","width":0,"height":0},"classes":[]},{"id":3669,"url":"http:\/\/www.letourismeaparis.fr\/index.php\/2009\/08\/04\/cinema-en-plein-air-gratuit-a-la-villette-un-bon-programme\/","url_meta":{"origin":16995,"position":5},"title":"Cin\u00e9ma en plein air, gratuit \u00e0 la Villette : 1-9 ao\u00fbt","author":"Fabienne TM","date":"4 ao\u00fbt 2009","format":false,"excerpt":"Mardi 4 ao\u00fbt\u00a0: Mulholland Drive David Lynch - 2001 - 2h26 - \u00c9tats-Unis Mercredi 5 ao\u00fbt\u00a0: Golden Door Emmanuele Crialese - 2006 - 1h58 - Italien, Fran\u00e7ais Jeudi 6 ao\u00fbt\u00a0: Little Miss Sunshine Jonathan Dayton - Valerie Faris - 2005 - 1h40 - \u00c9tats-Unis Vendredi 7 ao\u00fbt\u00a0: America America Elia\u2026","rel":"","context":"Dans &quot;Non class\u00e9&quot;","block_context":{"text":"Non class\u00e9","link":"http:\/\/www.letourismeaparis.fr\/index.php\/category\/non-classe\/"},"img":{"alt_text":"","src":"","width":0,"height":0},"classes":[]}],"jetpack_sharing_enabled":true,"jetpack_likes_enabled":true,"_links":{"self":[{"href":"http:\/\/www.letourismeaparis.fr\/index.php\/wp-json\/wp\/v2\/posts\/16995","targetHints":{"allow":["GET"]}}],"collection":[{"href":"http:\/\/www.letourismeaparis.fr\/index.php\/wp-json\/wp\/v2\/posts"}],"about":[{"href":"http:\/\/www.letourismeaparis.fr\/index.php\/wp-json\/wp\/v2\/types\/post"}],"author":[{"embeddable":true,"href":"http:\/\/www.letourismeaparis.fr\/index.php\/wp-json\/wp\/v2\/users\/2"}],"replies":[{"embeddable":true,"href":"http:\/\/www.letourismeaparis.fr\/index.php\/wp-json\/wp\/v2\/comments?post=16995"}],"version-history":[{"count":0,"href":"http:\/\/www.letourismeaparis.fr\/index.php\/wp-json\/wp\/v2\/posts\/16995\/revisions"}],"wp:attachment":[{"href":"http:\/\/www.letourismeaparis.fr\/index.php\/wp-json\/wp\/v2\/media?parent=16995"}],"wp:term":[{"taxonomy":"category","embeddable":true,"href":"http:\/\/www.letourismeaparis.fr\/index.php\/wp-json\/wp\/v2\/categories?post=16995"},{"taxonomy":"post_tag","embeddable":true,"href":"http:\/\/www.letourismeaparis.fr\/index.php\/wp-json\/wp\/v2\/tags?post=16995"}],"curies":[{"name":"wp","href":"https:\/\/api.w.org\/{rel}","templated":true}]}}