{"id":16998,"date":"2015-07-25T17:47:32","date_gmt":"2015-07-25T17:47:32","guid":{"rendered":"http:\/\/www.letourismeaparis.fr\/?p=16998"},"modified":"2015-07-25T17:47:32","modified_gmt":"2015-07-25T17:47:32","slug":"festival-cinema-au-clair-de-lune","status":"publish","type":"post","link":"http:\/\/www.letourismeaparis.fr\/index.php\/2015\/07\/25\/festival-cinema-au-clair-de-lune\/","title":{"rendered":"FESTIVAL CIN\u00c9MA AU CLAIR DE LUNE"},"content":{"rendered":"<p><strong>FESTIVAL CIN\u00c9MA AU CLAIR DE LUNE<\/strong><br \/>\n<strong>15e \u00e9dition\u00a0du 24 juillet au 9 ao\u00fbt 2015\u00a0\/ entr\u00e9e libre<br \/>\n11 projections\u00a0en\u00a0plein air dans diff\u00e9rents\u00a0quartiers de Paris<\/strong><br \/>\nSAMEDI 25 JUILLET 4e ARRONDISSEMENT Place des Vosges, square Louis-XIII M\u00b0 Chemin-Vert ou Saint-Paul BANCS PUBLICS de Bruno Podalyd\u00e8s avec Denis Podalyd\u00e8s, Josiane Balasko, Florence M\u00fcller France fict. 2009 coul. 1h50 (35mm)<br \/>\n&nbsp;<br \/>\nDIMANCHE 26 JUILLET 14e ARRONDISSEMENT Parc Montsouris (entr\u00e9e principale \u00e0 l\u2019angle de la rue Nansouty et de l\u2019avenue Reille) RER Cit\u00e9-Universitaire LES ADIEUX \u00c0 LA REINE de Benoit Jacquot avec L\u00e9a Seydoux, Diane Kruger, Virginie Ledoyen France fict. 2011 coul. 1h40 (35mm)<br \/>\n&nbsp;<br \/>\nJEUDI 30 JUILLET 12e ARRONDISSEMENT Pelouse de Reuilly, M\u00b0 Porte-de-Charenton TOUCHEZ PAS AU GRISBI de Jacques Becker avec Jean Gabin, Dora Doll, Jeanne Moreau France fict. 1953 n&amp;b 1h36 (35mm)<br \/>\n&nbsp;<br \/>\nVENDREDI 31 JUILLET 19e ARRONDISSEMENT Place des F\u00eates, M\u00b0 Place-des-F\u00eates SEULS TWO d\u2019\u00c9ric Judor et Ramzy Bedia avec \u00c9ric Judor, Ramzy Bedia, Omar Sy France fict. 2007 coul. 1h34 (35mm) SAMEDI 1er AO\u00dbT 15e ARRONDISSEMENT Parc Andr\u00e9-Citr\u00f6en (sur le parvis, entre les deux grandes serres) M\u00b0 Balard LE PETIT NICOLAS de Laurent Tirard avec Val\u00e9rie Lemercier, Kad Merad, Maxime Godart France fict. 2009 coul. 1h30 (35mm) \u00e0 partir de 7 ans<br \/>\n&nbsp;<br \/>\nPolanski avec Harrison Ford, Emmanuelle Seigner \u00c9.-U. fict. vostf 1988 coul. 2h (35mm) JEUDI 6 AO\u00dbT 20e ARRONDISSEMENT Square L\u00e9on-Frapi\u00e9 M\u00b0 Porte-des-Lilas ou Saint-Fargeau NINOTCHKA d\u2019Ernst Lubitsch avec Greta Garbo, Melvyn Douglas, Bela Lugosi \u00c9.-U. fict. vostf 1939 n&amp;b 1h50 (35mm)<br \/>\n&nbsp;<br \/>\nVENDREDI 7 AO\u00dbT 13e ARRONDISSEMENT Parc de Choisy (entr\u00e9e principale avenue de Choisy) M\u00b0 Tolbiac ou Place-d\u2019Italie LA GRANDE VADROUILLE de G\u00e9rard Oury avec Bourvil, Louis de Fun\u00e8s, Marie<br \/>\nDubois France fict. 1966 coul. 1h59 (35mm) \u00e0 partir de 7 ans<br \/>\n&nbsp;<br \/>\nSAMEDI 8 AO\u00dbT 7e ARRONDISSEMENT Esplanade des Invalides, M\u00b0 Invalides LA M\u00d4ME d\u2019Olivier Dahan avec Marion Cotillard, Sylvie Testud, Pascal Greggory France fict. 2007 coul. 2h21 (35mm) DIMANCHE 9 AO\u00dbT 1er ARRONDISSEMENT Jardin Nelson-Mandela, ex-Jardin des Halles M\u00b0 Les Halles &#8211; RER Ch\u00e2telet-Les Halles QUOI DE NEUF PUSSYCAT? (WHAT\u2019S NEW PUSSYCAT?) de Clive Donner avec Peter Sellers, Peter O\u2019Toole, Romy Schneider \u00c9.-U. fict. vostf 1965 coul. 1h44 (35mm) Le Forum des images profite de la douceur des nuits d\u2019\u00e9t\u00e9 pour associer amour du cin\u00e9ma sur grand \u00e9cran et d\u00e9couverte de Paris \u00e0 travers 11 films projet\u00e9s en plein air dans 11 quartiers de la capitale. CIN\u00c9MA AU CLAIR DE LUNE ENTR\u00c9E LIBRE LA S\u00c9ANCE D\u00c9BUTE \u00c0 21H30 UNE MANIFESTATION ORGANIS\u00c9E AVEC LE SOUTIEN DE LA MAIRIE DE PARIS \u2022 Parterre de chaises en acc\u00e8s libre, dans la limite des places disponibles, avec priorit\u00e9 aux personnes \u00e0 mobilit\u00e9 r\u00e9duite, aux personnes \u00e2g\u00e9es\u2026 Pas de r\u00e9servation possible. \u2022 Sans parterre de chaises \u2022 En cas de pluie, les projections peuvent \u00eatre annul\u00e9es. INFORMATIONS 01 44 76 63 00 \/ forumdesimages.fr QUELQUES RECOMMANDATIONS\u2026 \u2022 Pr\u00e9voyez une petite laine contre la fra\u00eecheur des nuits d\u2019\u00e9t\u00e9. \u2022 Merci de respecter le r\u00e8glement des parcs et jardins de Paris. Restauration propos\u00e9e par des food trucks sur certains sites. Merci de consulter giromela.fr ou forumdesimages.fr pour conna\u00eet<\/p>\n","protected":false},"excerpt":{"rendered":"<p>FESTIVAL CIN\u00c9MA AU CLAIR DE LUNE 15e \u00e9dition\u00a0du 24 juillet au 9 ao\u00fbt 2015\u00a0\/ entr\u00e9e libre 11 projections\u00a0en\u00a0plein air dans diff\u00e9rents\u00a0quartiers de Paris SAMEDI 25 JUILLET 4e ARRONDISSEMENT Place des Vosges, square Louis-XIII M\u00b0 Chemin-Vert ou Saint-Paul BANCS PUBLICS de&#8230;<\/p>\n","protected":false},"author":2,"featured_media":0,"comment_status":"open","ping_status":"open","sticky":false,"template":"","format":"standard","meta":{"ngg_post_thumbnail":0,"jetpack_post_was_ever_published":false,"_jetpack_newsletter_access":"","footnotes":""},"categories":[14],"tags":[],"class_list":["post-16998","post","type-post","status-publish","format-standard","hentry","category-cinema"],"jetpack_featured_media_url":"","jetpack-related-posts":[{"id":3856,"url":"http:\/\/www.letourismeaparis.fr\/index.php\/2009\/08\/06\/cinema-au-clair-de-lune-seance-le-6-aout-dans-le-8e-a-21h30\/","url_meta":{"origin":16998,"position":0},"title":"Cin\u00e9ma au clair de lune : s\u00e9ance le 6 ao\u00fbt dans le 8e et 7 ao\u00fbt dans le 14\u00e8me \u00e0 21h30 :","author":"Fabienne TM","date":"6 ao\u00fbt 2009","format":false,"excerpt":"Le Cin\u00e9ma de papa, de Claude Berri La vie de la famille Langmann, de 1946 \u00e0 1962. Plut\u00f4t que de succ\u00e9der \u00e0 son p\u00e8re, fourreur du faubourg Poissonni\u00e8re, Claude, passionn\u00e9 de cin\u00e9ma, choisit de se lancer dans une carri\u00e8re d\u2019acteur. Un film autobiographique, avec Claude Berri, Yves Robert, Alain Cohen\u2026","rel":"","context":"Dans &quot;Non class\u00e9&quot;","block_context":{"text":"Non class\u00e9","link":"http:\/\/www.letourismeaparis.fr\/index.php\/category\/non-classe\/"},"img":{"alt_text":"","src":"","width":0,"height":0},"classes":[]},{"id":3881,"url":"http:\/\/www.letourismeaparis.fr\/index.php\/2009\/08\/04\/cinema-au-clair-de-lune-le-5-aout-a-montmartre\/","url_meta":{"origin":16998,"position":1},"title":"Cin\u00e9ma au clair de lune le 5 ao\u00fbt \u00e0 Montmartre","author":"Fabienne TM","date":"4 ao\u00fbt 2009","format":false,"excerpt":"L\u2019ouverture du festival a lieu sur la Butte Montmartre : 5 ao\u00fbt - 21h30 : Casque d\u2019or, de Jacques Becker avec Simone Signoret, Serge Reggiani, Claude Dauphin, Raymond Bussi\u00e8res - France \/ fict. \/ 1952 \/ n&b \/ 1h36 \/ 35mm Dans une guinguette de Joinville, Manda, l\u2019ouvrier charpentier de\u2026","rel":"","context":"Dans &quot;Non class\u00e9&quot;","block_context":{"text":"Non class\u00e9","link":"http:\/\/www.letourismeaparis.fr\/index.php\/category\/non-classe\/"},"img":{"alt_text":"","src":"","width":0,"height":0},"classes":[]},{"id":305,"url":"http:\/\/www.letourismeaparis.fr\/index.php\/2008\/08\/20\/au-clair-de-la-lune-allons-au-cinema-a-paris\/","url_meta":{"origin":16998,"position":2},"title":"Au clair de la lune&#8230; allons au cin\u00e9ma \u00e0 Paris &#8230;","author":"Fabienne TM","date":"20 ao\u00fbt 2008","format":false,"excerpt":"Festival cin\u00e9ma au clair de lune En ao\u00fbt, le cin\u00e9ma s\u2019installe dans les quartiers de Paris - places, squares ou jardins \u2013 avec Cin\u00e9ma au clair de lune, organis\u00e9 par le Forum des images qui propose des s\u00e9ances en plein air destin\u00e9es aux amoureux de Paris et du cin\u00e9ma. 15e\u2026","rel":"","context":"Dans &quot;Non class\u00e9&quot;","block_context":{"text":"Non class\u00e9","link":"http:\/\/www.letourismeaparis.fr\/index.php\/category\/non-classe\/"},"img":{"alt_text":"","src":"","width":0,"height":0},"classes":[]},{"id":268,"url":"http:\/\/www.letourismeaparis.fr\/index.php\/2008\/08\/07\/cinema-au-clair-de-lune-1408-24-08\/","url_meta":{"origin":16998,"position":3},"title":"Cin\u00e9ma au clair de lune   14\/08-24-08","author":"Fabienne TM","date":"7 ao\u00fbt 2008","format":false,"excerpt":"Paris Advisor Le Tourisme \u00e0 Paris Cin\u00e9ma au clair de lune Festival cin\u00e9ma au clair de lune Chaque soir un film gratuit en plein air \u00e0 Paris. En ao\u00fbt, le cin\u00e9ma s\u2019installe dans les quartiers de Paris - places, squares ou jardins \u2013 avec Cin\u00e9ma au clair de lune, organis\u00e9\u2026","rel":"","context":"Dans &quot;Non class\u00e9&quot;","block_context":{"text":"Non class\u00e9","link":"http:\/\/www.letourismeaparis.fr\/index.php\/category\/non-classe\/"},"img":{"alt_text":"","src":"","width":0,"height":0},"classes":[]},{"id":267,"url":"http:\/\/www.letourismeaparis.fr\/index.php\/2008\/08\/04\/cinema-au-clair-de-lune-0608-1008\/","url_meta":{"origin":16998,"position":4},"title":"Cin\u00e9ma au clair de lune   06\/08-10\/08","author":"Fabienne TM","date":"4 ao\u00fbt 2008","format":false,"excerpt":"Pour la 8\u00e8me ann\u00e9e cons\u00e9cutive, le Forum des images invite les Parisiennes et Parisiens \u00e0 passer leurs soir\u00e9es d'ao\u00fbt \u00e0 la belle \u00e9toile, devant un beau film. Cette ann\u00e9e, les r\u00e9alisateurs europ\u00e9ens sont \u00e0 l\u2019honneur pour la majorit\u00e9 des films projet\u00e9s. clairdelune.forumdesimages.net 18e - Mercredi 6 ao\u00fbt - Butte Montmartre\u2026","rel":"","context":"Dans &quot;Non class\u00e9&quot;","block_context":{"text":"Non class\u00e9","link":"http:\/\/www.letourismeaparis.fr\/index.php\/category\/non-classe\/"},"img":{"alt_text":"","src":"","width":0,"height":0},"classes":[]},{"id":8152,"url":"http:\/\/www.letourismeaparis.fr\/index.php\/2010\/07\/16\/festival-de-cinema-du-19e-arrondissement\/","url_meta":{"origin":16998,"position":5},"title":"Festival de cin\u00e9ma du 19e arrondissement","author":"Fabienne TM","date":"16 juillet 2010","format":false,"excerpt":"Des s\u00e9ances de cin\u00e9ma en plein air gratuites : Samedi 17 juillet 2010 \u00e0 partir de 22h30 : L\u2019an 01, film de Jacques Doillon Parc de la Butte du Chapeau Rouge Entr\u00e9e par l\u2019avenue Debidour ou le 23 boulevard d\u2019Alg\u00e9rie Samedi 24 juillet 2010 \u00e0 partir de 22h30 : Porte\u2026","rel":"","context":"Dans &quot;Non class\u00e9&quot;","block_context":{"text":"Non class\u00e9","link":"http:\/\/www.letourismeaparis.fr\/index.php\/category\/non-classe\/"},"img":{"alt_text":"","src":"","width":0,"height":0},"classes":[]}],"jetpack_sharing_enabled":true,"jetpack_likes_enabled":true,"_links":{"self":[{"href":"http:\/\/www.letourismeaparis.fr\/index.php\/wp-json\/wp\/v2\/posts\/16998","targetHints":{"allow":["GET"]}}],"collection":[{"href":"http:\/\/www.letourismeaparis.fr\/index.php\/wp-json\/wp\/v2\/posts"}],"about":[{"href":"http:\/\/www.letourismeaparis.fr\/index.php\/wp-json\/wp\/v2\/types\/post"}],"author":[{"embeddable":true,"href":"http:\/\/www.letourismeaparis.fr\/index.php\/wp-json\/wp\/v2\/users\/2"}],"replies":[{"embeddable":true,"href":"http:\/\/www.letourismeaparis.fr\/index.php\/wp-json\/wp\/v2\/comments?post=16998"}],"version-history":[{"count":0,"href":"http:\/\/www.letourismeaparis.fr\/index.php\/wp-json\/wp\/v2\/posts\/16998\/revisions"}],"wp:attachment":[{"href":"http:\/\/www.letourismeaparis.fr\/index.php\/wp-json\/wp\/v2\/media?parent=16998"}],"wp:term":[{"taxonomy":"category","embeddable":true,"href":"http:\/\/www.letourismeaparis.fr\/index.php\/wp-json\/wp\/v2\/categories?post=16998"},{"taxonomy":"post_tag","embeddable":true,"href":"http:\/\/www.letourismeaparis.fr\/index.php\/wp-json\/wp\/v2\/tags?post=16998"}],"curies":[{"name":"wp","href":"https:\/\/api.w.org\/{rel}","templated":true}]}}