{"id":17002,"date":"2015-08-05T17:08:51","date_gmt":"2015-08-05T17:08:51","guid":{"rendered":"http:\/\/www.letourismeaparis.fr\/?p=17002"},"modified":"2015-08-05T17:08:51","modified_gmt":"2015-08-05T17:08:51","slug":"7-et-8-aout-nuits-des-etoiles-au-milieu-des-fusees-au-musee-de-lair-et-de-lespace-au-bourget","status":"publish","type":"post","link":"http:\/\/www.letourismeaparis.fr\/index.php\/2015\/08\/05\/7-et-8-aout-nuits-des-etoiles-au-milieu-des-fusees-au-musee-de-lair-et-de-lespace-au-bourget\/","title":{"rendered":"7 et 8 ao\u00fbt : nuits des \u00e9toiles au milieu des fus\u00e9es au mus\u00e9e de l&#039;air et de l&#039;espace au Bourget"},"content":{"rendered":"<table>\n<tbody>\n<tr>\n<td width=\"418\">&nbsp;<br \/>\nA l\u0092occasion des Nuits des \u00c9toiles, les 7 et 8 ao\u00fbt, le mus\u00e9e de l\u0092Air et de l\u0092Espace invite les passionn\u00e9s et curieux d\u0092astronomie \u00e0 d\u00e9couvrir la vo\u00fbte c\u00e9leste \u00e0 travers des observations nocturnes et des animations dans le <a href=\"http:\/\/www.museeairespace.fr\/index.php?id=3332&amp;rid=P_341&amp;mid=862&amp;aC=96fb42af&amp;jumpurl=2\">plan\u00e9tarium<\/a> et le <a href=\"http:\/\/www.museeairespace.fr\/index.php?id=3332&amp;rid=P_341&amp;mid=862&amp;aC=96fb42af&amp;jumpurl=3\">hall de l\u0092espace<\/a>. Le mus\u00e9e de l\u0092Air et de l\u0092Espace est un des rares lieux en Ile-de-France associ\u00e9 \u00e0 cet \u00e9v\u00e9nement. Acc\u00e8s libre de 21h \u00e0 1h.<br \/>\n&nbsp;<br \/>\nLe mus\u00e9e de l\u0092Air et de l\u0092Espace s\u0092est plac\u00e9 cette ann\u00e9e sous une bonne \u00e9toile, avec plusieurs animations et expositions autour du th\u00e8me spatial. Le programme des Nuits des Etoiles s\u0092en trouve enrichi. L\u0092\u00e9v\u00e9nement aura lieu quelles que soient les conditions m\u00e9t\u00e9orologiques.<br \/>\n&nbsp;<br \/>\n<strong>\u2708<\/strong><strong> Au programme :\u00a0<\/strong>Vendredi 7 ao\u00fbt et samedi 8 ao\u00fbt 2015, de 21h \u00e0 1h.<br \/>\n&nbsp;<br \/>\n<strong>\/!\\\u00a0Attention, le mus\u00e9e fermera ses portes entre 18h00 et 21h00 \/!\\<\/strong><\/p>\n<ul>\n<li><strong>S\u00e9ances de plan\u00e9tarium<\/strong> sur le th\u00e8me de \u00ab\u00a0Pluton et C\u00e9r\u00e8s, les plan\u00e8tes naines\u00a0\u00bb et visites guid\u00e9es sur le th\u00e8me \u00ab\u00a0la Terre vue de l&rsquo;espace\u00a0\u00bb.<\/li>\n<li><em>Toutes les 30 minutes \u00e0 21h, 21h30, 22h, 22h30, 23h, 23h30, 0h, 0h30.<\/em><\/li>\n<li><strong>Observations du ciel \u00e0 l<\/strong><strong>\u0092\u009c<\/strong><strong>il nu et au t\u00e9lescope,<\/strong> depuis le tarmac toute la soir\u00e9e (en fonction des conditions m\u00e9t\u00e9orologiques).<\/li>\n<li><strong>Pr\u00e9sentation et d\u00e9monstration de Philea, maquette \u00e0 l<\/strong><strong>\u0092<\/strong><strong>\u00e9chelle 1 :1 de l<\/strong><strong>\u0092<\/strong><strong>atterrisseur de Rosetta,<\/strong> qui s\u0092est pos\u00e9 sur la com\u00e8te 67P \/ C-G, surnomm\u00e9e \u00ab\u00a0Tchouri\u00a0\u00bb.<\/li>\n<li><em>S\u00e9ances \u00e0 22h et \u00e0 00h.<\/em><\/li>\n<li><strong>Chaque soir, l<\/strong><strong>\u0092<\/strong><strong>exposition \u00ab\u00a0Com\u00e8tes : aux origines des syst\u00e8mes plan\u00e9taires\u00a0\u00bb sera en acc\u00e8s libre. <\/strong>Cette exposition, propos\u00e9e par le Laboratoire d\u0092Excellence ESEP (Exploration Spatiale des Environnements Plan\u00e9taires), s\u0092articule sur 300 m\u00b2 d\u0092exposition en 3 volets (scientifique, technique et historique).<\/li>\n<\/ul>\n<p><strong>Cette exposition, jusqu<\/strong><strong>\u0092<\/strong><strong>au 3 janvier 2016,<\/strong> rend compte des derni\u00e8res d\u00e9couvertes sur les com\u00e8tes livr\u00e9es par les observations de la sonde Rosetta et de son atterrisseur Philae. Gr\u00e2ce \u00e0 des dispositifs de m\u00e9diation vari\u00e9s, l\u0092exposition explique le r\u00f4le capital des com\u00e8tes dans la compr\u00e9hension de la formation de notre syst\u00e8me solaire et l\u0092apport de l\u0092eau sur Terre.<\/td>\n<\/tr>\n<\/tbody>\n<\/table>\n<p><!--more--><br \/>\nMus\u00e9e de l&rsquo;Air et de l&rsquo;EspaceA\u00e9roport de Paris-Le Bourget &#8211; BP 17393352 Le Bourget CedexFrance\u2708 <a href=\"www.museeairespace.fr\">www.museeairespace.fr<\/a><\/p>\n","protected":false},"excerpt":{"rendered":"<p>&nbsp; A l\u0092occasion des Nuits des \u00c9toiles, les 7 et 8 ao\u00fbt, le mus\u00e9e de l\u0092Air et de l\u0092Espace invite les passionn\u00e9s et curieux d\u0092astronomie \u00e0 d\u00e9couvrir la vo\u00fbte c\u00e9leste \u00e0 travers des observations nocturnes et des animations dans le&#8230;<\/p>\n","protected":false},"author":2,"featured_media":0,"comment_status":"open","ping_status":"open","sticky":false,"template":"","format":"standard","meta":{"ngg_post_thumbnail":0,"jetpack_post_was_ever_published":false,"_jetpack_newsletter_access":"","footnotes":""},"categories":[1],"tags":[],"class_list":["post-17002","post","type-post","status-publish","format-standard","hentry","category-non-classe"],"jetpack_featured_media_url":"","jetpack-related-posts":[{"id":18486,"url":"http:\/\/www.letourismeaparis.fr\/index.php\/2016\/07\/25\/les-traditionnelles-nuits-des-etoiles-ont-lieu-au-musee-de-lair-et-de-lespace-les-5-et-6-aout-2016\/","url_meta":{"origin":17002,"position":0},"title":"Les traditionnelles Nuits des \u00c9toiles ont lieu au mus\u00e9e de l\u2019Air et de l\u2019Espace les 5 et 6 ao\u00fbt 2016","author":"Fabienne TM","date":"25 juillet 2016","format":false,"excerpt":"5 et 6 ao\u00fbt - Nuits des \u00e9toiles Observations et animations de 21h \u00e0 1h Les traditionnelles Nuits des \u00c9toiles ont lieu au mus\u00e9e de l\u2019Air et de l\u2019Espace les 5 et 6 ao\u00fbt 2016, sur le th\u00e8me des sondes spatiales. Rendez-vous incontournable des passionn\u00e9s d\u2019astronomie,c\u2019est l\u2019occasion de b\u00e9n\u00e9ficier d\u2019un\u2026","rel":"","context":"Dans &quot;Familles&quot;","block_context":{"text":"Familles","link":"http:\/\/www.letourismeaparis.fr\/index.php\/category\/familles\/"},"img":{"alt_text":"","src":"","width":0,"height":0},"classes":[]},{"id":18460,"url":"http:\/\/www.letourismeaparis.fr\/index.php\/2016\/08\/02\/la-nuit-des-etoiles-2016-a-lobservatoire-panoramique-de-la-tour-montparnasse\/","url_meta":{"origin":17002,"position":1},"title":"La Nuit des Etoiles 2016  \u00e0 l&#039;Observatoire Panoramique de la Tour Montparnasse","author":"Fabienne TM","date":"2 ao\u00fbt 2016","format":false,"excerpt":"\u00a0 L'Observatoire panoramique de la Tour Montparnasse, plus haut point de vue touristique de Paris, propose aux passionn\u00e9s de venir admirer le ciel scintillant les 5,6 et 7 ao\u00fbt 2016 lors de la Nuit des Etoiles 2016. Pour cette 26\u00e8me \u00e9dition, les \u00e9toiles en d\u00e9voileront un peu plus sur une\u2026","rel":"","context":"Dans &quot;Familles&quot;","block_context":{"text":"Familles","link":"http:\/\/www.letourismeaparis.fr\/index.php\/category\/familles\/"},"img":{"alt_text":"","src":"","width":0,"height":0},"classes":[]},{"id":13317,"url":"http:\/\/www.letourismeaparis.fr\/index.php\/2013\/05\/13\/le-musee-de-lair-et-de-lespace-participe-a-la-nuit-europeenne-des-musees-2013-samedi-18-mai\/","url_meta":{"origin":17002,"position":2},"title":"Le mus\u00e9e de l\u2019Air et de l\u2019Espace participe \u00e0 la nuit europ\u00e9enne des mus\u00e9es 2013 samedi 18 mai","author":"Fabienne TM","date":"13 mai 2013","format":false,"excerpt":"Le mus\u00e9e de l\u2019Air et de l\u2019Espace\u00a0 sera exceptionnellement ouvert jusqu'\u00e0 23h. Toute la soir\u00e9e - Visites guid\u00e9es th\u00e9matiques (45mn) 19h Film \"2001, l'Odyss\u00e9e de l'espace\" de Stanley Kubrick (2h23) 19h Ambiance Jazz Swing avec UNISWING (1h30) 19h-20h-21h-22h Orchestre de la Musique de l'Air (4 x 30mn) 19h-20h-21h-22h Musique classique\u2026","rel":"","context":"Dans &quot;Non class\u00e9&quot;","block_context":{"text":"Non class\u00e9","link":"http:\/\/www.letourismeaparis.fr\/index.php\/category\/non-classe\/"},"img":{"alt_text":"","src":"","width":0,"height":0},"classes":[]},{"id":15496,"url":"http:\/\/www.letourismeaparis.fr\/index.php\/2014\/08\/01\/24e-edition-de-la-nuit-des-etoiles-samedi-2-aout\/","url_meta":{"origin":17002,"position":3},"title":"24e \u00e9dition de la Nuit des Etoiles , samedi 2 aout","author":"Fabienne TM","date":"1 ao\u00fbt 2014","format":false,"excerpt":"Le Centre de culture scientifique Atlas de Saint-Ouen participe \u00e0 nouveau cette ann\u00e9e aux Nuits des Etoiles et vous propose le samedi 2 ao\u00fbt 2014 de venir profiter des animations et observations du ciel gratuitement. Le Centre de culture scientifique Atlas\u00a0situ\u00e9 \u00e0\u00a0Saint-Ouen\u00a0vous attend au grand parc de Saint-Ouen pour une\u2026","rel":"","context":"Dans &quot;Familles&quot;","block_context":{"text":"Familles","link":"http:\/\/www.letourismeaparis.fr\/index.php\/category\/familles\/"},"img":{"alt_text":"","src":"","width":0,"height":0},"classes":[]},{"id":269,"url":"http:\/\/www.letourismeaparis.fr\/index.php\/2008\/08\/13\/films-a-la-villette-en-plein-air-jusquau-1708\/","url_meta":{"origin":17002,"position":4},"title":"Films \u00e0  La Villette en plein air jusqu&#039;au 17\/08","author":"Fabienne TM","date":"13 ao\u00fbt 2008","format":false,"excerpt":"Paris Advisor Le Tourisme \u00e0 Paris Cin\u00e9ma en plein air 2008 jusqu'au 17 ao\u00fbt Les \u00e9toiles du cin\u00e9ma vont briller sur l'\u00e9cran g\u00e9ant du cin\u00e9ma en plein air de la Villette. Du 15 juillet au 17 ao\u00fbt. Du mardi au dimanche \u00e0 la tomb\u00e9e de la nuit Prairie du triangle\u2026","rel":"","context":"Dans &quot;Non class\u00e9&quot;","block_context":{"text":"Non class\u00e9","link":"http:\/\/www.letourismeaparis.fr\/index.php\/category\/non-classe\/"},"img":{"alt_text":"","src":"","width":0,"height":0},"classes":[]},{"id":3686,"url":"http:\/\/www.letourismeaparis.fr\/index.php\/2009\/07\/22\/nuit-des-etoiles-a-la-tour-montparnasse-les-24-et-25-juillet\/","url_meta":{"origin":17002,"position":5},"title":"Nuit des \u00e9toiles \u00e0 la tour Montparnasse les 24 et 25 juillet","author":"Fabienne TM","date":"22 juillet 2009","format":false,"excerpt":"Les 24 et 25 juillet prochains, , Montparnasse 56,\u00a0 transforme son toit-terrasse du 59e \u00e9tage - \u00e0 210 m\u00e8tres d\u2019altitude - en un gigantesque observatoire plein ciel. Sur la terrasse panoramique, tous les astronomes novices ou confirm\u00e9s, profiteront de t\u00e9lescopes et de jumelles plusieurs animateurs confirm\u00e9s et conf\u00e9renciers de l\u2019AFA\u2026","rel":"","context":"Dans &quot;Non class\u00e9&quot;","block_context":{"text":"Non class\u00e9","link":"http:\/\/www.letourismeaparis.fr\/index.php\/category\/non-classe\/"},"img":{"alt_text":"","src":"","width":0,"height":0},"classes":[]}],"jetpack_sharing_enabled":true,"jetpack_likes_enabled":true,"_links":{"self":[{"href":"http:\/\/www.letourismeaparis.fr\/index.php\/wp-json\/wp\/v2\/posts\/17002","targetHints":{"allow":["GET"]}}],"collection":[{"href":"http:\/\/www.letourismeaparis.fr\/index.php\/wp-json\/wp\/v2\/posts"}],"about":[{"href":"http:\/\/www.letourismeaparis.fr\/index.php\/wp-json\/wp\/v2\/types\/post"}],"author":[{"embeddable":true,"href":"http:\/\/www.letourismeaparis.fr\/index.php\/wp-json\/wp\/v2\/users\/2"}],"replies":[{"embeddable":true,"href":"http:\/\/www.letourismeaparis.fr\/index.php\/wp-json\/wp\/v2\/comments?post=17002"}],"version-history":[{"count":0,"href":"http:\/\/www.letourismeaparis.fr\/index.php\/wp-json\/wp\/v2\/posts\/17002\/revisions"}],"wp:attachment":[{"href":"http:\/\/www.letourismeaparis.fr\/index.php\/wp-json\/wp\/v2\/media?parent=17002"}],"wp:term":[{"taxonomy":"category","embeddable":true,"href":"http:\/\/www.letourismeaparis.fr\/index.php\/wp-json\/wp\/v2\/categories?post=17002"},{"taxonomy":"post_tag","embeddable":true,"href":"http:\/\/www.letourismeaparis.fr\/index.php\/wp-json\/wp\/v2\/tags?post=17002"}],"curies":[{"name":"wp","href":"https:\/\/api.w.org\/{rel}","templated":true}]}}