{"id":17009,"date":"2015-08-02T17:34:07","date_gmt":"2015-08-02T17:34:07","guid":{"rendered":"http:\/\/www.letourismeaparis.fr\/?p=17009"},"modified":"2015-08-02T17:34:07","modified_gmt":"2015-08-02T17:34:07","slug":"dimanche-2-aout-2015-8e-traversee-de-paris-estivale","status":"publish","type":"post","link":"http:\/\/www.letourismeaparis.fr\/index.php\/2015\/08\/02\/dimanche-2-aout-2015-8e-traversee-de-paris-estivale\/","title":{"rendered":"Dimanche 2 ao\u00fbt 2015  8e Travers\u00e9e de Paris estivale"},"content":{"rendered":"<p>La Travers\u00e9e de Paris estivale, organis\u00e9e par Vincennes en Anciennes, est le rendez-vous incontournable de l\u2019\u00e9t\u00e9 pour tous les collectionneurs et amateurs de belles m\u00e9caniques.<a href=\"http:\/\/www.letourismeaparis.fr\/wp-content\/uploads\/2015\/07\/Visuel_TdP_Ete_2015_Complet.png\"><img loading=\"lazy\" decoding=\"async\" class=\"aligncenter size-medium wp-image-17012\" src=\"http:\/\/www.letourismeaparis.fr\/wp-content\/uploads\/2015\/07\/Visuel_TdP_Ete_2015_Complet-211x300.png\" alt=\"Visuel_TdP_Ete_2015_Complet\" width=\"211\" height=\"300\" \/><\/a><br \/>\nC&rsquo;est une manifestation joyeuse et d\u00e9contract\u00e9e o\u00f9 seule compte la passion de l&rsquo;automobile, un moment de partage interg\u00e9n\u00e9rationnel. Chaque voiture \u00e0 une histoire et tout le monde a au moins un souvenir \u00e0 propos de ces voitures (voitures de son enfance, de son mariage, de ses premi\u00e8res vacances&#8230;).<!--more--><br \/>\n&nbsp;<br \/>\n<strong>Vous pouvez admirer les v\u00e9hicules sur le parcours<\/strong>,<br \/>\net une partie, \u00e0 l&rsquo;arriv\u00e9e \u00e0 Meudon (92)<br \/>\n<strong><br \/>\nTerrasse de l\u2019Observatoire de Meudon de 11h30 \u00e0 15 h 00\u00a0<\/strong><br \/>\n(entr\u00e9e gratuite &#8211; acc\u00e8s r\u00e9serv\u00e9 au public sans v\u00e9hicule).<br \/>\n&nbsp;<br \/>\n<em>Points de passage<\/em><br \/>\n<em> de la Travers\u00e9e de Paris estivale<\/em><br \/>\n<strong>8h00-8h30 \u00a0\u00a0\u00a0\u00a0\u00a0\u00a0\u00a0\u00a0 Nation R\u00e9publique<\/strong><br \/>\n<strong>8h30-9h30 \u00a0\u00a0\u00a0\u00a0\u00a0\u00a0\u00a0\u00a0 Montmartre<\/strong><br \/>\n<strong>10h00-10h30 \u00a0\u00a0\u00a0\u00a0 Place de la Concorde<\/strong><br \/>\n<strong>10h30-11h00\u00a0\u00a0\u00a0\u00a0\u00a0 Place des Invalides<\/strong><br \/>\n<strong>11h30-12h30\u00a0\u00a0\u00a0\u00a0\u00a0 Terrasse de l\u2019Observatoire de Meudon<\/strong><strong>.<\/strong><br \/>\n&nbsp;<br \/>\n&nbsp;<br \/>\n<strong>Un voyage dans le temps (et dans la capitale)<\/strong><br \/>\nSurprenant spectacle que celui de ces 700 v\u00e9hicules dont le plus ancien est une Richard Brasier type H de 1903 et la plus r\u00e9cente est une Ferrari 355 F1 de 1999. Participent \u00e9galement : 14 tracteurs entre 1950 et 1985, 41 motos (la plus ancienne une Dollar R2 de 1929), 2 v\u00e9los, 5 bus (dont les fameux bus \u00e0 plateforme de 1934 et un School Bus).<br \/>\n116 marques sont repr\u00e9sent\u00e9es dont une bonne trentaine n&rsquo;existe plus aujourd\u2019hui.<br \/>\nParmi les participants, il y a des franciliens mais aussi des \u00e9quipages venus de toute la France, quelques belges, britanniques ou hollandais. Beaucoup de femmes prennent d\u00e9sormais le volant de leurs anciennes.<br \/>\nPendant une matin\u00e9e, Paris devient capitale des voitures anciennes pour former le plus grand rassemblement de ce type en France.<br \/>\n&nbsp;<br \/>\n&nbsp;<br \/>\n<strong>Paris, prise d\u2019assaut par les anciennes<\/strong><br \/>\nLe parcours sillonne les plus belles art\u00e8res de la capitale Bastille, R\u00e9publique, Montmartre, Op\u00e9ra, Concorde, Champs-Elys\u00e9es, Grand Palais, Invalides. Un parcours d\u2019une bonne vingtaine de kilom\u00e8tres ponctu\u00e9 de courtes haltes pour que le public puisse profiter de ces moments festifs. En \u00e9t\u00e9, le parcours s\u2019ach\u00e8ve sur la terrasse de l\u2019Observatoire de Meudon, un espace verdoyant qui offre une vue imprenable sur la capitale (et sur les voitures).<br \/>\n&nbsp;<br \/>\n<strong>\u00a0<\/strong><br \/>\n<strong>\u00a0<\/strong><br \/>\n<strong>Informations pratiques<\/strong><br \/>\n<strong>D\u00e9part <\/strong>entre 8h00 et 9h00 Esplanade du Ch\u00e2teau de Vincennes.<br \/>\n<strong>Arriv\u00e9e <\/strong>\u00e0 partir de 12h &#8211; Terrasse de l\u2019Observatoire de Meudon<br \/>\n<strong>Renseignements pratiques\u00a0:<\/strong> 06 33 80 31 91.<br \/>\n<strong>Site internet\u00a0<\/strong>: <a href=\"http:\/\/www.vincennesenanciennes.com\">www.vincennesenanciennes.com<\/a><br \/>\n&nbsp;<\/p>\n","protected":false},"excerpt":{"rendered":"<p>La Travers\u00e9e de Paris estivale, organis\u00e9e par Vincennes en Anciennes, est le rendez-vous incontournable de l\u2019\u00e9t\u00e9 pour tous les collectionneurs et amateurs de belles m\u00e9caniques. C&rsquo;est une manifestation joyeuse et d\u00e9contract\u00e9e o\u00f9 seule compte la passion de l&rsquo;automobile, un moment&#8230;<\/p>\n","protected":false},"author":2,"featured_media":0,"comment_status":"open","ping_status":"open","sticky":false,"template":"","format":"standard","meta":{"ngg_post_thumbnail":0,"jetpack_post_was_ever_published":false,"_jetpack_newsletter_access":"","footnotes":""},"categories":[7,28],"tags":[],"class_list":["post-17009","post","type-post","status-publish","format-standard","hentry","category-automobiles","category-familles"],"jetpack_featured_media_url":"","jetpack-related-posts":[{"id":18481,"url":"http:\/\/www.letourismeaparis.fr\/index.php\/2016\/07\/29\/vincennes-en-anciennes-organise-sa-9e-traversee-de-paris-estivale-avec-des-voitures-de-collection-le-31-juillet\/","url_meta":{"origin":17009,"position":0},"title":"\u00ab Vincennes en Anciennes \u00bb organise sa 9e Travers\u00e9e de Paris estivale avec des voitures de collection le 31 juillet","author":"Fabienne TM","date":"29 juillet 2016","format":false,"excerpt":"L\u2019\u00e9v\u00e9nement accueillera plus de 740 v\u00e9hicules de collection (autos, motos, tracteurs bus et v\u00e9los). Des v\u00e9hicules dont les plus r\u00e9cents datent de 1987. Chaque ann\u00e9e, plus de 100 marques et 200 mod\u00e8les sont repr\u00e9sent\u00e9s dont 90% ont disparu. Vincennes en Anciennes a choisi le th\u00e8me des d\u00e9parts en vacances. Les\u2026","rel":"","context":"Dans &quot;Automobiles&quot;","block_context":{"text":"Automobiles","link":"http:\/\/www.letourismeaparis.fr\/index.php\/category\/culture\/musees-expositions\/automobiles\/"},"img":{"alt_text":"","src":"https:\/\/i0.wp.com\/www.letourismeaparis.fr\/wp-content\/uploads\/2016\/07\/voitures-200x300.jpeg?resize=350%2C200","width":350,"height":200},"classes":[]},{"id":20136,"url":"http:\/\/www.letourismeaparis.fr\/index.php\/2017\/07\/24\/10e-traversee-de-paris-cheveux-au-vent\/","url_meta":{"origin":17009,"position":1},"title":"10e Travers\u00e9e de Paris, cheveux au vent !","author":"Fabienne TM","date":"24 juillet 2017","format":false,"excerpt":"Dimanche 30 juillet 2017, \u00a0 10e Travers\u00e9e de Paris, cheveux au vent\u00a0! Pour ce grand rendez-vous estival des passionn\u00e9s de belles m\u00e9caniques, \u00ab\u00a0Vincennes en Anciennes\u00a0\u00bb a choisi le th\u00e8me des coup\u00e9s, des cabriolets et des motos\u00a0; Fenouil, c\u00e9l\u00e8bre pilote, parrainera cette \u00e9dition. Plus de 700 \u00e9quipages partiront \u00e0 l\u2019assaut de\u2026","rel":"","context":"Dans &quot;Automobiles&quot;","block_context":{"text":"Automobiles","link":"http:\/\/www.letourismeaparis.fr\/index.php\/category\/culture\/musees-expositions\/automobiles\/"},"img":{"alt_text":"","src":"","width":0,"height":0},"classes":[]},{"id":24331,"url":"http:\/\/www.letourismeaparis.fr\/index.php\/2021\/07\/05\/la-traversee-de-paris-dimanche-25-juillet-en-voitures-de-collection\/","url_meta":{"origin":17009,"position":2},"title":"La travers\u00e9e de Paris dimanche 25 juillet en voitures de collection","author":"Fabienne TM","date":"5 juillet 2021","format":false,"excerpt":"Un patrimoine roulant bien vivant Color\u00e9es, diverses, joyeuses, patrimoniales, ainsi peut-on qualifier les Travers\u00e9es de Paris en v\u00e9hicules d\u2019\u00e9poque. Organis\u00e9e par Vincennes en Anciennes, la Travers\u00e9e qui s\u2019annonce sera, une fois de plus, riche avec ses 700 v\u00e9hicules de plus de trente ans (autos, motos, v\u00e9los, tracteurs, utilitaires l\u00e9gers et\u2026","rel":"","context":"Dans &quot;Automobiles&quot;","block_context":{"text":"Automobiles","link":"http:\/\/www.letourismeaparis.fr\/index.php\/category\/culture\/musees-expositions\/automobiles\/"},"img":{"alt_text":"","src":"","width":0,"height":0},"classes":[]},{"id":11815,"url":"http:\/\/www.letourismeaparis.fr\/index.php\/2012\/07\/20\/5eme-traversee-de-paris-estivale-dimanche-29-juillet-2012\/","url_meta":{"origin":17009,"position":3},"title":"5\u00e8me Travers\u00e9e de Paris estivale Dimanche 29 juillet 2012","author":"Fabienne TM","date":"20 juillet 2012","format":false,"excerpt":"D\u00e9part esplanade du ch\u00e2teau de Vincennes, balade dans les rues de la capitale avec des regroupements sympathiques et arriv\u00e9e aux terrasses de l'observatoire \u00e0 Meudon pour un pique-nique g\u00e9ant. Nous vous sugg\u00e9rons de porter une tenue blanche en harmonie avec l'\u00e9poque de votre v\u00e9hicule. Comme pour la travers\u00e9e hivernale, un\u2026","rel":"","context":"Dans &quot;Non class\u00e9&quot;","block_context":{"text":"Non class\u00e9","link":"http:\/\/www.letourismeaparis.fr\/index.php\/category\/non-classe\/"},"img":{"alt_text":"","src":"","width":0,"height":0},"classes":[]},{"id":19294,"url":"http:\/\/www.letourismeaparis.fr\/index.php\/2017\/01\/07\/dimanche-8-janvier-2017-17e-traversee-de-paris-les-annees-70-ont-le-vent-en-poupe\/","url_meta":{"origin":17009,"position":4},"title":"Dimanche 8 janvier 2017  17e Travers\u00e9e de Paris , Les ann\u00e9es 70 ont le vent en poupe","author":"Fabienne TM","date":"7 janvier 2017","format":false,"excerpt":"La Travers\u00e9e de Paris hivernale demeure le rassemblement majeur de v\u00e9hicules anciens du d\u00e9but d\u2019ann\u00e9e. Attendue par les passionn\u00e9s, elle rassemble pour chacune de ses \u00e9ditions*, plus de 700 v\u00e9hicules (autos, motos, v\u00e9los, tracteurs, bus, utilitaires l\u00e9gers) dans la capitale. Depuis 2016, \u00ab\u00a0Vincennes en Anciennes\u00a0\u00bb, organisateur de la manifestation, d\u00e9finit\u2026","rel":"","context":"Dans &quot;Automobiles&quot;","block_context":{"text":"Automobiles","link":"http:\/\/www.letourismeaparis.fr\/index.php\/category\/culture\/musees-expositions\/automobiles\/"},"img":{"alt_text":"","src":"https:\/\/i0.wp.com\/www.letourismeaparis.fr\/wp-content\/uploads\/2016\/12\/Capture-d%C3%A2%C2%80%C2%99e%C3%8C%C2%81cran-2016-12-19-a%C3%8C%C2%80-11.30.40-208x300.png?resize=350%2C200","width":350,"height":200},"classes":[]},{"id":12425,"url":"http:\/\/www.letourismeaparis.fr\/index.php\/2012\/12\/27\/la-13e-traversee-de-paris-organisee-par-vincennes-en-anciennes-se-deroulera-le-dimanche-6-janvier-2013\/","url_meta":{"origin":17009,"position":5},"title":"La 13e Travers\u00e9e de Paris organis\u00e9e par &quot;Vincennes en Anciennes&quot; se d\u00e9roulera le dimanche 6 janvier 2013","author":"Fabienne TM","date":"27 d\u00e9cembre 2012","format":false,"excerpt":"La 13e Travers\u00e9e de Paris organis\u00e9e par \"Vincennes en Anciennes\" se d\u00e9roulera le dimanche 6 janvier 2013 au d\u00e9part de l'esplanade du Ch\u00e2teau de Vincennes. 600 v\u00e9hicules y participeront. Rien ne sert de courir, il faut partir \u00e0 point ! C\u2019est ce que feront plus de 600 v\u00e9hicules (voitures, motos,\u2026","rel":"","context":"Dans &quot;Non class\u00e9&quot;","block_context":{"text":"Non class\u00e9","link":"http:\/\/www.letourismeaparis.fr\/index.php\/category\/non-classe\/"},"img":{"alt_text":"","src":"https:\/\/i0.wp.com\/www.letourismeaparis.fr\/wp-content\/uploads\/2012\/12\/Affiche_TdP_-205x300.jpg?resize=350%2C200","width":350,"height":200},"classes":[]}],"jetpack_sharing_enabled":true,"jetpack_likes_enabled":true,"_links":{"self":[{"href":"http:\/\/www.letourismeaparis.fr\/index.php\/wp-json\/wp\/v2\/posts\/17009","targetHints":{"allow":["GET"]}}],"collection":[{"href":"http:\/\/www.letourismeaparis.fr\/index.php\/wp-json\/wp\/v2\/posts"}],"about":[{"href":"http:\/\/www.letourismeaparis.fr\/index.php\/wp-json\/wp\/v2\/types\/post"}],"author":[{"embeddable":true,"href":"http:\/\/www.letourismeaparis.fr\/index.php\/wp-json\/wp\/v2\/users\/2"}],"replies":[{"embeddable":true,"href":"http:\/\/www.letourismeaparis.fr\/index.php\/wp-json\/wp\/v2\/comments?post=17009"}],"version-history":[{"count":0,"href":"http:\/\/www.letourismeaparis.fr\/index.php\/wp-json\/wp\/v2\/posts\/17009\/revisions"}],"wp:attachment":[{"href":"http:\/\/www.letourismeaparis.fr\/index.php\/wp-json\/wp\/v2\/media?parent=17009"}],"wp:term":[{"taxonomy":"category","embeddable":true,"href":"http:\/\/www.letourismeaparis.fr\/index.php\/wp-json\/wp\/v2\/categories?post=17009"},{"taxonomy":"post_tag","embeddable":true,"href":"http:\/\/www.letourismeaparis.fr\/index.php\/wp-json\/wp\/v2\/tags?post=17009"}],"curies":[{"name":"wp","href":"https:\/\/api.w.org\/{rel}","templated":true}]}}