{"id":17024,"date":"2015-08-03T17:28:18","date_gmt":"2015-08-03T17:28:18","guid":{"rendered":"http:\/\/www.letourismeaparis.fr\/?p=17024"},"modified":"2015-08-03T17:28:18","modified_gmt":"2015-08-03T17:28:18","slug":"paris-plages-2","status":"publish","type":"post","link":"http:\/\/www.letourismeaparis.fr\/index.php\/2015\/08\/03\/paris-plages-2\/","title":{"rendered":"Paris plages"},"content":{"rendered":"<p>D<strong>de 9h \u00e0 minuit<\/strong>, Paris Plages permet \u00e0 tous les Parisiens de profiter des vacances Ce rendez-vous se tient sur le parvis de l\u2019H\u00f4tel de Ville, sur la voie Georges-Pompidou et au bassin de la Villette. <!--more-->Ce dernier jouera les prolongations jusqu\u2019au 23 ao\u00fbt,<br \/>\n<strong>les 14e et 20e<\/strong>arrondissements installent leur propre plage dans les\u00a0<a href=\"http:\/\/equipement.paris.fr\/centre-sportif-elisabeth-3050\">centres sportifs Elisabeth<\/a>\u00a0et\u00a0<a href=\"http:\/\/equipement.paris.fr\/centre-sportif-louis-lumiere-3082\">Louis Lumi\u00e8re<\/a>.<br \/>\n<a href=\"http:\/\/quefaire.paris.fr\/\">http:\/\/quefaire.paris.fr\/<\/a><br \/>\n<a style=\"color: #000000;\" href=\"https:\/\/api-site.paris.fr\/images\/72847\">https:\/\/api-site.paris.fr\/images\/72847<\/a><\/p>\n","protected":false},"excerpt":{"rendered":"<p>Dde 9h \u00e0 minuit, Paris Plages permet \u00e0 tous les Parisiens de profiter des vacances Ce rendez-vous se tient sur le parvis de l\u2019H\u00f4tel de Ville, sur la voie Georges-Pompidou et au bassin de la Villette.<\/p>\n","protected":false},"author":2,"featured_media":0,"comment_status":"open","ping_status":"open","sticky":false,"template":"","format":"standard","meta":{"ngg_post_thumbnail":0,"jetpack_post_was_ever_published":false,"_jetpack_newsletter_access":"","footnotes":""},"categories":[28],"tags":[],"class_list":["post-17024","post","type-post","status-publish","format-standard","hentry","category-familles"],"jetpack_featured_media_url":"","jetpack-related-posts":[{"id":219,"url":"http:\/\/www.letourismeaparis.fr\/index.php\/2008\/07\/22\/festival-de-musique-a-paris-plage-du-2507-au-1608\/","url_meta":{"origin":17024,"position":0},"title":"Festival de musique \u00e0 Paris-Plage  du 25\/07 au 16\/08","author":"Fabienne TM","date":"22 juillet 2008","format":false,"excerpt":"Paris Advisor \u00a0\u00a0\u00a0 \u00a0\u00a0\u00a0 Le Tourisme \u00e0 Paris Le festival \"fnacInd\u00e9tendances\" s'installe \u00e0 Paris -Plage; pendant neuf soir\u00e9es, soit un mois de concert gratuits les vendredis et samedis soir et un dimanche, la sc\u00e8ne de Paris- Plage accueillerai des artistes. Paris-Plage, Pont de Sully Paris-75004 www.lefestivalfnac.com","rel":"","context":"Dans &quot;Non class\u00e9&quot;","block_context":{"text":"Non class\u00e9","link":"http:\/\/www.letourismeaparis.fr\/index.php\/category\/non-classe\/"},"img":{"alt_text":"","src":"","width":0,"height":0},"classes":[]},{"id":18214,"url":"http:\/\/www.letourismeaparis.fr\/index.php\/2016\/05\/13\/les-21-et-22-mai-lancement-de-e-mehari-a-la-plage-de-la-bastille\/","url_meta":{"origin":17024,"position":1},"title":"LES 21 ET 22 MAI, LANCEMENT DE E-MEHARI  \u00c0 LA PLAGE\u2026 DE LA BASTILLE !","author":"Fabienne TM","date":"13 mai 2016","format":false,"excerpt":"\u00a0 La c\u00e9l\u00e8bre place se transformera en plage le week-end des 21 et 22 mai. L\u2019esprit \u2018Feel Good\u2019 de la Marque soufflera avec des animations 100 % gratuites et ouvertes \u00e0 tous : surf m\u00e9canique, beach volley, p\u00e9tanque, sans oublier des essais \u00e0 bord de l\u2019\u00e9lectron libre de la gamme,\u2026","rel":"","context":"Dans &quot;Automobiles&quot;","block_context":{"text":"Automobiles","link":"http:\/\/www.letourismeaparis.fr\/index.php\/category\/culture\/musees-expositions\/automobiles\/"},"img":{"alt_text":"","src":"https:\/\/i0.wp.com\/www.letourismeaparis.fr\/wp-content\/uploads\/2016\/05\/citroen-paris-251x300.png?resize=350%2C200","width":350,"height":200},"classes":[]},{"id":18432,"url":"http:\/\/www.letourismeaparis.fr\/index.php\/2016\/07\/30\/paris-plages-2016\/","url_meta":{"origin":17024,"position":2},"title":"Paris Plages 2016","author":"Fabienne TM","date":"30 juillet 2016","format":false,"excerpt":"La voie Georges-Pompidou (4e) et le Bassin de la Villette (19e), le parvis de l'H\u00f4tel de ville \u00a0deviennent des\u00a0oasis \u00a0conviant gratuitement les Parisiens. De nombreuses activit\u00e9s sont propos\u00e9es pour les petits et \u00a0les grands . Paris Plages 2016 Du lundi 18 juillet au dimanche 21 ao\u00fbt 2016 Horaires : De\u2026","rel":"","context":"Dans &quot;Familles&quot;","block_context":{"text":"Familles","link":"http:\/\/www.letourismeaparis.fr\/index.php\/category\/familles\/"},"img":{"alt_text":"","src":"","width":0,"height":0},"classes":[]},{"id":8156,"url":"http:\/\/www.letourismeaparis.fr\/index.php\/2010\/07\/20\/paris-plages-a-partir-du-20-juillet\/","url_meta":{"origin":17024,"position":3},"title":"Paris Plages \u00e0 partir du 20 juillet &#8230;.","author":"Fabienne TM","date":"20 juillet 2010","format":false,"excerpt":"Paris Plages, du 20 juillet au 20 ao\u00fbt, transforme\u00a0 la capitale en station baln\u00e9aire. voie Georges Pompidou (1er et 4e), bassin de la Villette (19e) et pelouse de Reuilly avec Paris slide (12e). Toutes les activit\u00e9s sont gratuites. une manifestation unique et gratuite, ouverte \u00e0 tous. Gratuit, tous les vendredi\u2026","rel":"","context":"Dans &quot;Non class\u00e9&quot;","block_context":{"text":"Non class\u00e9","link":"http:\/\/www.letourismeaparis.fr\/index.php\/category\/non-classe\/"},"img":{"alt_text":"","src":"","width":0,"height":0},"classes":[]},{"id":15467,"url":"http:\/\/www.letourismeaparis.fr\/index.php\/2014\/08\/15\/paris-plages-2014\/","url_meta":{"origin":17024,"position":4},"title":"Paris Plages 2014","author":"Fabienne TM","date":"15 ao\u00fbt 2014","format":false,"excerpt":"Jusqu\u2019au dimanche 17 ao\u00fbt 2014 l'\u00e9dition 2014 de Paris Plages vous invite \u00e0 profiter de nombreuses activit\u00e9s: cours de ta\u00ef-chi, biblioth\u00e8que, loisirs nautiques, jardin des brumes, Festival Fnac Live... une multitude d'animations pour tous les publics et tous les \u00e2ges.Les loisirs nautiques seront une nouvelle fois mis \u00e0 l'honneur avec\u2026","rel":"","context":"Dans &quot;Familles&quot;","block_context":{"text":"Familles","link":"http:\/\/www.letourismeaparis.fr\/index.php\/category\/familles\/"},"img":{"alt_text":"","src":"","width":0,"height":0},"classes":[]},{"id":10721,"url":"http:\/\/www.letourismeaparis.fr\/index.php\/2011\/08\/07\/paris-plages-se-tiendra-du-21-juillet-au-21-aout-2011\/","url_meta":{"origin":17024,"position":5},"title":"Paris Plage jusqu&#039; au 21 ao\u00fbt 2011.","author":"Fabienne TM","date":"7 ao\u00fbt 2011","format":false,"excerpt":"Sur la rive droite de la Seine et au bassin de la Villette ;la Ville de Paris donne une place\u00a0 importante au sable et se transforme davantage en station baln\u00e9aire. Une plage de sable sans interruption sur un kilom\u00e8tre, depuis le quai du Louvre jusqu\u2019au pont d\u2019Arcole. Un bassin de\u2026","rel":"","context":"Dans &quot;Non class\u00e9&quot;","block_context":{"text":"Non class\u00e9","link":"http:\/\/www.letourismeaparis.fr\/index.php\/category\/non-classe\/"},"img":{"alt_text":"","src":"","width":0,"height":0},"classes":[]}],"jetpack_sharing_enabled":true,"jetpack_likes_enabled":true,"_links":{"self":[{"href":"http:\/\/www.letourismeaparis.fr\/index.php\/wp-json\/wp\/v2\/posts\/17024","targetHints":{"allow":["GET"]}}],"collection":[{"href":"http:\/\/www.letourismeaparis.fr\/index.php\/wp-json\/wp\/v2\/posts"}],"about":[{"href":"http:\/\/www.letourismeaparis.fr\/index.php\/wp-json\/wp\/v2\/types\/post"}],"author":[{"embeddable":true,"href":"http:\/\/www.letourismeaparis.fr\/index.php\/wp-json\/wp\/v2\/users\/2"}],"replies":[{"embeddable":true,"href":"http:\/\/www.letourismeaparis.fr\/index.php\/wp-json\/wp\/v2\/comments?post=17024"}],"version-history":[{"count":0,"href":"http:\/\/www.letourismeaparis.fr\/index.php\/wp-json\/wp\/v2\/posts\/17024\/revisions"}],"wp:attachment":[{"href":"http:\/\/www.letourismeaparis.fr\/index.php\/wp-json\/wp\/v2\/media?parent=17024"}],"wp:term":[{"taxonomy":"category","embeddable":true,"href":"http:\/\/www.letourismeaparis.fr\/index.php\/wp-json\/wp\/v2\/categories?post=17024"},{"taxonomy":"post_tag","embeddable":true,"href":"http:\/\/www.letourismeaparis.fr\/index.php\/wp-json\/wp\/v2\/tags?post=17024"}],"curies":[{"name":"wp","href":"https:\/\/api.w.org\/{rel}","templated":true}]}}