{"id":17034,"date":"2015-08-02T10:31:30","date_gmt":"2015-08-02T10:31:30","guid":{"rendered":"http:\/\/www.letourismeaparis.fr\/?p=17034"},"modified":"2015-08-02T10:31:30","modified_gmt":"2015-08-02T10:31:30","slug":"lete-du-canal-festival-de-lourcq","status":"publish","type":"post","link":"http:\/\/www.letourismeaparis.fr\/index.php\/2015\/08\/02\/lete-du-canal-festival-de-lourcq\/","title":{"rendered":"L&#039;\u00e9t\u00e9 du Canal &#8211; Festival de l&#039;Ourcq"},"content":{"rendered":"<h1>L&rsquo;\u00e9t\u00e9 du Canal &#8211; Festival de l&rsquo;Ourcq<\/h1>\n<p><strong>L&rsquo;\u00e9t\u00e9 du Canal anime les berges du canal de l&rsquo;Ourcq tout l&rsquo;\u00e9t\u00e9, jusqu<\/strong><strong>\u2019<\/strong><strong>au dimanche 23 ao\u00fbt 2015.\u00a0<\/strong> le canal propose des activit\u00e9s ludiques, sportives et culturelles : concerts, bals, loisirs nautiques, street art, croisi\u00e8res, f\u00eates, balades, cin\u00e9ma en plein air, le tout au bord de l\u2019eau.<!--more--><br \/>\nLes arr\u00eats des navettes de Paris \u00e0 Aulnay-sous-Bois sont transform\u00e9s en\u00a0<a href=\"http:\/\/www.tourisme93.com\/ete-du-canal\/eco-parcours.html\"><strong>aires de jeu et de d\u00e9tente insolites<\/strong><\/a>\u00a0par des architectes inventifs : transats et tables de pique-niques, terrains de p\u00e9tanque, jeux d&rsquo;eau &#8230;<br \/>\nA Bobigny,\u00a0<strong><a href=\"http:\/\/www.tourisme93.com\/ete-du-canal\/port-de-loisir.html\">un port de loisir \u00e9ph\u00e9m\u00e8re<\/a>\u00a0<\/strong>est sorti de terre cet \u00e9t\u00e9. Anim\u00e9 chaque week-end le site est un espace convivial, original et color\u00e9.<br \/>\nLes navettes fluviales \u00e0 1 ou 2 \u20ac<br \/>\n<strong><a href=\"http:\/\/www.tourisme93.com\/ete-du-canal\/navettes-ourcq.html\">Les navettes de L\u2019\u00e9t\u00e9 du Canal<\/a><\/strong>\u00a0font leur retour sur le canal de l\u2019Ourcq en juillet et en ao\u00fbt. Chaque week-end, embarquez pour un voyage \u00e0 deux pas de Paris. Pour un tout petit prix, offrez-vous un moment de calme au fil de l\u2019eau.<br \/>\nDes bals pop&rsquo; :Chaque week-end de l&rsquo;\u00e9t\u00e9 un bal est organis\u00e9 sur les berges du Canal. Hip hop, musiques latines, dance, musique africaine\u2026 cet \u00e9t\u00e9 le ton sera actuel. Initiez-vous \u00e0 diff\u00e9rents styles de danse, les pieds dans l&rsquo;eau en suivant les ateliers chor\u00e9graphiques, les spectacles de professionnels ou en vous lan\u00e7ant sur la piste de danse !\u00a0<strong><a href=\"http:\/\/www.tourisme93.com\/ete-du-canal\/bals-barges.html\">O\u00f9 danser cet \u00e9t\u00e9 \u00e0 Paris ?<\/a><\/strong><!--more--><br \/>\nLes croisi\u00e8res festives<br \/>\n<strong><a href=\"http:\/\/www.tourisme93.com\/ete-du-canal\/croisieres-nocturnes-et-festives.html\">Au coucher du soleil, prenez place sur les croisi\u00e8res nocturnes<\/a><\/strong>. Place \u00e0 la f\u00eate avec des croisi\u00e8res gourmandes autour d\u2019un programme de d\u00e9gustations th\u00e9matis\u00e9es et de concerts. Un moment id\u00e9al pour profiter entre amis d&rsquo;une soir\u00e9e inhabituelle !\u00a0<!--more--><br \/>\nAu parc de la Poudrerie<br \/>\nTout l&rsquo;\u00e9t\u00e9 d\u00e9couvrez le canal de l&rsquo;Ourcq autrement !<strong><a href=\"http:\/\/www.tourisme93.com\/ete-du-canal\/location-de-velos-et-de-pedalos.html\">Louez votre v\u00e9lo ou votre p\u00e9dalo<\/a><\/strong>, et d\u00e9couvrez la richesse des paysages sur la petite section du canal de l&rsquo;Ourcq. Pour ceux qui souhaitent d\u00e9couvrir sa partie champ\u00eatre, la location de\u00a0<strong><a href=\"http:\/\/www.tourisme93.com\/ete-du-canal\/canoe.html\">kayak<\/a><\/strong>\u00a0est propos\u00e9e ! D\u00e9couvrez tout le\u00a0<strong><a href=\"http:\/\/www.tourisme93.com\/ete-du-canal\/l-ete-au-parc-de-la-poudrerie.html\">programme des festivit\u00e9s et animations dans le magnifique parc de la Poudrerie<\/a><\/strong>\u00a0de Sevran-Livry.<br \/>\nP\u00e9niches et hydroplane<br \/>\nN&rsquo;h\u00e9sitez pas \u00e0 p\u00e9n\u00e9trer dans les\u00a0<strong><a href=\"http:\/\/www.tourisme93.com\/ete-du-canal\/les-peniches.html\">p\u00e9niches amarr\u00e9es le long du canal<\/a><\/strong>. De nombreuses activit\u00e9s sont propos\u00e9es : danse, guinguette, concerts, exposition, restauration ou tout simplement farniente. Ne manquez pas de\u00a0<strong><a href=\"http:\/\/www.tourisme93.com\/ete-du-canal\/peniche-l-hydroplane.html\">visiter \u00e9galement l&rsquo;hydroplane<\/a><\/strong>, un mus\u00e9e des airs et des eaux flottant sur le canal.<br \/>\nTous \u00e0 l&rsquo;eau ! Op\u00e9ration Plage<br \/>\n&nbsp;<br \/>\nVenez bronzer, barboter et profiter du soleil. \u00c0 Bobigny, Noisy-le-Sec, Bondy, Aulnay-sous-Bois de\u00a0<strong><a href=\"http:\/\/www.tourisme93.com\/ete-du-canal\/festivites.html\">nombreuses activit\u00e9s<\/a>\u00a0<\/strong>vous attendent : barques, p\u00e9dalos, cano\u00ebs, beach soccer&#8230;<br \/>\nRevivez en images les\u00a0<a href=\"http:\/\/www.tourisme93.com\/ete-du-canal\/evenements-passes.html\">\u00e9v\u00e9nements pass\u00e9s de L&rsquo;\u00e9t\u00e9 du Canal<\/a>.<br \/>\nBalades et promenades<br \/>\nVenez explorer le canal de l\u2019Ourcq sous toutes ses coutures :\u00a0<strong><a href=\"http:\/\/www.tourisme93.com\/ete-du-canal\/balades-canal-ourcq.html\">A pied, \u00e0 v\u00e9lo<\/a><\/strong>, en\u00a0<strong><a href=\"http:\/\/www.tourisme93.com\/ete-du-canal\/croisieres.html\">bateau<\/a><\/strong>\u00a0ou en trottinette, laissez-vous emporter par de fascinantes anecdotes. Com\u00e9diens, artistes, habitants seront vos guides d&rsquo;un jour.<br \/>\nParcours d&rsquo;Art Urbain<br \/>\nDes artistes urbains revisitent le paysage urbain du canal de l&rsquo;Ourcq en r\u00e9alisant des<strong><a href=\"http:\/\/www.tourisme93.com\/ete-du-canal\/street-art-canal-ourcq.html\">d&rsquo;interventions artistiques<\/a><\/strong>\u00a0de Paris et Aulnay-sous-Bois. Un parcours surprenant et d\u00e9tonnant.<br \/>\n<a href=\"http:\/\/www.tourisme93.com\/ete-du-canal\/\">http:\/\/www.tourisme93.com\/ete-du-canal\/<\/a><\/p>\n","protected":false},"excerpt":{"rendered":"<p>L&rsquo;\u00e9t\u00e9 du Canal &#8211; Festival de l&rsquo;Ourcq L&rsquo;\u00e9t\u00e9 du Canal anime les berges du canal de l&rsquo;Ourcq tout l&rsquo;\u00e9t\u00e9, jusqu\u2019au dimanche 23 ao\u00fbt 2015.\u00a0 le canal propose des activit\u00e9s ludiques, sportives et culturelles : concerts, bals, loisirs nautiques, street art,&#8230;<\/p>\n","protected":false},"author":2,"featured_media":0,"comment_status":"open","ping_status":"open","sticky":false,"template":"","format":"standard","meta":{"ngg_post_thumbnail":0,"jetpack_post_was_ever_published":false,"_jetpack_newsletter_access":"","footnotes":""},"categories":[1],"tags":[],"class_list":["post-17034","post","type-post","status-publish","format-standard","hentry","category-non-classe"],"jetpack_featured_media_url":"","jetpack-related-posts":[{"id":13785,"url":"http:\/\/www.letourismeaparis.fr\/index.php\/2013\/07\/03\/les-bals-barges-de-lete-du-canal-ourcq-et-saint-denis\/","url_meta":{"origin":17034,"position":0},"title":"Les Bals Barges de L&#039;\u00e9t\u00e9 du Canal (Ourcq et Saint Denis).","author":"Fabienne TM","date":"3 juillet 2013","format":false,"excerpt":"\u00a0 \u00a0 \u00a0 \u00a0 Les bals barges \u00ab Dansez sur l'eau ! \u00bb Chaque samedi ou dimanche, jusqu' au 25 ao\u00fbt, La B\u00e2ronne d\u2019Paname et l'association Balajoie vous invitent \u00e0 guincher sur les berges des canaux de l\u2019Ourcq et de Saint-Denis. Au programme, des groupes fougueux et joyeux renouant avec\u2026","rel":"","context":"Dans &quot;Danse&quot;","block_context":{"text":"Danse","link":"http:\/\/www.letourismeaparis.fr\/index.php\/category\/spectacle\/danse\/"},"img":{"alt_text":"","src":"","width":0,"height":0},"classes":[]},{"id":18422,"url":"http:\/\/www.letourismeaparis.fr\/index.php\/2016\/08\/01\/lete-du-canal-de-lourcq\/","url_meta":{"origin":17034,"position":1},"title":"L&#039;\u00e9t\u00e9 du Canal de l&#039;Ourcq","author":"Fabienne TM","date":"1 ao\u00fbt 2016","format":false,"excerpt":"9 et 10 Juillet ! L\u2019\u00c9t\u00e9 du Canal accueillera ses visiteurs autour d\u2019activit\u00e9s ludiques, sportives et culturelles, ainsi qu\u2019autour d\u2019animations culinaires : en voici une s\u00e9lection pour ce week-end. \u00c0 la fois sur l\u2019eau et sur les berges, la manifesta5on anime le Canal de l\u2019Ourcq - du Bassin de la\u2026","rel":"","context":"Dans &quot;Familles&quot;","block_context":{"text":"Familles","link":"http:\/\/www.letourismeaparis.fr\/index.php\/category\/familles\/"},"img":{"alt_text":"","src":"","width":0,"height":0},"classes":[]},{"id":7950,"url":"http:\/\/www.letourismeaparis.fr\/index.php\/2010\/08\/24\/le-canal-de-lourcq-en-fete-jusquau-29-aout\/","url_meta":{"origin":17034,"position":2},"title":"Le canal de l&#039;Ourcq en f\u00eate jusqu&#039;au 29 ao\u00fbt","author":"Fabienne TM","date":"24 ao\u00fbt 2010","format":false,"excerpt":"Naviguez, cabotez, bronzez, dansez, observez, r\u00eavez sur le canal de l\u2019Ourcq, Des navettes pour d\u00e9couvrir la Seine-Saint-Denis Le week-end, voguez sur des navettes fluviales entre le bassin de la Villette et Aulnay-sous-Bois\u00a0 . Elles vous emm\u00e8neront aux diff\u00e9rentes plages install\u00e9es le long du canal (Paris Plage La Villette, Bobigny sur\u2026","rel":"","context":"Dans &quot;Non class\u00e9&quot;","block_context":{"text":"Non class\u00e9","link":"http:\/\/www.letourismeaparis.fr\/index.php\/category\/non-classe\/"},"img":{"alt_text":"","src":"","width":0,"height":0},"classes":[]},{"id":18464,"url":"http:\/\/www.letourismeaparis.fr\/index.php\/2016\/08\/10\/lete-du-canal-de-lourcq-en-2016\/","url_meta":{"origin":17034,"position":3},"title":"L&#039;\u00c9t\u00e9 du Canal de l&#039;Ourcq en 2016 !","author":"Fabienne TM","date":"10 ao\u00fbt 2016","format":false,"excerpt":"Bienvenue \u00e0 bord ! L'\u00e9t\u00e9 du Canal anime les berges du canal de l'Ourcq tout l'\u00e9t\u00e9, du samedi 2 juillet au dimanche 21 ao\u00fbt 2016. Pendant deux mois, le canal propose des activit\u00e9s ludiques, sportives et culturelles : concerts, bals, loisirs nautiques, street-art, croisi\u00e8res, f\u00eates, balades, cin\u00e9ma en plein air...\u2026","rel":"","context":"Dans &quot;Familles&quot;","block_context":{"text":"Familles","link":"http:\/\/www.letourismeaparis.fr\/index.php\/category\/familles\/"},"img":{"alt_text":"","src":"","width":0,"height":0},"classes":[]},{"id":7722,"url":"http:\/\/www.letourismeaparis.fr\/index.php\/2010\/06\/04\/canaux-en-fete-jusquau-6-juin\/","url_meta":{"origin":17034,"position":4},"title":"Canaux en f\u00eate jusqu&#039;au 6 juin","author":"Fabienne TM","date":"4 juin 2010","format":false,"excerpt":"Sur une sc\u00e8ne flottante du bassin de la Villette Samedi 5 juin de 19h \u00e0 21h\u00a0 : concert de jazz Funky Delay Dimanche 6 juin de 16h \u00e0 18h : ball jazz avec Balbazar Sur l\u2019eau Jeudi 3 juin de 14h \u00e0 19h : grutage de bateaux en acajou de\u2026","rel":"","context":"Dans &quot;Non class\u00e9&quot;","block_context":{"text":"Non class\u00e9","link":"http:\/\/www.letourismeaparis.fr\/index.php\/category\/non-classe\/"},"img":{"alt_text":"","src":"https:\/\/i0.wp.com\/www.letourismeaparis.fr\/wp-content\/uploads\/2010\/05\/canaux-en-f%C3%83%C2%AAte.jpg?resize=350%2C200","width":350,"height":200},"classes":[]},{"id":3959,"url":"http:\/\/www.letourismeaparis.fr\/index.php\/2009\/08\/29\/dernier-bal-flottant-de-lete-canal-de-lourcq-30-aout\/","url_meta":{"origin":17034,"position":5},"title":"Dernier bal flottant de l\u2019Et\u00e9 , Canal de l&#039;Ourcq, 30 ao\u00fbt","author":"Fabienne TM","date":"29 ao\u00fbt 2009","format":false,"excerpt":"Bal flottant de l\u2019Et\u00e9 du Canal de l'Ourcq, 30 ao\u00fbt (de 15h30 \u00e0 19h30).une mani\u00e8re originale de renouer avec la tradition des guinguettes au bord de l\u2019eau. American dream : Rock\u2019roll & Country Emplacement :Parc de Villette\u00a0 : Pr\u00e8s du Cabaret Sauvage, 16 boulevard Macdonald Paris 75019","rel":"","context":"Dans &quot;Non class\u00e9&quot;","block_context":{"text":"Non class\u00e9","link":"http:\/\/www.letourismeaparis.fr\/index.php\/category\/non-classe\/"},"img":{"alt_text":"","src":"","width":0,"height":0},"classes":[]}],"jetpack_sharing_enabled":true,"jetpack_likes_enabled":true,"_links":{"self":[{"href":"http:\/\/www.letourismeaparis.fr\/index.php\/wp-json\/wp\/v2\/posts\/17034","targetHints":{"allow":["GET"]}}],"collection":[{"href":"http:\/\/www.letourismeaparis.fr\/index.php\/wp-json\/wp\/v2\/posts"}],"about":[{"href":"http:\/\/www.letourismeaparis.fr\/index.php\/wp-json\/wp\/v2\/types\/post"}],"author":[{"embeddable":true,"href":"http:\/\/www.letourismeaparis.fr\/index.php\/wp-json\/wp\/v2\/users\/2"}],"replies":[{"embeddable":true,"href":"http:\/\/www.letourismeaparis.fr\/index.php\/wp-json\/wp\/v2\/comments?post=17034"}],"version-history":[{"count":0,"href":"http:\/\/www.letourismeaparis.fr\/index.php\/wp-json\/wp\/v2\/posts\/17034\/revisions"}],"wp:attachment":[{"href":"http:\/\/www.letourismeaparis.fr\/index.php\/wp-json\/wp\/v2\/media?parent=17034"}],"wp:term":[{"taxonomy":"category","embeddable":true,"href":"http:\/\/www.letourismeaparis.fr\/index.php\/wp-json\/wp\/v2\/categories?post=17034"},{"taxonomy":"post_tag","embeddable":true,"href":"http:\/\/www.letourismeaparis.fr\/index.php\/wp-json\/wp\/v2\/tags?post=17034"}],"curies":[{"name":"wp","href":"https:\/\/api.w.org\/{rel}","templated":true}]}}