{"id":17040,"date":"2015-08-06T10:40:06","date_gmt":"2015-08-06T10:40:06","guid":{"rendered":"http:\/\/www.letourismeaparis.fr\/?p=17040"},"modified":"2015-08-06T10:40:06","modified_gmt":"2015-08-06T10:40:06","slug":"des-concerts-au-parc-floral-de-vincennes","status":"publish","type":"post","link":"http:\/\/www.letourismeaparis.fr\/index.php\/2015\/08\/06\/des-concerts-au-parc-floral-de-vincennes\/","title":{"rendered":"Des concerts au parc floral de Vincennes"},"content":{"rendered":"<p><strong>SAMEDI 8 AOUT &#8211; 16h<\/strong><br \/>\n<strong><em>SAUDADES DO BRASIL<\/em><\/strong><br \/>\n<strong>Rodrigo Ferreira<\/strong>, contre-t\u00e9nor\u00a0<strong><br \/>\nH\u00e9lio Vida<\/strong>, piano<br \/>\n<strong>Carlos GOMES<\/strong>\u00a0(1836-1896),\u00a0<em>Conselhos\u00a0<\/em><strong><br \/>\nAlberto NEPOMUCENO<\/strong>\u00a0(1864-1920),\u00a0<em>Trovas\u00a0<\/em><strong><br \/>\nLorenzo FERNANDEZ<\/strong>\u00a0(1897-1948),\u00a0<em>Dentro da Noite, Berceuse da Onda, Can\u00e7\u00e3o Sertaneja, Nega Ful\u00f4 \u00a0<\/em><strong><br \/>\nJayme OVALLE<\/strong>\u00a0(1894-1955),\u00a0<em>Azul\u00e3o \u00a0<\/em><strong><br \/>\nCl\u00e1udio SANTORO<\/strong>\u00a0(1919-1989),\u00a0<em>Can\u00e7\u00f5es do Amor (M\u00e9lodies d\u00b4amour), Ouve o Sil\u00eancio, Preg\u00e3o da Saudade, Acalanto da Rosa, A mais dolorosa das hist\u00f3rias\u00a0<\/em><strong><br \/>\nHeitor VILLA-LABOS<\/strong>\u00a0(1887-1959),\u00a0<em>Melodia Sentimental, Na corda da viola, Nesta Rua, Nesta Rua, Viola Quebrada &#8211; Bachianas Brasileiras n.4 pour piano seul ( I &#8211; Preludio \u00a0&#8211; IV &#8211; Dansa ) \u00a0<\/em><strong><br \/>\nMarlos NOBRE<\/strong>\u00a0(n\u00e9 en 1939),\u00a0<em>Ciclo Beira Mar<\/em>\u00a0(I -Estrela do Mar &#8211; II &#8211; Iemanj\u00e1 \u00f4t\u00f4- III- Ogum de l\u00ea)\u00a0<strong><br \/>\nFrancisco MIGNONE<\/strong>\u00a0(1987-1986),\u00a0<em>Dona Jana\u00edna\u00a0<\/em><strong><br \/>\nWaldemar HENRIQUE<\/strong>\u00a0(1905-1995),\u00a0<em>Lendas Amaz\u00f4nicas (L\u00e9gendes d\u00b4Amazonie), Cobra-Grande, Uirapuru, Tamba-Taj\u00e1, Boi-Bumb\u00e1, Abaluiai\u00ea<\/em><!--more--><br \/>\n&nbsp;<br \/>\n&nbsp;<br \/>\n<strong>DIMANCHE 9 AOUT &#8211; 16h<\/strong><br \/>\n<strong><em>God save the Queen<\/em><\/strong><br \/>\n<strong>VOCES8<\/strong><br \/>\n<strong>William BYRD<\/strong>,\u00a0<em>Haec Dies\u00a0<\/em><strong><br \/>\nClaudio MONTEVERDI<\/strong>,\u00a0<em>Cantate Domino\u00a0<\/em><strong><br \/>\nNAT KING COLE<\/strong>,\u00a0<em>Straighten Up and Fly Right\u00a0<\/em><strong><br \/>\nOtis BLACKWELL<\/strong>,\u00a0<em>Fever\u00a0<\/em><strong><br \/>\nHarold ARLEN<\/strong>,\u00a0<em>I\u2019ve Got the World on a String\u00a0<\/em><strong><br \/>\nSergue\u00ef RACHMANINOV<\/strong>,\u00a0<em>Bogoroditsye Dyevo\u00a0<\/em><strong><br \/>\nGiovanni GABRIELI<\/strong>,\u00a0<em>Jubilate Deo\u00a0<\/em><strong><br \/>\nTrad. Spiritual<\/strong>,\u00a0<em>Steal Away, Were You There\u00a0<\/em><strong><br \/>\nKate RUSBY<\/strong>,\u00a0<em>Underneath the Stars\u00a0<\/em><strong><br \/>\nThomas MORLEY,<\/strong>\u00a0<em>Fire!\u00a0Fire!\u00a0<\/em><strong><br \/>\nPierre PASSEREAU<\/strong>,\u00a0<em>Il est bel et Bon\u00a0<\/em><strong><br \/>\nJimm VAN HEUSEN<\/strong>,\u00a0<em>Ain\u2019t that a Kick in the Head\u00a0<\/em><strong><br \/>\nJerome KERN<\/strong>,\u00a0<em>I Won\u2019t Dance\u00a0<\/em><strong><br \/>\nDuke ELLINGTON<\/strong>,\u00a0<em>It Don\u2019t Mean a Thing<\/em><!--more--><br \/>\n&nbsp;<br \/>\n<strong><br \/>\nSAMEDI 15 AOUT \u2013 16h<\/strong><br \/>\n<strong><em>Ich liebe dich<\/em><\/strong><br \/>\n<strong>Hortense Cartier-Bresson<\/strong>, piano\u00a0<strong><br \/>\nPierre Fouchenneret<\/strong>, violon\u00a0<strong><br \/>\nVictor Julien-Laferri\u00e8re<\/strong>, violoncelle<br \/>\n<strong><br \/>\nRobert SCHUMANN<\/strong>,<br \/>\n<em>\u00a0Fantasiest\u00fccke pour violoncelle et piano Op 73 \u00a0<\/em><strong><br \/>\n<\/strong><em>1\u00e8re sonate pour violon et piano \u00a0Op 105\u00a0<\/em><strong><br \/>\n<\/strong><em>Sc\u00e8nes d\u2019enfants Op15 \u00a0<\/em><strong><br \/>\nJohannes BRAHMS<\/strong>,\u00a0<em>Trio n\u00b01 pour piano et cordes<\/em><br \/>\n&nbsp;<br \/>\n<strong>DIMANCHE 16 AOUT &#8211; 16h<\/strong><br \/>\n<strong><em>Oiseau salzbourgeois<\/em><\/strong><br \/>\n<strong>Juliette Hurel<\/strong>, fl\u00fbte traversi\u00e8re\u00a0<strong><br \/>\nOrchestre de chambre Pell\u00e9as<br \/>\nBenjamin L\u00e9vy,<\/strong>\u00a0direction<br \/>\n<strong>Wolfang Amadeus MOZART\u00a0<\/strong><em><br \/>\nConcerto pour fl\u00fbte et orchestre n\u00b02 en r\u00e9 majeur,\u00a0K.314<br \/>\nSymphonie n\u00b0 29 en la majeur<\/em>,\u00a0<em>K. 201\u00a0<\/em><strong><br \/>\nFran\u00e7ois-Joseph GOSSEC,\u00a0<\/strong><em>Symphonie Op. 6 n\u00b03<\/em><br \/>\n&nbsp;<br \/>\n&nbsp;<br \/>\n<strong>SAMEDI 22 AOUT- 16h<\/strong><br \/>\n<strong><em>Lettre d\u2019Arm\u00e9nie<\/em><\/strong><br \/>\n<strong>Varduhi Yeritsyan<\/strong>, pianiste\u00a0<strong><br \/>\nLiana Gourdjia,\u00a0<\/strong>violon\u00a0<strong><br \/>\nLussine Levoni<\/strong>, soprano\u00a0<strong><br \/>\nMariam Adam<\/strong>, clarinette\u00a0<strong><br \/>\nAra\u00efk Bartikian<\/strong>, doudouk<!--more--><br \/>\n<strong>KOMITAS \/ SARADJIAN,\u00a0<\/strong><em>Toccata pour piano<\/em>\u00a0(\u00ab\u00a0 Yerkinkn Ampele \u00bb\u00a0 traditionnel arm\u00e9nien)<strong><br \/>\nSt Gregoire de NAREK (951-1010),\u00a0<\/strong><em>Havun Havun<\/em>\u00a0(psaume arm\u00e9nien du XXe si\u00e8cle) pour doudouk<strong><br \/>\nKOMITAS (1869-1935),\u00a0<\/strong><br \/>\nChansons Rustiques pour doudouk et piano :<em>Hov arek sarer<\/em>\u00a0(Soufflez une brise),\u00a0<em>Tsirani tsar<\/em>(L\u2019abricotier)<br \/>\nChansons Rustiques \u00a0pour voix et piano :\u00a0<em>Qeler \u2013 Tzoler, Yerkinkn ampele<\/em>\u00a0(Le ciel est couvert),\u00a0<em>Shogher jan<\/em>\u00a0(Chogu\u00e8re, bien aim\u00e9e),\u00a0<em>Kakavik<\/em>\u00a0(Perdrix)<strong><br \/>\nB\u00e9la KOVACS (1910-1980),\u00a0<\/strong><em>Lament et danse arm\u00e9niens<\/em>\u00a0(Hommage \u00e0 A. Khatchaturian) pour clarinette et piano<strong><br \/>\nAram KHATCHATURIAN (1904-1978),\u00a0<\/strong><em>Toccata pour piano<strong>,\u00a0<\/strong>Trio pour clarinette, violon et piano<\/em>\u00a0(1932)<strong>,<\/strong><em>Danse d\u2019Aish\u00e9, Ouzun Dara, Danse des jeunes filles<\/em><strong><br \/>\nB\u00e9la BARTOK (1881-1945),\u00a0<\/strong><em>Contrastes pour clarinette, violon et piano<\/em><br \/>\n&nbsp;<br \/>\n<strong>DIMANCHE 23 AOUT \u2013 16h<\/strong><br \/>\n<strong><em>Milonga<\/em><\/strong><br \/>\n<strong>Trio Gardel<\/strong><br \/>\n<strong>Airelle Besson<\/strong>, trompette\u00a0<strong><br \/>\nLionel Suarez<\/strong>, accord\u00e9on\u00a0<strong><br \/>\nVincent Segal<\/strong>, violoncelle<br \/>\n<strong>Carlos GARDEL<\/strong>,\u00a0<em>Silencio &#8211; Caminito\u00a0<\/em><strong><br \/>\nAirelle \u00a0BESSON,<\/strong><em>\u00a0D\u00e9sert\u00a0<\/em><strong><br \/>\nLalo ZANELLI<\/strong>,\u00a0<em>Memoria colectivia\u00a0<\/em><strong><br \/>\nCarlos GARDEL<\/strong>,\u00a0<em>Volver, Sus ojos se cerarron, Chiquilin de Bachin, La cumparsita \u00a0<\/em><strong><br \/>\nGerardo DI GUSTO<\/strong>,\u00a0<em>La cambiada\u00a0<\/em><strong><br \/>\nCarlos GARDEL<\/strong>,\u00a0<em>Por una cabeza<\/em><br \/>\n&nbsp;<br \/>\n&nbsp;<br \/>\n<strong>SAMEDI 29 AOUT \u2013 20h<\/strong><br \/>\n<strong><em>Odyss\u00e9e beethov\u00e9nienne<\/em><\/strong><br \/>\n<strong>Fran\u00e7ois Fr\u00e9d\u00e9ric-Guy,<\/strong>\u00a0piano et direction\u00a0<strong><br \/>\nOrchestre de chambre de Paris<\/strong><br \/>\n<strong>Ludwig van BEETHOVEN<\/strong>\u00a0<em><br \/>\nConcerto pour piano et orchestre n\u00b03 en ut mineur, Op. 37<br \/>\nConcerto pour piano et orchestre n\u00b05 en mi b\u00e9mol majeur, Op. 73 dit \u00ab l\u2019Empereur\u00bb<\/em><!--more--><br \/>\n&nbsp;<br \/>\n<strong>DIMANCHE 30 AOUT &#8211; 16h<\/strong><br \/>\n<strong><em>Odyss\u00e9e beethov\u00e9nienne<\/em><\/strong><br \/>\n<strong>Nicholas Angelich<\/strong>, piano et direction\u00a0<strong><br \/>\nOrchestre national d\u2019Ile de France<\/strong><br \/>\n<strong>Ludwig van BEETHOVEN\u00a0<\/strong><em><br \/>\nConcerto pour piano et orchestre n\u00b01 en ut majeur, Op. 15<br \/>\nConcerto pour piano et orchestre n\u00b02 en si b\u00e9mol majeur, Op. 19<\/em><br \/>\n&nbsp;<br \/>\n&nbsp;<br \/>\n<strong>SAMEDI 5 SEPTEMBRE &#8211; 16h<\/strong><br \/>\n<strong><em>Viaggio a Napoli<\/em><\/strong><br \/>\n<strong>Les Paladins<\/strong>\u00a0<strong><br \/>\nJ\u00e9r\u00f4me Correas<\/strong>, direction<br \/>\n<strong>Giovanni Leonardo PRIMAVERA<\/strong>\u00a0(1540-1585),\u00a0<em>Villanella ch\u2019all acqua vai, Amor, lasciami stare, Correte, O scuri amanti\u00a0<\/em><strong><br \/>\nEnrico RADESCA<\/strong>\u00a0(1550-1625),\u00a0<em>Moriro di dolor\u00a0<\/em><strong><br \/>\nPietro MIGALI<\/strong>\u00a0(1635-1715),<em>\u00a0Sonata a tre en Sol mineur, Op.1 n\u00b05, Grave &#8211; Spiritoso \u2013 Adagio &#8211; Allegro \u00a0<\/em><strong><br \/>\nFrancesco MANCINI<\/strong>\u00a0(1672-1737),\u00a0<em>Se nascessero mille amori ,\u00a0<\/em>cantate pour t\u00e9nor, violon et basse continue\u00a0<strong><br \/>\nDomenico CIMAROSA<\/strong>\u00a0(1749 \u2013 1801),\u00a0<em>O notte soave<\/em>,<em>\u00a0<\/em>duettino pour deux t\u00e9nors\u00a0<strong><br \/>\nCanzone NAPOLETANE\u00a0<\/strong>(XIX\u00e8me),\u00a0<em>Tiritomba,\u00a0<\/em>duettino \u00a0<strong><br \/>\nCorigliano DI RIGNANO<\/strong>,<em>\u00a0Tu sol mi ascolti, Lo tiramole\u00a0<\/em><strong><br \/>\nFederico RICCI<\/strong>,<em>\u00a0Con quanto si contenta un lazzarone,<\/em>\u00a0duettino\u00a0<strong><br \/>\nANONYME\u00a0<\/strong><em>\u00a0tarentella ditratta, Santa Lucia\u00a0<\/em>barcarola,<em>\u00a0La fiera di Mastr\u2019Andrea,\u00a0<\/em>tarentella,\u00a0<em>La Ricciutella<\/em>duettino,\u00a0<em>Jacara \u00a0<\/em><strong><br \/>\nLuigi DENZA<\/strong>,\u00a0<em>Funiculi, Funicula<\/em><!--more--><br \/>\n&nbsp;<br \/>\n<strong>DIMANCHE 6 SEPTEMBRE &#8211; 16h<\/strong><br \/>\n<strong><em>Eternity\u00a0<\/em><\/strong><br \/>\n<strong>Quatuor Herm\u00e8s<\/strong>\u00a0<strong><br \/>\nEmmanuelle Bertrand<\/strong>, violoncelle<br \/>\n<strong>Antonin DVORAK<\/strong>,\u00a0Q<em>uatuor am\u00e9ricain \u00e0 cordes n\u00b012, Op. 96, mouvements 1-2-4\u00a0<\/em><strong><br \/>\nFranz SCHUBERT<\/strong>,<em>\u00a0Quintette \u00e0 deux violoncelles en ut majeur, D. 956<\/em><br \/>\n&nbsp;<br \/>\n&nbsp;<br \/>\n<strong>SAMEDI 12 SEPTEMBRE &#8211; 16h<\/strong><br \/>\n<strong><em>On the Road \u2026<\/em><\/strong><br \/>\n<strong>Secession Orchestra<\/strong>\u00a0<strong><br \/>\nCl\u00e9ment Mao-Takacs<\/strong>, direction<br \/>\n<strong>ANONYME,<\/strong>\u00a0<em>Sur le sentier qui serpente vers la maison de mon p\u00e8re,\u00a0<\/em>chanson traditionnelle ukrainienne\u00a0<strong><br \/>\nAntonin DVORAK<\/strong>,\u00a0<em>Zigeunermelidien\u00a0<\/em>(extraits)\u00a0<strong><br \/>\nGustav MAHLER<\/strong>,\u00a0<em>Blumine\u00a0<\/em><strong><br \/>\nSilvestre REVUELTAS,<\/strong>\u00a0<em>Batik\u00a0<\/em><strong><br \/>\nClaude DEBUSSY<\/strong>,\u00a0<em>Minstrels, General Lavine excentric, The Little Negro\u00a0<\/em><strong><br \/>\nRobert NATHANIEL DETT<\/strong>,\u00a0<em>In the Bottoms,\u00a0<\/em>(extraits)\u00a0<strong><br \/>\nRichard WAGNER<\/strong>,\u00a0<em>Karfreitags-Zauber \/Enchantement du Vendredi Saint\u00a0<\/em><strong><br \/>\nDavor B. VINCZE et Cl\u00e9ment MAO-TAKACS<\/strong>,\u00a0<em>Variations et r\u00e9miniscences sur des musiques de films am\u00e9ricains.\u00a0<\/em><strong><br \/>\nErnest GAGNON,<\/strong>\u00a0<em>Stadacon\u00e9<\/em><br \/>\n&nbsp;<br \/>\n<strong>\u00a0<\/strong><br \/>\n<strong>DIMANCHE 13 SEPTEMBRE &#8211; 16h<\/strong><br \/>\n<strong><em>Station Op\u00e9ra<\/em><\/strong><br \/>\n<strong>Val\u00e9rie Yeng-Seng<\/strong>, soprano\u00a0<strong><br \/>\nRomain Descharmes<\/strong>, piano\u00a0<strong><br \/>\nFran\u00e7ois Desforges<\/strong>, percussions\u00a0<strong><br \/>\nSt\u00e9phane Logerot<\/strong>, contrebasse\u00a0<strong><br \/>\nJean-Marc Phillips-Varjab\u00e9dian<\/strong>, violon\u00a0<strong><br \/>\nR\u00e9my Poulakis,<\/strong>\u00a0accord\u00e9on<br \/>\n<strong>Guiseppe VERDI<br \/>\nGiacomo PUCCINI<br \/>\nRuggero LEONCAVALLO<br \/>\nGiacchino ROSSINI<br \/>\nGeorges BIZET<br \/>\nCamille SAINT-SAENS<br \/>\nHector BERLIOZ<br \/>\nWolfang Amadeus MOZART<br \/>\nJean-S\u00e9bastien BACH<br \/>\nGeorg Friedrich HAENDEL<\/strong><br \/>\n&nbsp;<br \/>\n<strong><a href=\"http:\/\/www.classiqueauvert.paris.fr\/infos\">INFOS PRATIQUES<\/a><\/strong><br \/>\nLe festival a lieu au Parc Floral de Paris au Bois de Vincennes, sous le Delta, les samedis et dimanches du 1er ao\u00fbt au 13 septembre 2015.<br \/>\n<strong>HORAIRES<\/strong><a href=\"http:\/\/www.sequenza-comprod.com\/\"><strong><br \/>\n<\/strong><\/a>9h30 &#8211; 20h\u00a0: Ouverture du Parc<br \/>\n11h\u00a0: Sc\u00e8ne ouverte aux amateurs (concert d\u2019une heure)<br \/>\n13h : Atelier vocal : Si on chantait \u2026<br \/>\n14h : Avant-concert<br \/>\n16h\u00a0: Concert sous le Delta<br \/>\n18h\u00a0: Rencontre avec les artistes<br \/>\n<strong>ACCES\u00a0<\/strong><a href=\"http:\/\/www.sequenza-comprod.com\/\"><strong><br \/>\n<\/strong><\/a>Parc Floral &#8211; Jardin botanique de la Ville de Paris<br \/>\nEsplanade Saint-Louis, devant le Ch\u00e2teau de Vincennes &#8211; Bois de Vincennes<br \/>\nEntr\u00e9e\u00a0secondaire\u00a0: Avenue de la Pyramide.<br \/>\nRER A\u00a0: Vincennes \/ M\u00e9tro\u00a0: Ch\u00e2teau de Vincennes (ligne 1)<br \/>\nBus\u00a0: lignes n\u00b046 et 112<br \/>\nParc \u00e0 v\u00e9los et stations V\u00e9lib\u2019 \u00e0 proximit\u00e9<br \/>\n<strong>TARIFS<\/strong><a href=\"http:\/\/www.sequenza-comprod.com\/\"><strong><br \/>\n<\/strong><\/a><strong>Les concerts et animations sont gratuits<\/strong>, apr\u00e8s\u00a0acquittement des droits d\u2019entr\u00e9e du parc.<br \/>\n<strong>Placement libre, aucune r\u00e9servation n\u00e9cessaire.<\/strong><\/p>\n","protected":false},"excerpt":{"rendered":"<p>SAMEDI 8 AOUT &#8211; 16h SAUDADES DO BRASIL Rodrigo Ferreira, contre-t\u00e9nor\u00a0 H\u00e9lio Vida, piano Carlos GOMES\u00a0(1836-1896),\u00a0Conselhos\u00a0 Alberto NEPOMUCENO\u00a0(1864-1920),\u00a0Trovas\u00a0 Lorenzo FERNANDEZ\u00a0(1897-1948),\u00a0Dentro da Noite, Berceuse da Onda, Can\u00e7\u00e3o Sertaneja, Nega Ful\u00f4 \u00a0 Jayme OVALLE\u00a0(1894-1955),\u00a0Azul\u00e3o \u00a0 Cl\u00e1udio SANTORO\u00a0(1919-1989),\u00a0Can\u00e7\u00f5es do Amor (M\u00e9lodies d\u00b4amour), Ouve&#8230;<\/p>\n","protected":false},"author":2,"featured_media":0,"comment_status":"open","ping_status":"open","sticky":false,"template":"","format":"standard","meta":{"ngg_post_thumbnail":0,"jetpack_post_was_ever_published":false,"_jetpack_newsletter_access":"","footnotes":""},"categories":[1],"tags":[],"class_list":["post-17040","post","type-post","status-publish","format-standard","hentry","category-non-classe"],"jetpack_featured_media_url":"","jetpack-related-posts":[{"id":15393,"url":"http:\/\/www.letourismeaparis.fr\/index.php\/2014\/07\/21\/festival-europeen-des-jeunes-talents-du-6-au-26-juillet-paris\/","url_meta":{"origin":17040,"position":0},"title":"Festival europ\u00e9en des jeunes talents  les 22, 23, 24, 25, et 26 juillet \u00e0 Paris","author":"Fabienne TM","date":"21 juillet 2014","format":false,"excerpt":"mardi\u00a022\u00a0JUILLET \u00e0\u00a020:00 : Trio Kar\u00e9nine Archives nationales\u00a060 rue des Francs Bourgeois\u00a075003 Parisou emprunts Trio Kar\u00e9nine Les trois oeuvres de ce programme s\u2019inspirent chacune \u00e0 leur mani\u00e8re d\u2019une source musicale ant\u00e9rieure\u2026 Tout d\u2019abord, nous pourrons entendre une citation du\u00a0Lied op. 39 n\u00b02\u00a0(Dein\u00a0Bildnis wunderselig)\u00a0de Schumann\u00a0sur un po\u00e8me d\u2019Eichendorff dans le\u00a0Trio n\u00b02 en\u2026","rel":"","context":"Dans &quot;Musique&quot;","block_context":{"text":"Musique","link":"http:\/\/www.letourismeaparis.fr\/index.php\/category\/culture\/concerts-musique\/musique\/"},"img":{"alt_text":"","src":"","width":0,"height":0},"classes":[]},{"id":12740,"url":"http:\/\/www.letourismeaparis.fr\/index.php\/2013\/02\/15\/concerts-des-jeunes-talents-a-lhotel-de-soubise-au-petit-palais-a-la-mairie-du-9-eme\/","url_meta":{"origin":17040,"position":1},"title":"Concerts des &quot;jeunes talents&quot; \u00e0 l&#039;H\u00f4tel de Soubise, au Petit Palais , \u00e0 la mairie du 9 \u00e8me","author":"Fabienne TM","date":"15 f\u00e9vrier 2013","format":false,"excerpt":"L'association Jeunes Talents a pour but d'aider de jeunes musiciens \u00e0 se produire en public. L'objectif est aussi de faire conna\u00eetre au public le plus large possible la musique classique et les talents de la nouvelle g\u00e9n\u00e9ration de musiciens Concerts aux Archives nationales - H\u00f4tel de Soubise 60, rue des\u2026","rel":"","context":"Dans &quot;Non class\u00e9&quot;","block_context":{"text":"Non class\u00e9","link":"http:\/\/www.letourismeaparis.fr\/index.php\/category\/non-classe\/"},"img":{"alt_text":"","src":"","width":0,"height":0},"classes":[]},{"id":13092,"url":"http:\/\/www.letourismeaparis.fr\/index.php\/2013\/04\/02\/la-saison-2012-2013-de-jeunes-talents-se-poursuit\/","url_meta":{"origin":17040,"position":2},"title":"La saison 2012-2013 de Jeunes Talents se poursuit &#8230;&#8230;..","author":"Fabienne TM","date":"2 avril 2013","format":false,"excerpt":"Elle vous propose la d\u00e9couverte de nouveaux musiciens prometteurs. Concerts aux Archives nationales - H\u00f4tel de Soubise 60, rue des Francs-Bourgeois 75003 Paris M\u00b0 H\u00f4tel de Ville (L1) \/ Rambuteau (L11) Samedi 6 avril \u00e0 18h : + Quatuor Var\u00e8se (Quatuor \u00e0 cordes) Haydn, Dutilleux, Schumann Mercredi 10 avril \u00e0\u2026","rel":"","context":"Dans &quot;Non class\u00e9&quot;","block_context":{"text":"Non class\u00e9","link":"http:\/\/www.letourismeaparis.fr\/index.php\/category\/non-classe\/"},"img":{"alt_text":"","src":"","width":0,"height":0},"classes":[]},{"id":20432,"url":"http:\/\/www.letourismeaparis.fr\/index.php\/2017\/11\/08\/piano-et-saxophone-a-la-salle-gaveau-le-11-novembre-avec-francoise-buffet-et-nicolas-arsenijevic\/","url_meta":{"origin":17040,"position":3},"title":"Piano et Saxophone \u00e0 la Salle Gaveau le 11 novembre avec Fran\u00e7oise Buffet et Nicolas Arsenijevic","author":"Fabienne TM","date":"8 novembre 2017","format":false,"excerpt":"Autour du Piano\", Fran\u00e7oise Buffet (piano) et Nicolas Arsenijevic (saxophone) donneront un concert le samedi 11 novembre, Salle Gaveau \u00e0 20 h 30, dans un programme unissant Brahms et Schumann \u00e0 Schulhoff, compositeur tch\u00e8que de la premi\u00e8re moiti\u00e9 du XXe si\u00e8cle dont l\u2019\u0153uvre est fortement impr\u00e9gn\u00e9e des accents du jazz.\u2026","rel":"","context":"Dans &quot;Musique&quot;","block_context":{"text":"Musique","link":"http:\/\/www.letourismeaparis.fr\/index.php\/category\/culture\/concerts-musique\/musique\/"},"img":{"alt_text":"","src":"https:\/\/i0.wp.com\/www.letourismeaparis.fr\/wp-content\/uploads\/2017\/11\/Capture-d%C3%A2%C2%80%C2%99e%C3%8C%C2%81cran-2017-11-08-a%C3%8C%C2%80-14.34.33-213x300.png?resize=350%2C200","width":350,"height":200},"classes":[]},{"id":13837,"url":"http:\/\/www.letourismeaparis.fr\/index.php\/2013\/09\/06\/festival-de-musiques-anciennes-a-linstitut-neerlandais-du-19-au-22-septembre\/","url_meta":{"origin":17040,"position":4},"title":"Festival  de musiques anciennes \u00e0 l&#039;institut n\u00e9erlandais du 19 au 22 septembre","author":"Fabienne TM","date":"6 septembre 2013","format":false,"excerpt":"Un grand nombre de sp\u00e9cialistes de la musique ancienne & baroque viendront vous s\u00e9duire avec des programmes vari\u00e9s, allant du Moyen-Age jusqu'\u00e0 Schubert et aussi quelques surprises musicales... Vous entendrez notamment un duo de guitares, viole de gambe & th\u00e9orbe, cornetto, clavicordes et clavecin, sans oublier un cours public de\u2026","rel":"","context":"Dans &quot;Festivals \/ Manifestations&quot;","block_context":{"text":"Festivals \/ Manifestations","link":"http:\/\/www.letourismeaparis.fr\/index.php\/category\/spectacle\/festival\/"},"img":{"alt_text":"","src":"","width":0,"height":0},"classes":[]},{"id":6210,"url":"http:\/\/www.letourismeaparis.fr\/index.php\/2010\/01\/27\/concert-de-piano-gratuit-delisso-bolkvadze-28-janvier-a-20-h30\/","url_meta":{"origin":17040,"position":5},"title":"Concert de piano, gratuit, d&#039;ELISSO BOLKVADZE 28 janvier \u00e0 20 h30","author":"Fabienne TM","date":"27 janvier 2010","format":false,"excerpt":"La pianiste Elisso Bolkvadze interpr\u00e8tera des oeuvres de Beethoven, Chopin, Michel Sogny, Prokofiev, Programme - Wolfgang Amadeus MOZART Sonate n\u00b0 16 en si b\u00e9mo l Maj. K 570. - Ludwig van BEETHOVEN Sonate n\u00b0 3 Op. en do Maj. - Fr\u00e9d\u00e9ric CHOPIN Scherzo n\u00b0 4 Op. 54 - Michel SOGNY\u2026","rel":"","context":"Dans &quot;Non class\u00e9&quot;","block_context":{"text":"Non class\u00e9","link":"http:\/\/www.letourismeaparis.fr\/index.php\/category\/non-classe\/"},"img":{"alt_text":"","src":"","width":0,"height":0},"classes":[]}],"jetpack_sharing_enabled":true,"jetpack_likes_enabled":true,"_links":{"self":[{"href":"http:\/\/www.letourismeaparis.fr\/index.php\/wp-json\/wp\/v2\/posts\/17040","targetHints":{"allow":["GET"]}}],"collection":[{"href":"http:\/\/www.letourismeaparis.fr\/index.php\/wp-json\/wp\/v2\/posts"}],"about":[{"href":"http:\/\/www.letourismeaparis.fr\/index.php\/wp-json\/wp\/v2\/types\/post"}],"author":[{"embeddable":true,"href":"http:\/\/www.letourismeaparis.fr\/index.php\/wp-json\/wp\/v2\/users\/2"}],"replies":[{"embeddable":true,"href":"http:\/\/www.letourismeaparis.fr\/index.php\/wp-json\/wp\/v2\/comments?post=17040"}],"version-history":[{"count":0,"href":"http:\/\/www.letourismeaparis.fr\/index.php\/wp-json\/wp\/v2\/posts\/17040\/revisions"}],"wp:attachment":[{"href":"http:\/\/www.letourismeaparis.fr\/index.php\/wp-json\/wp\/v2\/media?parent=17040"}],"wp:term":[{"taxonomy":"category","embeddable":true,"href":"http:\/\/www.letourismeaparis.fr\/index.php\/wp-json\/wp\/v2\/categories?post=17040"},{"taxonomy":"post_tag","embeddable":true,"href":"http:\/\/www.letourismeaparis.fr\/index.php\/wp-json\/wp\/v2\/tags?post=17040"}],"curies":[{"name":"wp","href":"https:\/\/api.w.org\/{rel}","templated":true}]}}