{"id":17046,"date":"2015-09-02T09:07:54","date_gmt":"2015-09-02T09:07:54","guid":{"rendered":"http:\/\/www.letourismeaparis.fr\/?p=17046"},"modified":"2015-09-02T09:07:54","modified_gmt":"2015-09-02T09:07:54","slug":"lart-dans-le-jeu-video","status":"publish","type":"post","link":"http:\/\/www.letourismeaparis.fr\/index.php\/2015\/09\/02\/lart-dans-le-jeu-video\/","title":{"rendered":"l\u2019Art dans le Jeu Vid\u00e9o."},"content":{"rendered":"<p><strong>Du 25 septembre 2015 au 6 mars 2016, Art Ludique-Le Mus\u00e9e propose la premi\u00e8re grande exposition au monde consacr\u00e9e \u00e0 l\u2019Art dans le Jeu Vid\u00e9o.<\/strong><br \/>\nA travers plus de 700 \u0153uvres et installations spectaculaires, cette grande exposition va \u00e9blouir un large public transg\u00e9n\u00e9rationnel en le plongeant dans un parcours d\u2019une incroyable diversit\u00e9 au cours duquel de magnifiques esquisses au crayon, aquarelles, peintures et sculptures traditionnelles et num\u00e9riques ou encore tableaux anim\u00e9s r\u00e9v\u00e9leront la formidable virtuosit\u00e9 des artistes qui cr\u00e9ent les jeux vid\u00e9o.<!--more--><br \/>\n<strong>ART LUDIQUE-Le Mus\u00e9e<\/strong><br \/>\n<strong>34, quai d\u2019Austerlitz 75013 Paris<\/strong><br \/>\n<a href=\"http:\/\/www.artludique.com\/\">www.artludique.com<\/a><\/p>\n","protected":false},"excerpt":{"rendered":"<p>Du 25 septembre 2015 au 6 mars 2016, Art Ludique-Le Mus\u00e9e propose la premi\u00e8re grande exposition au monde consacr\u00e9e \u00e0 l\u2019Art dans le Jeu Vid\u00e9o. A travers plus de 700 \u0153uvres et installations spectaculaires, cette grande exposition va \u00e9blouir un&#8230;<\/p>\n","protected":false},"author":2,"featured_media":0,"comment_status":"open","ping_status":"open","sticky":false,"template":"","format":"standard","meta":{"ngg_post_thumbnail":0,"jetpack_post_was_ever_published":false,"_jetpack_newsletter_access":"","footnotes":""},"categories":[1],"tags":[],"class_list":["post-17046","post","type-post","status-publish","format-standard","hentry","category-non-classe"],"jetpack_featured_media_url":"","jetpack-related-posts":[{"id":18762,"url":"http:\/\/www.letourismeaparis.fr\/index.php\/2016\/10\/26\/lart-des-studios-danimation-walt-disney-le-mouvement-par-nature\/","url_meta":{"origin":17046,"position":0},"title":"\u00ab L&#039;Art des Studios d&#039;Animation Walt Disney &#8211; Le Mouvement par Nature \u00bb.","author":"Fabienne TM","date":"26 octobre 2016","format":false,"excerpt":"Du 14 octobre 2016 au 5 mars 2017, Art Ludique - Le Mus\u00e9e pr\u00e9sentera en premi\u00e8re mondiale : \u00ab L'Art des Studios d'Animation Walt Disney - Le Mouvement par Nature \u00bb. A travers une s\u00e9lection de 350 \u0153uvres d'art majeures, cette exposition, con\u00e7ue et \u00e9crite par l'\u00e9quipe du Mus\u00e9e Art\u2026","rel":"","context":"Dans &quot;Non class\u00e9&quot;","block_context":{"text":"Non class\u00e9","link":"http:\/\/www.letourismeaparis.fr\/index.php\/category\/non-classe\/"},"img":{"alt_text":"","src":"https:\/\/i0.wp.com\/www.letourismeaparis.fr\/wp-content\/uploads\/2016\/10\/unnamed-10-215x300.jpg?resize=350%2C200","width":350,"height":200},"classes":[]},{"id":18871,"url":"http:\/\/www.letourismeaparis.fr\/index.php\/2017\/02\/04\/exposition-lart-des-studios-danimation-walt-disney-le-mouvement-par-nature\/","url_meta":{"origin":17046,"position":1},"title":"Exposition L\u2019Art des studios d\u2019Animation Walt Disney \u2013 Le Mouvement par Nature","author":"Fabienne TM","date":"4 f\u00e9vrier 2017","format":false,"excerpt":"jusqu'au 5 mars 2017, Art Ludique \u2013 Le Mus\u00e9e pr\u00e9sente en premi\u00e8re mondiale : \u00ab L\u2019Art des studios d\u2019Animation Walt Disney \u2013 Le Mouvement par Nature \u00bb. \u00a0 A travers une s\u00e9lection de pr\u00e8s de 400\u00a0\u0153uvres d\u2019art majeures, cette exposition, con\u00e7ue et \u00e9crite par l\u2019\u00e9quipe du Mus\u00e9e Art Ludique en\u2026","rel":"","context":"Dans &quot;Familles&quot;","block_context":{"text":"Familles","link":"http:\/\/www.letourismeaparis.fr\/index.php\/category\/familles\/"},"img":{"alt_text":"","src":"","width":0,"height":0},"classes":[]},{"id":18583,"url":"http:\/\/www.letourismeaparis.fr\/index.php\/2016\/08\/31\/lart-des-studios-danimation-walt-disney-le-mouvement-par-naturedu-14-octobre-2016-au-5-mars-2017\/","url_meta":{"origin":17046,"position":2},"title":"\u00ab L\u2019Art des Studios d\u2019Animation Walt Disney \u2013 Le Mouvement par Nature,du 14 octobre 2016 au 5 mars 2017","author":"Fabienne TM","date":"31 ao\u00fbt 2016","format":false,"excerpt":"Du 14 octobre 2016 au 5 mars 2017, Art Ludique \u2013 Le Mus\u00e9e pr\u00e9sentera en premi\u00e8re mondiale : \u00ab L\u2019Art des Studios d\u2019Animation Walt Disney \u2013 Le Mouvement par Nature \u00bb. A travers une s\u00e9lection de 350 \u0153uvres d\u2019art majeures, cette exposition, con\u00e7ue et \u00e9crite par l\u2019\u00e9quipe du Mus\u00e9e Art\u2026","rel":"","context":"Dans &quot;Familles&quot;","block_context":{"text":"Familles","link":"http:\/\/www.letourismeaparis.fr\/index.php\/category\/familles\/"},"img":{"alt_text":"","src":"https:\/\/i0.wp.com\/www.letourismeaparis.fr\/wp-content\/uploads\/2016\/08\/mickey-200x300.jpg?resize=350%2C200","width":350,"height":200},"classes":[]},{"id":18856,"url":"http:\/\/www.letourismeaparis.fr\/index.php\/2017\/03\/05\/l-annee-franco-russe-2016-2017-du-tourisme-culturel-la-collection-chtchoukine\/","url_meta":{"origin":17046,"position":3},"title":"La collection Chtchoukine  \u00e0 la Fondation Vuitton&#8230;.derniers jours","author":"Fabienne TM","date":"5 mars 2017","format":false,"excerpt":"L\u2019exposition \u00ab Ic\u00f4nes de l'art moderne. La collection Chtchoukine \u00bb se tient \u00e0 la Fondation Louis Vuitton \u00e0 Paris, jusqu\u2019au \u00a05 mars 2017. l\u2019exposition rend hommage \u00e0 l\u2019un des plus grands m\u00e9c\u00e8nes du d\u00e9but du XX\u00e8me si\u00e8cle, Sergue\u00ef Chtchoukine \u2013 collectionneur russe visionnaire de l\u2019art moderne fran\u00e7ais. Sa collection, \u00a0\u00ab\u00a0reste\u2026","rel":"","context":"Dans &quot;Mus\u00e9es \/ Expositions&quot;","block_context":{"text":"Mus\u00e9es \/ Expositions","link":"http:\/\/www.letourismeaparis.fr\/index.php\/category\/culture\/musees-expositions\/"},"img":{"alt_text":"","src":"","width":0,"height":0},"classes":[]},{"id":25851,"url":"http:\/\/www.letourismeaparis.fr\/index.php\/2024\/12\/06\/lart-moderne-vietnamien-au-musee-cernuschi\/","url_meta":{"origin":17046,"position":4},"title":"L&rsquo;art moderne vietnamien au mus\u00e9e Cernuschi jusqu&rsquo;au 9 mars","author":"Fabienne TM","date":"6 d\u00e9cembre 2024","format":false,"excerpt":"\u00a0Une grande r\u00e9trospective de trois pionniers de l\u2019art moderne vietnamien, L\u00ea Ph\u00f4 (1907-2001), Mai-Thu (1906-1980) et Vu Cao Dam (1908-2000).Cette exposition co\u00efncide avec le centenaire de l\u2019\u00c9cole des beaux-arts de Hano\u00ef qui a permis, pour la premi\u00e8re fois, la rencontre de l\u2019art occidental et des traditions vietnamiennes. Les \u00e9changes intenses\u2026","rel":"","context":"Dans &quot;Cultures du Monde&quot;","block_context":{"text":"Cultures du Monde","link":"http:\/\/www.letourismeaparis.fr\/index.php\/category\/culture\/musees-expositions\/cultures-du-monde\/"},"img":{"alt_text":"","src":"https:\/\/i0.wp.com\/www.letourismeaparis.fr\/wp-content\/uploads\/2024\/10\/Capture-decran-2024-10-12-a-11.18.53.png?resize=350%2C200","width":350,"height":200},"classes":[]},{"id":427,"url":"http:\/\/www.letourismeaparis.fr\/index.php\/2008\/11\/18\/sonia-rykiel-au-musee-des-arts-decoratifs\/","url_meta":{"origin":17046,"position":5},"title":"Sonia Rykiel au mus\u00e9e des arts d\u00e9coratifs","author":"Fabienne TM","date":"18 novembre 2008","format":false,"excerpt":"20 novembre 2008 - 19 avril 2009 \"Premi\u00e8re exposition consacr\u00e9e \u00e0 cette cr\u00e9atrice \u00e0 l\u2019occasion du 40e anniversaire de sa maison. Ev\u00e9nement construit \u00e0 part \u00e9gale entre le v\u00eatement, la photographie de mode\u00a0 (Sarah Moon, Isserman) et la vid\u00e9o de d\u00e9fil\u00e9s. Si la mode de Sonia Rykiel r\u00e9siste si bien\u2026","rel":"","context":"Dans &quot;Non class\u00e9&quot;","block_context":{"text":"Non class\u00e9","link":"http:\/\/www.letourismeaparis.fr\/index.php\/category\/non-classe\/"},"img":{"alt_text":"","src":"","width":0,"height":0},"classes":[]}],"jetpack_sharing_enabled":true,"jetpack_likes_enabled":true,"_links":{"self":[{"href":"http:\/\/www.letourismeaparis.fr\/index.php\/wp-json\/wp\/v2\/posts\/17046","targetHints":{"allow":["GET"]}}],"collection":[{"href":"http:\/\/www.letourismeaparis.fr\/index.php\/wp-json\/wp\/v2\/posts"}],"about":[{"href":"http:\/\/www.letourismeaparis.fr\/index.php\/wp-json\/wp\/v2\/types\/post"}],"author":[{"embeddable":true,"href":"http:\/\/www.letourismeaparis.fr\/index.php\/wp-json\/wp\/v2\/users\/2"}],"replies":[{"embeddable":true,"href":"http:\/\/www.letourismeaparis.fr\/index.php\/wp-json\/wp\/v2\/comments?post=17046"}],"version-history":[{"count":0,"href":"http:\/\/www.letourismeaparis.fr\/index.php\/wp-json\/wp\/v2\/posts\/17046\/revisions"}],"wp:attachment":[{"href":"http:\/\/www.letourismeaparis.fr\/index.php\/wp-json\/wp\/v2\/media?parent=17046"}],"wp:term":[{"taxonomy":"category","embeddable":true,"href":"http:\/\/www.letourismeaparis.fr\/index.php\/wp-json\/wp\/v2\/categories?post=17046"},{"taxonomy":"post_tag","embeddable":true,"href":"http:\/\/www.letourismeaparis.fr\/index.php\/wp-json\/wp\/v2\/tags?post=17046"}],"curies":[{"name":"wp","href":"https:\/\/api.w.org\/{rel}","templated":true}]}}