{"id":17057,"date":"2015-09-04T11:41:56","date_gmt":"2015-09-04T11:41:56","guid":{"rendered":"http:\/\/www.letourismeaparis.fr\/?p=17057"},"modified":"2015-09-04T11:41:56","modified_gmt":"2015-09-04T11:41:56","slug":"festival-silhouette-du-parc-de-la-butte-du-chapeau-rouge","status":"publish","type":"post","link":"http:\/\/www.letourismeaparis.fr\/index.php\/2015\/09\/04\/festival-silhouette-du-parc-de-la-butte-du-chapeau-rouge\/","title":{"rendered":"Festival Silhouette du parc de la Butte du Chapeau Rouge"},"content":{"rendered":"<p>Le Festival Silhouette du parc de la Butte du Chapeau Rouge pour des concerts et projections.<br \/>\nJusqu\u2019 AU 5 SEPTEMBRE<\/p>\n<h3>\u00a0vendredi \u00a04 septembre 19H30 CONCERT<\/h3>\n<p><strong style=\"font-style: inherit; font-weight: inherit;\">CARS ON ROOFTOPS<\/strong><br \/>\nFolk, pop<!--more--><br \/>\nCars on Rooftops est un groupe de folk. Bar (guitare et chant), Andrew (contrebasse), Louise (chant et percussion) et Pierre (batterie) vous invitent dans leur univers, fait de r\u00eaves doux et de v\u00e9rit\u00e9s am\u00e8res, de poursuites du bonheur et de promesses de pluie. Ce concert sera le dernier de leur tourn\u00e9e europ\u00e9enne organis\u00e9 pour le lancement de l\u2019EP Gravitate.<br \/>\n&nbsp;<br \/>\n&nbsp;<\/p>\n<h3>samedi 5 septembre 19H30 CONCERT<\/h3>\n<p>&nbsp;<br \/>\n<strong style=\"font-style: inherit; font-weight: inherit;\">JACKO WITH BAMBOOL<\/strong><br \/>\nReggae, world, soul<br \/>\nJacko with Bambool est un groupe d\u2019amis r\u00e9uni autour d\u2019un projet artistique commun. Petit \u00e0 petit, le collectif pr\u00e9cise et d\u00e9finit son univers musical caract\u00e9ris\u00e9 par la voix et le style unique de Jacko, jeune chanteur au timbre teint\u00e9 de soul, qui fait groover comme peu le roots rock reggae. Par un refrain repris en choeur, par une chorale gospel ou un riff de guitare manouche, Jacko with Bambool vous entra\u00eene dans son univers m\u00e9tiss\u00e9 et engag\u00e9.<br \/>\n&nbsp;<\/p>\n<h3 style=\"font-weight: inherit;\">21H C\u00c9R\u00c9MONIE DE CL\u00d4TURE ET PALMAR\u00c8S<\/h3>\n<p>&gt; ANNONCE DU PALMAR\u00c8S ET REMISE DES PRIX EN PR\u00c9SENCE DES LAUR\u00c9ATS<br \/>\n&gt; DIFFUSION DES FILMS PRIM\u00c9S<br \/>\nLa projection d\u2019une s\u00e9lection des films prim\u00e9s permettra aux spectateurs de (re)d\u00e9couvrir<br \/>\nune partie du palmar\u00e8s r\u00e9compens\u00e9 par les jurys (professionnel et jeune) et<br \/>\n&nbsp;<br \/>\n&nbsp;<br \/>\n<a href=\"http:\/\/www.association-silhouette.com\/festival\/infos-pratiques\/\">http:\/\/www.association-silhouette.com\/festival\/infos-pratiques\/<\/a><br \/>\n<a href=\"http:\/\/www.association-silhouette.com\/festival\/infos-pratiques\/\">\u00a0<\/a><br \/>\n&nbsp;<\/p>\n<h3>Parc de la Butte du Chapeau Rouge<\/h3>\n<p>5 avenue Debidour<br \/>\nParis, 19e<br \/>\nM\u00e9tro ligne 7 bis \u2013 Pr\u00e9 St Gervais<br \/>\nTramway 3b \u2013 H\u00f4pital R.Debr\u00e9<\/p>\n<h2 style=\"font-weight: inherit;\">PROGRAMMATIONS EN SALLES<\/h2>\n<h3 style=\"font-weight: inherit;\">CENTRE D\u2019ANIMATION LOUIS LUMI\u00c8RE<\/h3>\n<p>46 rue Louis Lumi\u00e8re<br \/>\nParis, 20e<br \/>\nM\u00e9tro ligne 3 \u2013 Porte de Bagnolet<br \/>\nTramway 3b \u2013 Marie de Miribel<\/p>\n<h3 style=\"font-weight: inherit;\">PAVILLON CARR\u00c9 DE BAUDOUIN<\/h3>\n<p>121 rue de M\u00e9nilmontant<br \/>\nParis, 20e<br \/>\nM\u00e9tro ligne 3 \u2013 Gambetta<\/p>\n<h3 style=\"font-weight: inherit;\">HOLIDAY INN EXPRESS \u2013 PARIS CANAL DE LA VILLETTE<\/h3>\n<p>68 quai de Seine<br \/>\nParis, 19e<br \/>\nM\u00e9tro ligne 7 \u2013 Riquet<\/p>\n<h3 style=\"font-weight: inherit;\">ESPACE KHIASMA<\/h3>\n<p>15 rue Chassagnolle<br \/>\nLes Lilas, 93<br \/>\nm\u00e9tro ligne 11 \u2013 Porte ou mairie des Lilas<br \/>\nTramway 3b \u2013 Adrienne Bolland<\/p>\n","protected":false},"excerpt":{"rendered":"<p>Le Festival Silhouette du parc de la Butte du Chapeau Rouge pour des concerts et projections. Jusqu\u2019 AU 5 SEPTEMBRE \u00a0vendredi \u00a04 septembre 19H30 CONCERT CARS ON ROOFTOPS Folk, pop<\/p>\n","protected":false},"author":2,"featured_media":0,"comment_status":"open","ping_status":"open","sticky":false,"template":"","format":"standard","meta":{"ngg_post_thumbnail":0,"jetpack_post_was_ever_published":false,"_jetpack_newsletter_access":"","footnotes":""},"categories":[1],"tags":[],"class_list":["post-17057","post","type-post","status-publish","format-standard","hentry","category-non-classe"],"jetpack_featured_media_url":"","jetpack-related-posts":[{"id":3976,"url":"http:\/\/www.letourismeaparis.fr\/index.php\/2009\/09\/05\/festival-silhouette-au-parc-des-buttes-chaumont-jusquau-6-septembre\/","url_meta":{"origin":17057,"position":0},"title":"Festival &quot;Silhouette &quot; au Parc des Buttes Chaumont jusqu&#039;au 6 septembre","author":"Fabienne TM","date":"5 septembre 2009","format":false,"excerpt":"Au Parc des Buttes Chaumont, un \u00e9cran g\u00e9ant gonflable est plac\u00e9 en face de la pelouse Armand Carrel,chaque soir\u00e9e commence par le concert d'un groupe \u00e9mergent La nuit tombe en musique, qui laisse la place ensuite aux projections de courts m\u00e9trages. 19h30: concert - 21h: projections . entr\u00e9e libre http:\/\/www.association-silhouette.com","rel":"","context":"Dans &quot;Non class\u00e9&quot;","block_context":{"text":"Non class\u00e9","link":"http:\/\/www.letourismeaparis.fr\/index.php\/category\/non-classe\/"},"img":{"alt_text":"","src":"","width":0,"height":0},"classes":[]},{"id":8335,"url":"http:\/\/www.letourismeaparis.fr\/index.php\/2010\/08\/25\/festival-silhouette-2010-du-28-aout-au-5-septembre\/","url_meta":{"origin":17057,"position":1},"title":"Festival Silhouette 2010 du 28 Ao\u00fbt  au  5 Septembre","author":"Fabienne TM","date":"25 ao\u00fbt 2010","format":false,"excerpt":"Nous retrouvons Le\u00a0 festival de courts m\u00e9trages parisien gratuit et en plein air,\u00a0 au Parc des Buttes Chaumont; il met\u00a0 \u00e0 l\u2019honneur l\u2019Allemagne et compl\u00e9tera\u00a0 sa mission en salles et en journ\u00e9e . le Festival\u00a0 investit\u00a0 la pelouse du Parc des Buttes Chaumont, et le 104\u00a0 104 Rue d'Aubervilliers 75019\u2026","rel":"","context":"Dans &quot;Non class\u00e9&quot;","block_context":{"text":"Non class\u00e9","link":"http:\/\/www.letourismeaparis.fr\/index.php\/category\/non-classe\/"},"img":{"alt_text":"","src":"","width":0,"height":0},"classes":[]},{"id":8223,"url":"http:\/\/www.letourismeaparis.fr\/index.php\/2010\/08\/25\/vous-aimez-la-musique-des-concerts-vous-sont-proposes-gratuitement-dans-les-kiosques-a-musique\/","url_meta":{"origin":17057,"position":2},"title":"Vous aimez la musique ,des concerts vous sont propos\u00e9s gratuitement dans les kiosques \u00e0 musique.","author":"Fabienne TM","date":"25 ao\u00fbt 2010","format":false,"excerpt":"4\u00e8me\u00a0 arrondissement Square Jean XXIII Samedi 28 ao\u00fbt \/ 16h-30-17h30 Harmonie des Gardiens de la Paix Samedi 4 septembre \/ 15h-17h Rail Band de Paris \/ fanfare, harmonie Dimanche 5 septembre \/ 16h-17h La Band\u2019Originale \/ musique de film 7e arrondissement Parc du champ de Mars kiosque moderne Jeudi 29\u2026","rel":"","context":"Dans &quot;Non class\u00e9&quot;","block_context":{"text":"Non class\u00e9","link":"http:\/\/www.letourismeaparis.fr\/index.php\/category\/non-classe\/"},"img":{"alt_text":"","src":"","width":0,"height":0},"classes":[]},{"id":15868,"url":"http:\/\/www.letourismeaparis.fr\/index.php\/2014\/11\/06\/festival-monte-le-son-dans-17-bibliotheques-de-la-ville-de-paris-special-folk-729-novembre-2014\/","url_meta":{"origin":17057,"position":3},"title":"FESTIVAL MONTE LE SON  dans 17 biblioth\u00e8ques de la ville de Paris  SP\u00c9CIAL FOLK  7\/29 NOVEMBRE 2014","author":"Fabienne TM","date":"6 novembre 2014","format":false,"excerpt":"18 CONCERTS GRATUITS AVEC DIX-HUIT CONCERTS LIVE, DES CONF\u00c9RENCES, DES\u00a0PROJECTIONS, CE FESTIVAL R\u00c9UNIT DU 7 AU 29 NOVEMBRE 2014 JEUNES MUSICIENS ET ARTISTES DE RENOMM\u00c9E MONDIALE : GRAEME\u00a0ALLWRIGHT, PIERS FACCINI, DAVID CARROLL, SEB MARTEL ET MAGIC MALIK, TH\u00c9O HAKOLA, LA MAISON TELLIER, ELLIOTT\u00a0MURPHY ET BIEN D\u2019AUTRES...DES CONCERTS \u00c0 NE PAS\u2026","rel":"","context":"Dans &quot;Non class\u00e9&quot;","block_context":{"text":"Non class\u00e9","link":"http:\/\/www.letourismeaparis.fr\/index.php\/category\/non-classe\/"},"img":{"alt_text":"","src":"","width":0,"height":0},"classes":[]},{"id":8204,"url":"http:\/\/www.letourismeaparis.fr\/index.php\/2010\/07\/27\/festival-paris-quartiers-dete-des-idees-de-sorties-gratuites\/","url_meta":{"origin":17057,"position":4},"title":"Festival Paris quartiers d&#039;\u00e9t\u00e9 : des id\u00e9es de sorties gratuites","author":"Fabienne TM","date":"27 juillet 2010","format":false,"excerpt":"Bako Dagnon : \u00ab\u00a0l\u2019Aretha Franklin de Bamako\". Compl\u00e8te mandingue\u00a0: musique dans les parcs et jardins Le mercredi 28 juillet \u00e0 19h\u00a0: Place des Muguets, Nanterre (92) Le jeudi 29 juillet \u00e0 18h ( jardins du Luxembourg) Le vendredi 30 juillet \u00e0 19h 'Parc de Belleville) Dur\u00e9e\u00a0: 1h 15 Compagnie Pernette\u2026","rel":"","context":"Dans &quot;Non class\u00e9&quot;","block_context":{"text":"Non class\u00e9","link":"http:\/\/www.letourismeaparis.fr\/index.php\/category\/non-classe\/"},"img":{"alt_text":"","src":"","width":0,"height":0},"classes":[]},{"id":18592,"url":"http:\/\/www.letourismeaparis.fr\/index.php\/2016\/09\/03\/samedi-3-septembre-soiree-du-festival-silhouette\/","url_meta":{"origin":17057,"position":5},"title":"SAMEDI 3 SEPTEMBRE &#8211; SOIR\u00c9E DU FESTIVAL SILHOUETTE","author":"Fabienne TM","date":"3 septembre 2016","format":false,"excerpt":"Les entr\u00e9es du festival se situeront au 5 avenue Debidour et Boulevard d\u2019Alg\u00e9rie. Gratuit 19H15 \/ CONCERT LE BAND MAGN\u00c9TIQUE Form\u00e9 \u00e0 l\u2019automne 2013, ce groupe compos\u00e9 de 5 musiciens monte un r\u00e9pertoire allant du ska endiabl\u00e9 aux lourdes basses du reggae roots, en passant par le rocksteady anglais et\u2026","rel":"","context":"Dans &quot;Non class\u00e9&quot;","block_context":{"text":"Non class\u00e9","link":"http:\/\/www.letourismeaparis.fr\/index.php\/category\/non-classe\/"},"img":{"alt_text":"","src":"","width":0,"height":0},"classes":[]}],"jetpack_sharing_enabled":true,"jetpack_likes_enabled":true,"_links":{"self":[{"href":"http:\/\/www.letourismeaparis.fr\/index.php\/wp-json\/wp\/v2\/posts\/17057","targetHints":{"allow":["GET"]}}],"collection":[{"href":"http:\/\/www.letourismeaparis.fr\/index.php\/wp-json\/wp\/v2\/posts"}],"about":[{"href":"http:\/\/www.letourismeaparis.fr\/index.php\/wp-json\/wp\/v2\/types\/post"}],"author":[{"embeddable":true,"href":"http:\/\/www.letourismeaparis.fr\/index.php\/wp-json\/wp\/v2\/users\/2"}],"replies":[{"embeddable":true,"href":"http:\/\/www.letourismeaparis.fr\/index.php\/wp-json\/wp\/v2\/comments?post=17057"}],"version-history":[{"count":0,"href":"http:\/\/www.letourismeaparis.fr\/index.php\/wp-json\/wp\/v2\/posts\/17057\/revisions"}],"wp:attachment":[{"href":"http:\/\/www.letourismeaparis.fr\/index.php\/wp-json\/wp\/v2\/media?parent=17057"}],"wp:term":[{"taxonomy":"category","embeddable":true,"href":"http:\/\/www.letourismeaparis.fr\/index.php\/wp-json\/wp\/v2\/categories?post=17057"},{"taxonomy":"post_tag","embeddable":true,"href":"http:\/\/www.letourismeaparis.fr\/index.php\/wp-json\/wp\/v2\/tags?post=17057"}],"curies":[{"name":"wp","href":"https:\/\/api.w.org\/{rel}","templated":true}]}}