{"id":17064,"date":"2015-09-08T17:19:05","date_gmt":"2015-09-08T17:19:05","guid":{"rendered":"http:\/\/www.letourismeaparis.fr\/?p=17064"},"modified":"2015-09-08T17:19:05","modified_gmt":"2015-09-08T17:19:05","slug":"paris-design-week-jusquau-12-septembre","status":"publish","type":"post","link":"http:\/\/www.letourismeaparis.fr\/index.php\/2015\/09\/08\/paris-design-week-jusquau-12-septembre\/","title":{"rendered":"PARIS DESIGN WEEK jusqu&#039;au 12 septembre"},"content":{"rendered":"<p><strong>Plus de 200 galeries, \u00e9coles de design, ateliers et studios de cr\u00e9ations<\/strong>\u00a0 pr\u00e9senteront le meilleur de la cr\u00e9ation contemporaine.<a href=\"http:\/\/www.letourismeaparis.fr\/wp-content\/uploads\/2015\/09\/138806-paris-design-week-2015.jpg\"><img loading=\"lazy\" decoding=\"async\" class=\"aligncenter size-medium wp-image-17067\" src=\"http:\/\/www.letourismeaparis.fr\/wp-content\/uploads\/2015\/09\/138806-paris-design-week-2015-216x300.jpg\" alt=\"138806-paris-design-week-2015\" width=\"216\" height=\"300\" \/><\/a><br \/>\nPlusieurs parcours \u00a0sont propos\u00e9s :<!--more--><\/p>\n<ul>\n<li>Quartier Saint-Germain<\/li>\n<li>Quartiers Marais, Bastille et Stalingrad<\/li>\n<li>Quartiers Champs-Elys\u00e9es, Op\u00e9ra<\/li>\n<li>Nouveaut\u00e9 : Docks &#8211; Cit\u00e9 de la Mode et du Design<\/li>\n<\/ul>\n<p>cette ann\u00e9e<strong>\u00a0aux Docks, Cit\u00e9 de la Mode et du Design <\/strong>p<strong>lus de 100 designers<\/strong><br \/>\n<a href=\"http:\/\/www.maison-objet.com\/fr\/paris-design-week\"><strong>http:\/\/www.maison-objet.com\/fr\/paris-design-week<\/strong><\/a><\/p>\n","protected":false},"excerpt":{"rendered":"<p>Plus de 200 galeries, \u00e9coles de design, ateliers et studios de cr\u00e9ations\u00a0 pr\u00e9senteront le meilleur de la cr\u00e9ation contemporaine. Plusieurs parcours \u00a0sont propos\u00e9s :<\/p>\n","protected":false},"author":2,"featured_media":0,"comment_status":"open","ping_status":"open","sticky":false,"template":"","format":"standard","meta":{"ngg_post_thumbnail":0,"jetpack_post_was_ever_published":false,"_jetpack_newsletter_access":"","footnotes":""},"categories":[5,9,27],"tags":[],"class_list":["post-17064","post","type-post","status-publish","format-standard","hentry","category-artisanat","category-beaux-arts","category-musees-expositions"],"jetpack_featured_media_url":"","jetpack-related-posts":[{"id":15889,"url":"http:\/\/www.letourismeaparis.fr\/index.php\/2014\/10\/25\/la-fiac-au-grand-palais-jusquau-26-octobre-les-fiac-le-parcours-saint-germain\/","url_meta":{"origin":17064,"position":0},"title":"La Fiac  au Grand Palais  jusqu&#039;au 26 octobre, les FIAC OFF, le parcours saint Germain","author":"Fabienne TM","date":"25 octobre 2014","format":false,"excerpt":"FIAC\u00a0Grand Palais\u00a0Avenue Winston Churchill, 75008 Paris (OFF)ICIELLE\u00a0Les Docks - Cit\u00e9 de la Mode et du Design\u00a034, quai d'Austerlitz, 75013 Paris JARDIN DES TUILERIES\u00a0Entr\u00e9es \u00a0Place de la Concorde\u00a0Rue de Rivoli\u00a0Quai des Tuileries\u00a0Avenue du g\u00e9n\u00e9ral Lemonnier\u00a0Passerelle Solferino Acc\u00e8s libre et gratuit JARDIN DES PLANTES\u00a0Entr\u00e9es\u00a057 rue Cuvier\u00a02 rue Buffon\u00a036 rue Geoffroy-Saint-Hilaire\u00a0place Valhubert\u00a075005 Paris\u2026","rel":"","context":"Dans &quot;Non class\u00e9&quot;","block_context":{"text":"Non class\u00e9","link":"http:\/\/www.letourismeaparis.fr\/index.php\/category\/non-classe\/"},"img":{"alt_text":"","src":"","width":0,"height":0},"classes":[]},{"id":14330,"url":"http:\/\/www.letourismeaparis.fr\/index.php\/2013\/12\/19\/pixar-25-ans-danimation\/","url_meta":{"origin":17064,"position":1},"title":"\u201dPIXAR, 25 ANS D\u2019ANIMATION\u201d","author":"Fabienne TM","date":"19 d\u00e9cembre 2013","format":false,"excerpt":"\u00a0 La fameuse exposition PIXAR, 25 ANS D\u2019ANIMATION, inaugur\u00e9e au MoMA \u00e0 New York en 2006 avant de faire le tour du monde de nombreux mus\u00e9es prestigieux, s\u2019inscrit totalement dans cette d\u00e9marche r\u00e9solument novatrice et populaire. En exposant les \u0153uvres originales des artistes cr\u00e9ateurs de \"Toy Story\", \"Le Monde de\u2026","rel":"","context":"Dans &quot;Non class\u00e9&quot;","block_context":{"text":"Non class\u00e9","link":"http:\/\/www.letourismeaparis.fr\/index.php\/category\/non-classe\/"},"img":{"alt_text":"","src":"","width":0,"height":0},"classes":[]},{"id":11073,"url":"http:\/\/www.letourismeaparis.fr\/index.php\/2011\/09\/13\/paris-se-transforme-en-capitaledu-design-la-semaine-du-design\/","url_meta":{"origin":17064,"position":2},"title":"Paris se transforme en capitale\u2026du design : la semaine du design !","author":"Fabienne TM","date":"13 septembre 2011","format":false,"excerpt":"Jusqu' au 18 septembre\u00a0 aura lieu la Paris Design Week. 6 quartiers parisiens, Austerlitz, Bastille \/ R\u00e9publique, Champs Elys\u00e9es \/ Trocad\u00e9ro, Les Halles \/ Marais, Madeleine \/ Op\u00e9ra et Saint Germain accueilleront l\u2019\u00e9v\u00e9nement. Des parcours nt \u00e9t\u00e9 con\u00e7us pour que designer et grand public se rencontrent. Au programme donc :\u2026","rel":"","context":"Dans &quot;Non class\u00e9&quot;","block_context":{"text":"Non class\u00e9","link":"http:\/\/www.letourismeaparis.fr\/index.php\/category\/non-classe\/"},"img":{"alt_text":"","src":"","width":0,"height":0},"classes":[]},{"id":18492,"url":"http:\/\/www.letourismeaparis.fr\/index.php\/2016\/08\/12\/play-une-expo-pour-se-prendre-au-jeu-a-la-cite-de-la-mode-et-du-design-jusquau-21-aout\/","url_meta":{"origin":17064,"position":3},"title":"PLAY !  Une expo pour se prendre au jeu \u00c0 la cit\u00e9 de la Mode et du Design  Jusqu&#039;au 21 ao\u00fbt","author":"Fabienne TM","date":"12 ao\u00fbt 2016","format":false,"excerpt":"\u00a0 Faites chanter un arbuste, dansez avec des masques tribaux, construisiez votre propre ville, laissez-vous surprendre dans un \"escape game\" aux allures du cuisine, customisez le pelage d'animaux de la jungle, animez des dessins : c'est le programme de PLAY! expo ludique et interactive \u00e0 la cit\u00e9 de la Mode\u2026","rel":"","context":"Dans &quot;Familles&quot;","block_context":{"text":"Familles","link":"http:\/\/www.letourismeaparis.fr\/index.php\/category\/familles\/"},"img":{"alt_text":"","src":"","width":0,"height":0},"classes":[]},{"id":11968,"url":"http:\/\/www.letourismeaparis.fr\/index.php\/2012\/09\/25\/marche-de-la-bibliophilie-et-iconographie-anciennes-et-modernes-le-29-septembre-place-monge\/","url_meta":{"origin":17064,"position":4},"title":"March\u00e9 de la Bibliophilie et Iconographie anciennes et modernes le 29 septembre, place Monge","author":"Fabienne TM","date":"25 septembre 2012","format":false,"excerpt":"La Place Monge- Paris 5\u00e8, renoue avec la tradition du rendez-vous des libraires du quartier avec la quatri\u00e8me \u00e9dition du\u00a0 March\u00e9 de la Bibliophilie et Iconographie anciennes et modernes le samedi 29 septembre 2012. Une cinquantaine de libraires parisiens et provinciaux proposeront des livres anciens et modernes, affiches, images, psych\u00e9d\u00e9lisme\u2026","rel":"","context":"Dans &quot;Non class\u00e9&quot;","block_context":{"text":"Non class\u00e9","link":"http:\/\/www.letourismeaparis.fr\/index.php\/category\/non-classe\/"},"img":{"alt_text":"","src":"","width":0,"height":0},"classes":[]},{"id":19171,"url":"http:\/\/www.letourismeaparis.fr\/index.php\/2016\/12\/07\/lheure-bleue-entre-chien-et-loup-pour-les-familles\/","url_meta":{"origin":17064,"position":5},"title":"L\u2019HEURE BLEUE, ENTRE CHIEN ET LOUP pour les familles","author":"Fabienne TM","date":"7 d\u00e9cembre 2016","format":false,"excerpt":"Jusqu'au \u00a05 f\u00e9vrier 2017, la Cit\u00e9 pr\u00e9sente \u00ab L\u2019Heure Bleue, entre chien et loup \u00bb, une installation v\u00e9g\u00e9tale f\u00e9\u00e9rique imagin\u00e9e par la sc\u00e9nographe et designer Marianne Guedin. \u00a0 Tous les jours, de 10 h \u00e0 minuit, de l\u2019entr\u00e9e du 34 Quai d\u2019Austerlitz jusque dans l\u2019Atrium de la Cit\u00e9, venez d\u00e9couvrir\u2026","rel":"","context":"Dans &quot;Familles&quot;","block_context":{"text":"Familles","link":"http:\/\/www.letourismeaparis.fr\/index.php\/category\/familles\/"},"img":{"alt_text":"","src":"","width":0,"height":0},"classes":[]}],"jetpack_sharing_enabled":true,"jetpack_likes_enabled":true,"_links":{"self":[{"href":"http:\/\/www.letourismeaparis.fr\/index.php\/wp-json\/wp\/v2\/posts\/17064","targetHints":{"allow":["GET"]}}],"collection":[{"href":"http:\/\/www.letourismeaparis.fr\/index.php\/wp-json\/wp\/v2\/posts"}],"about":[{"href":"http:\/\/www.letourismeaparis.fr\/index.php\/wp-json\/wp\/v2\/types\/post"}],"author":[{"embeddable":true,"href":"http:\/\/www.letourismeaparis.fr\/index.php\/wp-json\/wp\/v2\/users\/2"}],"replies":[{"embeddable":true,"href":"http:\/\/www.letourismeaparis.fr\/index.php\/wp-json\/wp\/v2\/comments?post=17064"}],"version-history":[{"count":0,"href":"http:\/\/www.letourismeaparis.fr\/index.php\/wp-json\/wp\/v2\/posts\/17064\/revisions"}],"wp:attachment":[{"href":"http:\/\/www.letourismeaparis.fr\/index.php\/wp-json\/wp\/v2\/media?parent=17064"}],"wp:term":[{"taxonomy":"category","embeddable":true,"href":"http:\/\/www.letourismeaparis.fr\/index.php\/wp-json\/wp\/v2\/categories?post=17064"},{"taxonomy":"post_tag","embeddable":true,"href":"http:\/\/www.letourismeaparis.fr\/index.php\/wp-json\/wp\/v2\/tags?post=17064"}],"curies":[{"name":"wp","href":"https:\/\/api.w.org\/{rel}","templated":true}]}}