{"id":17075,"date":"2015-09-10T13:29:25","date_gmt":"2015-09-10T13:29:25","guid":{"rendered":"http:\/\/www.letourismeaparis.fr\/?p=17075"},"modified":"2015-09-10T13:29:25","modified_gmt":"2015-09-10T13:29:25","slug":"revelations-au-grand-palais-metiers-dart-contemporains","status":"publish","type":"post","link":"http:\/\/www.letourismeaparis.fr\/index.php\/2015\/09\/10\/revelations-au-grand-palais-metiers-dart-contemporains\/","title":{"rendered":"&quot;R\u00c9V\u00c9LATIONS&quot;au Grand Palais  (m\u00e9tiers d&#039;art contemporains)"},"content":{"rendered":"<h5><strong>LA BIENNALE INTERNATIONALE DES M\u00c9TIERS D&rsquo;ART CONTEMPORAINS R\u00c9V\u00c8LE AVEC \u00c9CLAT LE TALENT DES ATELIERS D&rsquo;ART<\/strong><\/h5>\n<p>la biennale est enti\u00e8rement d\u00e9di\u00e9e\u00a0\u00e0 la cr\u00e9ation contemporaine dans les m\u00e9tiers d&rsquo;art, du\u00a0jeudi 10 au dimanche 13 septembre 2015.<br \/>\nA voir absolument : Pascale Riberolles<a href=\"http:\/\/www.letourismeaparis.fr\/wp-content\/uploads\/2015\/09\/vignettes_lums-e1441891562552.jpg\"><img loading=\"lazy\" decoding=\"async\" class=\"aligncenter size-medium wp-image-17076\" src=\"http:\/\/www.letourismeaparis.fr\/wp-content\/uploads\/2015\/09\/vignettes_lums-300x72.jpg\" alt=\"vignettes_lums\" width=\"300\" height=\"72\" \/><\/a>\u00a0A voir \u00a0absolument \u00a0Criska<a href=\"http:\/\/www.letourismeaparis.fr\/wp-content\/uploads\/2015\/09\/image.jpg\"><img loading=\"lazy\" decoding=\"async\" class=\"aligncenter wp-image-17077\" src=\"http:\/\/www.letourismeaparis.fr\/wp-content\/uploads\/2015\/09\/image-200x300.jpg\" alt=\"image\" width=\"90\" height=\"131\" \/><\/a><!--more--><br \/>\nSuite \u00e0 la 1\u00e8re \u00e9dition qui a rassembl\u00e9 plus de 33 000 visiteurs, R\u00e9v\u00e9lations 2015 poursuit son essor et prend son envol\u00a0:\u00a0artisans d&rsquo;art, designers, galeries d&rsquo;art, fondations, manufactures d&rsquo;art, maisons d&rsquo;excellence&#8230; fran\u00e7ais et \u00e9trangers i pr\u00e9sentent au public leurs derni\u00e8res cr\u00e9ations r\u00e9alis\u00e9es sp\u00e9cialement pour l&rsquo;occasion.<!--more--><br \/>\nEn 2015, le salon d\u00e9passe les fronti\u00e8res en mettant \u00e0 l&rsquo;honneur la\u00a0\u00a0\u00e0 la veille du lancement des ann\u00e9es crois\u00e9es France-Cor\u00e9e les pi\u00e8ces de 22 cr\u00e9ateurs, mais rallie aussi les continents avec l&rsquo;exposition internationale\u00a0\u00a0rev\u00eatant la forme d&rsquo;archipels organiques, compos\u00e9s de plusieurs \u00eelots d\u00e9di\u00e9s chacun \u00e0 un pays ou une r\u00e9gion du monde. Laissez-vous \u00e9merveiller par les pi\u00e8ces d&rsquo;exception de la Cor\u00e9e du Sud, du Chili, de la France, de l&rsquo;Italie, du Japon, des Pays-Bas, des pays Nordiques, de la R\u00e9publique Tch\u00e8que, du S\u00e9n\u00e9gal, de Ta\u00efwan et de la Tunisie\u00a0!<br \/>\n<a href=\"http:\/\/www.pascaleriberolles.fr\/\">http:\/\/www.pascaleriberolles.fr\/<\/a><br \/>\n<a href=\"http:\/\/www.criska.com\/videos\/\">http:\/\/www.criska.com\/videos\/<\/a><br \/>\n&nbsp;<br \/>\nJeudi 10 septembre:\u00a0<strong>10h &#8211; 20h<br \/>\n<\/strong>Vendredi 11 septembre:\u00a0<strong>10h &#8211; 20h<br \/>\n<\/strong>Samedi 12 septembre:\u00a0<strong>10h &#8211; 20h<br \/>\n<\/strong>Dimanche 13 septembre:\u00a0<strong>10h &#8211; 19h<\/strong><\/p>\n","protected":false},"excerpt":{"rendered":"<p>LA BIENNALE INTERNATIONALE DES M\u00c9TIERS D&rsquo;ART CONTEMPORAINS R\u00c9V\u00c8LE AVEC \u00c9CLAT LE TALENT DES ATELIERS D&rsquo;ART la biennale est enti\u00e8rement d\u00e9di\u00e9e\u00a0\u00e0 la cr\u00e9ation contemporaine dans les m\u00e9tiers d&rsquo;art, du\u00a0jeudi 10 au dimanche 13 septembre 2015. A voir absolument : Pascale Riberolles\u00a0A&#8230;<\/p>\n","protected":false},"author":2,"featured_media":0,"comment_status":"open","ping_status":"open","sticky":false,"template":"","format":"standard","meta":{"ngg_post_thumbnail":0,"jetpack_post_was_ever_published":false,"_jetpack_newsletter_access":"","footnotes":""},"categories":[5,27],"tags":[],"class_list":["post-17075","post","type-post","status-publish","format-standard","hentry","category-artisanat","category-musees-expositions"],"jetpack_featured_media_url":"","jetpack-related-posts":[{"id":23252,"url":"http:\/\/www.letourismeaparis.fr\/index.php\/2019\/05\/22\/revelations-le-rendez-vous-des-metiers-dart-et-de-la-creation-internationale\/","url_meta":{"origin":17075,"position":0},"title":"REVELATIONS : LE RENDEZ-VOUS DES M\u00c9TIERS D&#039;ART ET DE LA CR\u00c9ATION INTERNATIONALE","author":"Fabienne TM","date":"22 mai 2019","format":false,"excerpt":"Positionnant le cr\u00e9ateur comme central, R\u00e9v\u00e9lations porte un regard nouveau et cr\u00e9e un environnement o\u00f9 la cr\u00e9ation contemporaine mondiale rencontre son march\u00e9 et se r\u00e9v\u00e8le au grand public. Lieu de dialogues, d\u2019\u00e9changes et de d\u00e9couvertes, une programmation culturelle particuli\u00e8rement riche d\u00e9voile toute la singularit\u00e9 et l'audace des m\u00e9tiers d\u2019art contemporain.\u2026","rel":"","context":"Dans &quot;Non class\u00e9&quot;","block_context":{"text":"Non class\u00e9","link":"http:\/\/www.letourismeaparis.fr\/index.php\/category\/non-classe\/"},"img":{"alt_text":"","src":"","width":0,"height":0},"classes":[]},{"id":26213,"url":"http:\/\/www.letourismeaparis.fr\/index.php\/2025\/05\/20\/revelations-au-grand-palais-du-21-au-25-mai\/","url_meta":{"origin":17075,"position":1},"title":"\u00ab\u00a0R\u00e9v\u00e9lations\u00a0\u00bb au Grand Palais du 21 au 25 mai","author":"Fabienne TM","date":"20 mai 2025","format":false,"excerpt":"Biennale internationale des m\u00e9tiers d'art et de la cr\u00e9ation. Organis\u00e9 par Ateliers d'Art de France, R\u00e9v\u00e9lations est un v\u00e9ritable carrefour d'\u00e9changes, o\u00f9 cr\u00e9ateurs et visiteurs dialoguent, s'enrichissent mutuellement et puisent leurs inspirations. Cr\u00e9ateurs et professionnels - architectes, d\u00e9corateurs, directeurs artistiques, galeristes, conservateurs - c\u00f4toient collectionneurs et passionn\u00e9s. La biennale propose\u2026","rel":"","context":"Dans &quot;Artisanat&quot;","block_context":{"text":"Artisanat","link":"http:\/\/www.letourismeaparis.fr\/index.php\/category\/culture\/musees-expositions\/artisanat\/"},"img":{"alt_text":"","src":"https:\/\/i0.wp.com\/www.letourismeaparis.fr\/wp-content\/uploads\/2025\/05\/Capture-decran-2025-05-20-a-15.49.28.png?resize=350%2C200","width":350,"height":200},"classes":[]},{"id":24746,"url":"http:\/\/www.letourismeaparis.fr\/index.php\/2022\/06\/11\/revelations-biennale-internationale-metiers-dart-et-creation-jusquau-12-juin\/","url_meta":{"origin":17075,"position":2},"title":"R\u00e9v\u00e9lations , Biennale Internationale M\u00e9tiers d\u2019Art et Cr\u00e9ation jusqu\u2019au 12 juin","author":"Fabienne TM","date":"11 juin 2022","format":false,"excerpt":"Tous les deux ans, R\u00e9v\u00e9lations est le rendez-vous incontournable qui c\u00e9l\u00e8bre la cr\u00e9ation fran\u00e7aise et internationale. Pens\u00e9e et cr\u00e9\u00e9e par Ateliers d'Art de France, syndicat professionnel repr\u00e9sentant les 281 m\u00e9tiers d'art fran\u00e7ais, la biennale est le rendez-vous \u00e9conomique majeur du secteur. Nous avons remarqu\u00e9 tout particuli\u00e8rement les stands suivants pour\u2026","rel":"","context":"Dans &quot;Artisanat&quot;","block_context":{"text":"Artisanat","link":"http:\/\/www.letourismeaparis.fr\/index.php\/category\/culture\/musees-expositions\/artisanat\/"},"img":{"alt_text":"","src":"https:\/\/i0.wp.com\/www.letourismeaparis.fr\/wp-content\/uploads\/2022\/06\/Capture-d%E2%80%99e%CC%81cran-2022-06-11-a%CC%80-19.17.16.png?resize=350%2C200","width":350,"height":200,"srcset":"https:\/\/i0.wp.com\/www.letourismeaparis.fr\/wp-content\/uploads\/2022\/06\/Capture-d%E2%80%99e%CC%81cran-2022-06-11-a%CC%80-19.17.16.png?resize=350%2C200 1x, https:\/\/i0.wp.com\/www.letourismeaparis.fr\/wp-content\/uploads\/2022\/06\/Capture-d%E2%80%99e%CC%81cran-2022-06-11-a%CC%80-19.17.16.png?resize=525%2C300 1.5x, https:\/\/i0.wp.com\/www.letourismeaparis.fr\/wp-content\/uploads\/2022\/06\/Capture-d%E2%80%99e%CC%81cran-2022-06-11-a%CC%80-19.17.16.png?resize=700%2C400 2x"},"classes":[]},{"id":23093,"url":"http:\/\/www.letourismeaparis.fr\/index.php\/2019\/05\/09\/revelations-au-grand-palais\/","url_meta":{"origin":17075,"position":3},"title":"R\u00e9v\u00e9lations au Grand Palais","author":"Fabienne TM","date":"9 mai 2019","format":false,"excerpt":"l'art africain \u00e0 l'honneur \u00e0 l'occasion de la Biennale internationale m\u00e9tiers d\u2019Arts et Cr\u00e9ation 23 au 26 MAI 2019 \u2013 Paris, Le Grand Palais OUEMBE GILBERT la Biennale internationale m\u00e9tiers d\u2019Arts et Cr\u00e9ation, rassemble plus 12 000 professionnels du secteur (artistes, collectionneurs, architectes, d\u00e9corateurs, galeristes,fabricants de produits de luxe, m\u00e9dias.\u2026","rel":"","context":"Dans &quot;Non class\u00e9&quot;","block_context":{"text":"Non class\u00e9","link":"http:\/\/www.letourismeaparis.fr\/index.php\/category\/non-classe\/"},"img":{"alt_text":"","src":"","width":0,"height":0},"classes":[]},{"id":19767,"url":"http:\/\/www.letourismeaparis.fr\/index.php\/2017\/04\/29\/revelations-au-grand-palais-du-4-au-8-mai\/","url_meta":{"origin":17075,"position":4},"title":"R\u00e9v\u00e9lations , au Grand Palais du 4 au 8 mai","author":"Fabienne TM","date":"29 avril 2017","format":false,"excerpt":"R\u00e9v\u00e9lations porte un regard nouveau sur la cr\u00e9ation contemporaine. La biennale place le cr\u00e9ateur au centre de l\u2019\u00e9v\u00e9nement et invite au dialogue les m\u00e9tiers d\u2019art et de cr\u00e9ation du monde entier. Pour sa 3\u00e8me \u00e9dition au Grand\u00a0Palais, la biennale devient LE rendez-vous du Printemps en se tenant d\u00e9sormais\u00a0du 3 au\u2026","rel":"","context":"Dans &quot;Non class\u00e9&quot;","block_context":{"text":"Non class\u00e9","link":"http:\/\/www.letourismeaparis.fr\/index.php\/category\/non-classe\/"},"img":{"alt_text":"","src":"https:\/\/i0.wp.com\/www.letourismeaparis.fr\/wp-content\/uploads\/2017\/04\/Capture-d%C3%A2%C2%80%C2%99e%C3%8C%C2%81cran-2017-04-29-a%C3%8C%C2%80-12.16.46-258x300.png?resize=350%2C200","width":350,"height":200},"classes":[]},{"id":18096,"url":"http:\/\/www.letourismeaparis.fr\/index.php\/2016\/04\/04\/le-fifma-festival-international-du-film-sur-les-metiers-dart-du-7-au-10-avril-au-melies-de-montreuil\/","url_meta":{"origin":17075,"position":5},"title":"le FIFMA (Festival International du Film sur les M\u00e9tiers d\u2019Art) du 7 au 10 avril au M\u00e9li\u00e8s de Montreuil.","author":"Fabienne TM","date":"4 avril 2016","format":false,"excerpt":"\u00a0 A travers des portraits inattendus, des me\u0301tiers rares, des e\u0301vocations singulie\u0300res du patrimoine et de l\u2019architecture, la se\u0301lection du FIFMA de\u0301plie la carte des me\u0301tiers d\u2019art et nous emporte aussi bien dans l\u2019univers ultra contemporain d\u2019un artiste verrier que dans le monde contemplatif de ce\u0301ramistes... Une trentaine de films\u2026","rel":"","context":"Dans &quot;Non class\u00e9&quot;","block_context":{"text":"Non class\u00e9","link":"http:\/\/www.letourismeaparis.fr\/index.php\/category\/non-classe\/"},"img":{"alt_text":"","src":"https:\/\/i0.wp.com\/www.letourismeaparis.fr\/wp-content\/uploads\/2016\/04\/metiers-dart-200x300.jpeg?resize=350%2C200","width":350,"height":200},"classes":[]}],"jetpack_sharing_enabled":true,"jetpack_likes_enabled":true,"_links":{"self":[{"href":"http:\/\/www.letourismeaparis.fr\/index.php\/wp-json\/wp\/v2\/posts\/17075","targetHints":{"allow":["GET"]}}],"collection":[{"href":"http:\/\/www.letourismeaparis.fr\/index.php\/wp-json\/wp\/v2\/posts"}],"about":[{"href":"http:\/\/www.letourismeaparis.fr\/index.php\/wp-json\/wp\/v2\/types\/post"}],"author":[{"embeddable":true,"href":"http:\/\/www.letourismeaparis.fr\/index.php\/wp-json\/wp\/v2\/users\/2"}],"replies":[{"embeddable":true,"href":"http:\/\/www.letourismeaparis.fr\/index.php\/wp-json\/wp\/v2\/comments?post=17075"}],"version-history":[{"count":0,"href":"http:\/\/www.letourismeaparis.fr\/index.php\/wp-json\/wp\/v2\/posts\/17075\/revisions"}],"wp:attachment":[{"href":"http:\/\/www.letourismeaparis.fr\/index.php\/wp-json\/wp\/v2\/media?parent=17075"}],"wp:term":[{"taxonomy":"category","embeddable":true,"href":"http:\/\/www.letourismeaparis.fr\/index.php\/wp-json\/wp\/v2\/categories?post=17075"},{"taxonomy":"post_tag","embeddable":true,"href":"http:\/\/www.letourismeaparis.fr\/index.php\/wp-json\/wp\/v2\/tags?post=17075"}],"curies":[{"name":"wp","href":"https:\/\/api.w.org\/{rel}","templated":true}]}}