{"id":17083,"date":"2015-09-10T13:34:48","date_gmt":"2015-09-10T13:34:48","guid":{"rendered":"http:\/\/www.letourismeaparis.fr\/?p=17083"},"modified":"2015-09-10T13:34:48","modified_gmt":"2015-09-10T13:34:48","slug":"radio-france-fete-le-sport-dimanche-13-septembre-2015-de-10h-a-18h","status":"publish","type":"post","link":"http:\/\/www.letourismeaparis.fr\/index.php\/2015\/09\/10\/radio-france-fete-le-sport-dimanche-13-septembre-2015-de-10h-a-18h\/","title":{"rendered":"Radio France f\u00eate le  sport dimanche 13 septembre 2015 de 10h \u00e0 18h"},"content":{"rendered":"<p>Radio France f\u00eate le sport<br \/>\n<strong>Participez \u00e0 la course verticale Vertigo et rendez-vous au village sportif<br \/>\nMaison de la radio dimanche 13 septembre 2015 de 10h \u00e0 18h<\/strong><br \/>\n<strong>Venez vivre une exp\u00e9rience verticale en entrant au c\u0153ur d&rsquo;un lieu in\u00e9dit et transpirez pour une cause solidaire !<\/strong><!--more--><br \/>\n<strong>Coureurs d\u00e9butants ou sportifs confirm\u00e9s, entreprises ou particuliers, donnez vous \u00e0 100% aux c\u00f4t\u00e9s de PL4Y International et collectez un maximum de dons pour allier verticalit\u00e9 et solidarit\u00e9.<\/strong><br \/>\n&nbsp;<br \/>\nVertigo \u00e0 la Maison de la radio : rendez-vous le 13 septembre 2015<br \/>\nL\u2019ONG\u00a0<strong>PL4Y International<\/strong>\u00a0&amp; la\u00a0<strong>Maison de la Radio<\/strong>\u00a0s\u2019associent et lancent\u00a0<strong>Vertigo \u00e0 la Maison de la Radio<\/strong>, une course verticale &amp; de collecte de fonds. Pour cette 1\u00e8re \u00e9dition \u00e0 la Maison de la radio, l\u2019ambition est de collecter un maximum d&rsquo;argent pour permettre aux enfants du monde entier d\u2019apprendre &amp; de grandir en s\u2019amusant.<br \/>\nGr\u00e2ce \u00e0 cette course verticale, les programmes \u00e9ducatifs de<strong>\u00a0PL4Y International<\/strong>\u00a0seront d\u00e9ploy\u00e9s dans 400 \u00e9coles &amp; centres d&rsquo;accueil, aux quatre coins du monde.<br \/>\n<strong>22 \u00e9tages, 70 m\u00e8tres de hauteur et 365 marches en courant\u00a0!<\/strong><br \/>\n&nbsp;<br \/>\n<strong>Un \u00e9v\u00e9nement accessible \u00e0 tous<\/strong><br \/>\n<strong>Entre amis ou coll\u00e8gues,\u00a0 sportifs de haut niveau ou simples amateurs, chacun peut participer \u00e0 cet \u00e9v\u00e8nement hors du commun alliant d\u00e9passement de soi et g\u00e9n\u00e9rosit\u00e9.<\/strong><br \/>\nEn solo, avec vos amis ou en famille, prenez vos baskets et grimpez les escaliers de la tour de la Maison de la radio pour participer \u00e0 cet \u00e9v\u00e8nement festif et color\u00e9, ouvert \u00e0 tous. A la cl\u00e9 : une vue panoramique sur Paris !<!--more--><br \/>\n&nbsp;<br \/>\n<strong>Une course solidaire<\/strong><br \/>\nAu-del\u00e0 de la performance sportive, c\u2019est surtout l\u2019opportunit\u00e9 de s\u2019associer \u00e0 un projet solidaire qui vise \u00e0 collecter des fonds en faveur de l\u2019ONG\u00a0<strong><a href=\"http:\/\/pl4y.international\/fr\">Pl4y International<\/a><\/strong>\u00a0pour financer un programme d\u2019\u00e9ducation des enfants par le sport.<br \/>\n<strong>Votre objectif est de collecter 365 euros, comme le nombre de marches \u00e0 gravir \u00e0 la Maison de la radio<\/strong>\u00a0(minimum de collecte 22\u20ac, comme le nombre d&rsquo;\u00e9tages)<br \/>\nPour vous donner une id\u00e9e, 365 euros, c\u2019est 43 enfants qui b\u00e9n\u00e9ficieront de l\u2019action de PL4Y International.<br \/>\n&nbsp;<br \/>\n<strong>Comment participer \u00e0 cette aventure ?<\/strong><br \/>\nL\u2019inscription d\u2019un dossard repose sur la\u00a0<strong>solidarit\u00e9<\/strong>\u00a0et la<strong>\u00a0viralit\u00e9<\/strong>. Chaque coureur fait appel \u00e0 son entourage pour r\u00e9unir les fonds n\u00e9cessaires.<br \/>\n<strong>Inscrivez-vous\u00a0<a href=\"http:\/\/events.pl4y.international\/events\/vertigo-maison-de-la-radio\">\u00e0 la course Vertigo \u00e0 la Maison de la radio<\/a><\/strong><\/p>\n<p class=\"p1\"><strong><a href=\"http:\/\/events.pl4y.international\/events\/vertigo-maison-de-la-radio\"><span class=\"s1\">Informations et inscriptions sur <\/span><\/a><a href=\"http:\/\/bm-media.org\/u\/42272865\/2\/www.vertigomaisondelaradio.org%252Findex.html\"><span class=\"s2\">vertigomaisondelaradio.org<\/span><\/a><\/strong><\/p>\n<p><!--more--><br \/>\n&nbsp;<br \/>\nEt\u00a0<strong>invitez tous vos amis \u00e0 parrainer votre dossard<\/strong>\u00a0en r\u00e9alisant des dons en ligne au profit des enfants b\u00e9n\u00e9ficiaires de l\u2019action de\u00a0<strong><a href=\"http:\/\/pl4y.international\/fr\">Pl4y International<\/a><\/strong>.<br \/>\nChaque inscription est un don &amp; b\u00e9n\u00e9ficie d\u2019une\u00a0<strong>r\u00e9duction d\u2019imp\u00f4ts<\/strong>\u00a0de 66% pour les particulier, 60% pour les entreprises. Toutes les inscriptions iront au profit de l\u2019ONG.<br \/>\n&nbsp;<br \/>\n<strong>Dimanche 13 septembre : la\u00a0 course<\/strong><br \/>\nLes d\u00e9parts auront lieu \u00e0 10h &#8211; 11h &#8211; 14h et 15h<\/p>\n","protected":false},"excerpt":{"rendered":"<p>Radio France f\u00eate le sport Participez \u00e0 la course verticale Vertigo et rendez-vous au village sportif Maison de la radio dimanche 13 septembre 2015 de 10h \u00e0 18h Venez vivre une exp\u00e9rience verticale en entrant au c\u0153ur d&rsquo;un lieu in\u00e9dit&#8230;<\/p>\n","protected":false},"author":2,"featured_media":0,"comment_status":"open","ping_status":"open","sticky":false,"template":"","format":"standard","meta":{"ngg_post_thumbnail":0,"jetpack_post_was_ever_published":false,"_jetpack_newsletter_access":"","footnotes":""},"categories":[1],"tags":[],"class_list":["post-17083","post","type-post","status-publish","format-standard","hentry","category-non-classe"],"jetpack_featured_media_url":"","jetpack-related-posts":[{"id":18696,"url":"http:\/\/www.letourismeaparis.fr\/index.php\/2016\/09\/23\/radio-france-fete-le-sport-2016-dimanche-25-septembre\/","url_meta":{"origin":17083,"position":0},"title":"Radio France f\u00eate le sport 2016 dimanche 25 septembre.","author":"Fabienne TM","date":"23 septembre 2016","format":false,"excerpt":"Il y aura des d\u00e9monstrations en lien avec les f\u00e9d\u00e9rations sportives : badminton, escrime, boxe, mur d'escalade\u2026 Radio France f\u00eate tous les sports ! avec des dizaines d\u2019animations. Un \u00e9v\u00e9nement de running ascensionnel avec la course Vertigo dans la Tour centrale de Radio France. Le principe : gravir 365 marches,\u2026","rel":"","context":"Dans &quot;Non class\u00e9&quot;","block_context":{"text":"Non class\u00e9","link":"http:\/\/www.letourismeaparis.fr\/index.php\/category\/non-classe\/"},"img":{"alt_text":"","src":"","width":0,"height":0},"classes":[]},{"id":20935,"url":"http:\/\/www.letourismeaparis.fr\/index.php\/2018\/04\/27\/vertigo-revient-la-tour-first-de-la-defense-le-24-mai\/","url_meta":{"origin":17083,"position":1},"title":"Vertigo revient \u00e0 la Tour First de la D\u00e9fense le 24 mai","author":"Fabienne TM","date":"27 avril 2018","format":false,"excerpt":"AFFRONTEZ LES 48 \u00c9TAGES DU PLUS HAUT BUILDING FRAN\u00c7AIS !\u00a0 Tour First La d\u00e9fense 6\u00e8me \u00e9dition de l\u2019aventure Vertigo. L\u2019\u00e9v\u00e9nement renverse les sens et d\u00e9place l\u2019attraction en proposant des courses\u2026 verticales ! Le principe de cette course ? Monter les 48 \u00e9tages et les 954 marches de la plus haute\u2026","rel":"","context":"Dans &quot;Oeuvres-Caritatives&quot;","block_context":{"text":"Oeuvres-Caritatives","link":"http:\/\/www.letourismeaparis.fr\/index.php\/category\/bonnes-oeuvres\/"},"img":{"alt_text":"","src":"","width":0,"height":0},"classes":[]},{"id":20971,"url":"http:\/\/www.letourismeaparis.fr\/index.php\/2018\/05\/10\/vertigo-revient-la-tour-first-de-la-defense-pour-la-6eme-annee-consecutive\/","url_meta":{"origin":17083,"position":2},"title":"Vertigo revient \u00e0 la Tour First de la D\u00e9fense pour la 6\u00e8me ann\u00e9e cons\u00e9cutive","author":"Fabienne TM","date":"10 mai 2018","format":false,"excerpt":"Le jeudi 24 mai 2018, \u00e0 la tour Premier, au c\u0153ur de la D\u00e9fense, embarquez pour la 6e \u00e9dition de l'aventure Vertigo. L'\u00e9v\u00e9nement renverse les sens et d\u00e9place l'attraction en proposant des courses ... verticales! \u00a0 Le principe de cette course? Monter les 48 \u00e9tages et les 954 marches de\u2026","rel":"","context":"Dans &quot;Non class\u00e9&quot;","block_context":{"text":"Non class\u00e9","link":"http:\/\/www.letourismeaparis.fr\/index.php\/category\/non-classe\/"},"img":{"alt_text":"","src":"","width":0,"height":0},"classes":[]},{"id":18243,"url":"http:\/\/www.letourismeaparis.fr\/index.php\/2016\/05\/18\/vertigo-course-verticalerevient-a-la-tour-first-a-la-defense-le-20-mai-prochain\/","url_meta":{"origin":17083,"position":3},"title":"VERTIGO , course verticale,revient \u00e0 la Tour First \u00e0 la D\u00e9fense  le 20 mai prochain.","author":"Fabienne TM","date":"18 mai 2016","format":false,"excerpt":"VERTIGO revient \u00e0 la Tour First \u00e0 la D\u00e9fense pour la 4e ann\u00e9e de suite ! le 20 mai prochain. Le principe de cette course est de monter les 48 \u00e9tages et les 954 marches de la plus haute tour de France en courant, que ce soit seul, en \u00e9quipe\u2026","rel":"","context":"Dans &quot;Non class\u00e9&quot;","block_context":{"text":"Non class\u00e9","link":"http:\/\/www.letourismeaparis.fr\/index.php\/category\/non-classe\/"},"img":{"alt_text":"","src":"","width":0,"height":0},"classes":[]},{"id":18645,"url":"http:\/\/www.letourismeaparis.fr\/index.php\/2016\/09\/13\/journees-europeennes-du-patrimoine-portes-ouvertes-a-la-maison-de-la-radio-les-17-18-septembre-2016\/","url_meta":{"origin":17083,"position":4},"title":"JOURN\u00c9ES EUROP\u00c9ENNES DU PATRIMOINE    Portes ouvertes \u00e0 la Maison de la radio les 17 &amp; 18 septembre 2016","author":"Fabienne TM","date":"13 septembre 2016","format":false,"excerpt":"\u00a0 A l\u2019occasion des Journ\u00e9es europ\u00e9ennes du patrimoine, qui se tiendront les samedi 17 et dimanche 18 septembre 2016, Radio France ouvre ses portes pour vous faire vivre une exp\u00e9rience unique et conviviale. \u00c0 partir de 9h30, venez explorer les coulisses de la Maison de la radio, b\u00e2timent embl\u00e9matique du\u2026","rel":"","context":"Dans &quot;Non class\u00e9&quot;","block_context":{"text":"Non class\u00e9","link":"http:\/\/www.letourismeaparis.fr\/index.php\/category\/non-classe\/"},"img":{"alt_text":"","src":"","width":0,"height":0},"classes":[]},{"id":14327,"url":"http:\/\/www.letourismeaparis.fr\/index.php\/2013\/12\/14\/concert-pour-les-50-ans-de-la-maison-de-la-radio-samedi-17-decembre-20h-sur-le-parvis-de-la-maison-de-la-radio\/","url_meta":{"origin":17083,"position":5},"title":"Concert pour les 50 ans de la maison de la radio  samedi 17 d\u00e9cembre \u00e0 20h sur le parvis de la maison de la radio","author":"Fabienne TM","date":"14 d\u00e9cembre 2013","format":false,"excerpt":"LE 17 D\u00c9CEMBRE LA MAISON DE LA RADIO F\u00caTE SES 50ANS. SUIVEZ LES CONCERTS EN DIRECT ET EN VID\u00c9O \u00ab A tant d\u2019id\u00e9es, de mots, d\u2019images, de sons lanc\u00e9s sur les ondes merveilleuses\u2026fallait-il une maison ? Oui ! \u00bb\u00a0d\u00e9clarait le\u00a0g\u00e9n\u00e9ral de Gaulle\u00a0lors de l\u2019inauguration de la maison de Radio France\u2026","rel":"","context":"Dans &quot;Non class\u00e9&quot;","block_context":{"text":"Non class\u00e9","link":"http:\/\/www.letourismeaparis.fr\/index.php\/category\/non-classe\/"},"img":{"alt_text":"","src":"","width":0,"height":0},"classes":[]}],"jetpack_sharing_enabled":true,"jetpack_likes_enabled":true,"_links":{"self":[{"href":"http:\/\/www.letourismeaparis.fr\/index.php\/wp-json\/wp\/v2\/posts\/17083","targetHints":{"allow":["GET"]}}],"collection":[{"href":"http:\/\/www.letourismeaparis.fr\/index.php\/wp-json\/wp\/v2\/posts"}],"about":[{"href":"http:\/\/www.letourismeaparis.fr\/index.php\/wp-json\/wp\/v2\/types\/post"}],"author":[{"embeddable":true,"href":"http:\/\/www.letourismeaparis.fr\/index.php\/wp-json\/wp\/v2\/users\/2"}],"replies":[{"embeddable":true,"href":"http:\/\/www.letourismeaparis.fr\/index.php\/wp-json\/wp\/v2\/comments?post=17083"}],"version-history":[{"count":0,"href":"http:\/\/www.letourismeaparis.fr\/index.php\/wp-json\/wp\/v2\/posts\/17083\/revisions"}],"wp:attachment":[{"href":"http:\/\/www.letourismeaparis.fr\/index.php\/wp-json\/wp\/v2\/media?parent=17083"}],"wp:term":[{"taxonomy":"category","embeddable":true,"href":"http:\/\/www.letourismeaparis.fr\/index.php\/wp-json\/wp\/v2\/categories?post=17083"},{"taxonomy":"post_tag","embeddable":true,"href":"http:\/\/www.letourismeaparis.fr\/index.php\/wp-json\/wp\/v2\/tags?post=17083"}],"curies":[{"name":"wp","href":"https:\/\/api.w.org\/{rel}","templated":true}]}}