{"id":17101,"date":"2015-09-14T13:50:07","date_gmt":"2015-09-14T13:50:07","guid":{"rendered":"http:\/\/www.letourismeaparis.fr\/?p=17101"},"modified":"2015-09-14T13:50:07","modified_gmt":"2015-09-14T13:50:07","slug":"fete-de-quartier-dans-le-9eme-jeudi-17-septembre-de-18h-a-22h-rue-godot-de-mauro","status":"publish","type":"post","link":"http:\/\/www.letourismeaparis.fr\/index.php\/2015\/09\/14\/fete-de-quartier-dans-le-9eme-jeudi-17-septembre-de-18h-a-22h-rue-godot-de-mauro\/","title":{"rendered":"F\u00eate de Quartier dans le 9\u00e8me,   Jeudi 17 septembre de 18h \u00e0 22h Rue Godot de Mauro"},"content":{"rendered":"<p><strong>La F\u00eate de Quartier\u00a0<\/strong><br \/>\n<strong>Jeudi 17 septembre de 18h \u00e0 22h<\/strong><br \/>\nRue Godot de Mauroy<br \/>\n<strong>\u00a0<\/strong><br \/>\n<strong>Musique funk, soul, rock et blues avec le groupe<br \/>\n\u00ab\u00a0Zahra and the Mhysterious Guests\u00a0\u00bb<a href=\"http:\/\/www.letourismeaparis.fr\/wp-content\/uploads\/2015\/09\/op\u00e9ra-chauss\u00e9e-dantin.jpg\"><img loading=\"lazy\" decoding=\"async\" class=\"aligncenter  wp-image-17102\" src=\"http:\/\/www.letourismeaparis.fr\/wp-content\/uploads\/2015\/09\/op\u00e9ra-chauss\u00e9e-dantin-212x300.jpg\" alt=\"op\u00e9ra chauss\u00e9e d'antin\" width=\"129\" height=\"178\" \/><\/a><\/strong><strong>Babyfoot g\u00e9ant<\/strong><br \/>\n<strong>Repas de quartier<\/strong><br \/>\nchacun apporte un plat \u00e0 partager<!--more--><\/p>\n","protected":false},"excerpt":{"rendered":"<p>La F\u00eate de Quartier\u00a0 Jeudi 17 septembre de 18h \u00e0 22h Rue Godot de Mauroy \u00a0 Musique funk, soul, rock et blues avec le groupe \u00ab\u00a0Zahra and the Mhysterious Guests\u00a0\u00bbBabyfoot g\u00e9ant Repas de quartier chacun apporte un plat \u00e0 partager<\/p>\n","protected":false},"author":2,"featured_media":0,"comment_status":"open","ping_status":"open","sticky":false,"template":"","format":"standard","meta":{"ngg_post_thumbnail":0,"jetpack_post_was_ever_published":false,"_jetpack_newsletter_access":"","footnotes":""},"categories":[1],"tags":[],"class_list":["post-17101","post","type-post","status-publish","format-standard","hentry","category-non-classe"],"jetpack_featured_media_url":"","jetpack-related-posts":[{"id":15399,"url":"http:\/\/www.letourismeaparis.fr\/index.php\/2014\/07\/03\/bal-tango-argentin-mercredi-9-juillet-2014-la-mairie-du-6-eme\/","url_meta":{"origin":17101,"position":0},"title":"Bal tango argentin  mercredi 9 juillet 2014 \u00e0 la mairie du 6 \u00e8me","author":"Fabienne TM","date":"3 juillet 2014","format":false,"excerpt":"Bal tango argentin MERCREDI 9 JUILLET 2014 A l'occasion de la f\u00eate de l'ind\u00e9pendance de l'Argentine et en partenariat avec l'Ambassade de la R\u00e9publique Argentine et la Maison des Am\u00e9riques Latines. Quartier Latin Latino De 18h \u00e0 19h : initiation au tango De 19h30 \u00e0 22h : Grand bal Renseignements\u2026","rel":"","context":"Dans &quot;Danse&quot;","block_context":{"text":"Danse","link":"http:\/\/www.letourismeaparis.fr\/index.php\/category\/spectacle\/danse\/"},"img":{"alt_text":"","src":"https:\/\/i0.wp.com\/www.letourismeaparis.fr\/wp-content\/uploads\/2014\/07\/tango-212x300.jpeg?resize=350%2C200","width":350,"height":200},"classes":[]},{"id":20191,"url":"http:\/\/www.letourismeaparis.fr\/index.php\/2017\/09\/10\/parcours-des-mondes-arts-asiatiques-et-arts-premiers-du-13-au-17-septembre-au-quartier-latin\/","url_meta":{"origin":17101,"position":1},"title":"Parcours des mondes (arts asiatiques et arts premiers) du 13 au 17 septembre au quartier latin","author":"Fabienne TM","date":"10 septembre 2017","format":false,"excerpt":"Parcours\u00a0des mondes, l\u2019incontournable salon international des arts premiers et asiatiques, sera cette ann\u00e9e un rendez-vous plus m\u00e9tiss\u00e9 que jamais. Pour sa XVIe\u00a0\u00e9dition, le salon, implant\u00e9 depuis toujours au c\u0153ur de Saint-Germain-des-Pr\u00e9s conserve une programmation de caract\u00e8re. Outre les nombreuses expositions propos\u00e9es par les marchands, le salon a invit\u00e9 un pr\u00e9sident\u2026","rel":"","context":"Dans &quot;Cultures du Monde&quot;","block_context":{"text":"Cultures du Monde","link":"http:\/\/www.letourismeaparis.fr\/index.php\/category\/culture\/musees-expositions\/cultures-du-monde\/"},"img":{"alt_text":"","src":"","width":0,"height":0},"classes":[]},{"id":7800,"url":"http:\/\/www.letourismeaparis.fr\/index.php\/2010\/06\/13\/sport-en-plein-air-gymnastique-suedoise-et-badminton-dans-le-2-eme-gratuit\/","url_meta":{"origin":17101,"position":2},"title":"Sport en plein air : gymnastique su\u00e9doise et Badminton dans le 2 \u00e8me, gratuit !","author":"Fabienne TM","date":"13 juin 2010","format":false,"excerpt":"Sport en plein air : gymnastique su\u00e9doise\u00a0 et Badminton dans le 2 \u00e8me, gratuit ! cours de gymnastique su\u00e9doise :\u00a0 Place des Petits P\u00e8res les lundis et mercredis des mois de juin et juillet 2010 De 19h \u00e0 21h Venir avec une paire de baskets et un tapis de sol.\u2026","rel":"","context":"Dans &quot;Non class\u00e9&quot;","block_context":{"text":"Non class\u00e9","link":"http:\/\/www.letourismeaparis.fr\/index.php\/category\/non-classe\/"},"img":{"alt_text":"","src":"https:\/\/i0.wp.com\/www.letourismeaparis.fr\/wp-content\/uploads\/2010\/06\/gym.jpg?resize=350%2C200","width":350,"height":200},"classes":[]},{"id":13047,"url":"http:\/\/www.letourismeaparis.fr\/index.php\/2013\/03\/21\/nocturne-miromesnil-les-galeries-dart-vous-invitent-de-18h-a-22-h-jeudi-21-mars-2013\/","url_meta":{"origin":17101,"position":3},"title":"Nocturne Miromesnil: les Galeries d&#039;art vous invitent de 18h \u00e0 22 h, jeudi 21 Mars 2013","author":"Fabienne TM","date":"21 mars 2013","format":false,"excerpt":"Amateurs et collectionneurs sont invit\u00e9s \u00e0 errer dans les rues de Miromesnil, Penthi\u00e8vre et Avenue de Messine, Paris 8e . Les galeristes proposeront des expositions tr\u00e8s vari\u00e9es qui marqueront le dynamisme et la grande diversit\u00e9 du quartier de Miromesnil. Arno, Bezancon, Blek le Rat, Brothers, Bernard Buffet, Chanoir, Chasse-pot, Cottavoz,\u2026","rel":"","context":"Dans &quot;Non class\u00e9&quot;","block_context":{"text":"Non class\u00e9","link":"http:\/\/www.letourismeaparis.fr\/index.php\/category\/non-classe\/"},"img":{"alt_text":"","src":"https:\/\/i0.wp.com\/www.letourismeaparis.fr\/wp-content\/uploads\/2013\/03\/art-miromesnil-300x300.jpg?resize=350%2C200","width":350,"height":200},"classes":[]},{"id":2501,"url":"http:\/\/www.letourismeaparis.fr\/index.php\/2009\/04\/02\/festival-bresil-a-la-mairie-du-douzieme-arrondissement-du-2-au-10-avril\/","url_meta":{"origin":17101,"position":4},"title":"Festival Br\u00e9sil  \u00e0 la mairie du douzi\u00e8me arrondissement du 2 au 10 avril","author":"Fabienne TM","date":"2 avril 2009","format":false,"excerpt":"Festival organis\u00e9 par l'association Mandioca Jeudi 2 avril (18h\u201322h) Remise des prix du concours photographique \u00abLe Br\u00e9sil \u00e0 Paris, les Br\u00e9siliens de Paris \u00bbConcert de Choro par le groupe Tamandua Concert de Samba et Pagode par l\u2019ensemble Roda do Cavaco Samedi 4 avril (15h-18h) Entr\u00e9e libre, venez passer une apr\u00e8s-midi\u2026","rel":"","context":"Dans &quot;Non class\u00e9&quot;","block_context":{"text":"Non class\u00e9","link":"http:\/\/www.letourismeaparis.fr\/index.php\/category\/non-classe\/"},"img":{"alt_text":"","src":"","width":0,"height":0},"classes":[]},{"id":11743,"url":"http:\/\/www.letourismeaparis.fr\/index.php\/2012\/06\/12\/grande-fete-du-quartier-provence-opera-le-14-juin\/","url_meta":{"origin":17101,"position":5},"title":"Grande f\u00eate du quartier Provence-Op\u00e9ra ! le 14 juin","author":"Fabienne TM","date":"12 juin 2012","format":false,"excerpt":"Grande f\u00eate du quartier Provence-Op\u00e9ra ! Le Quartier Provence-Op\u00e9ra vous donne rendez-vous jeudi 14 juin 2012\u00a0 \u00e0 partir de 19h, rue Joubert pour son traditionnel pique-nique avec animation musicale (chacun am\u00e8ne son panier). Familles, amis : venez nombreux ! Au programme de cette soir\u00e9e de convivialit\u00e9 : un repas de\u2026","rel":"","context":"Dans &quot;Non class\u00e9&quot;","block_context":{"text":"Non class\u00e9","link":"http:\/\/www.letourismeaparis.fr\/index.php\/category\/non-classe\/"},"img":{"alt_text":"","src":"","width":0,"height":0},"classes":[]}],"jetpack_sharing_enabled":true,"jetpack_likes_enabled":true,"_links":{"self":[{"href":"http:\/\/www.letourismeaparis.fr\/index.php\/wp-json\/wp\/v2\/posts\/17101","targetHints":{"allow":["GET"]}}],"collection":[{"href":"http:\/\/www.letourismeaparis.fr\/index.php\/wp-json\/wp\/v2\/posts"}],"about":[{"href":"http:\/\/www.letourismeaparis.fr\/index.php\/wp-json\/wp\/v2\/types\/post"}],"author":[{"embeddable":true,"href":"http:\/\/www.letourismeaparis.fr\/index.php\/wp-json\/wp\/v2\/users\/2"}],"replies":[{"embeddable":true,"href":"http:\/\/www.letourismeaparis.fr\/index.php\/wp-json\/wp\/v2\/comments?post=17101"}],"version-history":[{"count":0,"href":"http:\/\/www.letourismeaparis.fr\/index.php\/wp-json\/wp\/v2\/posts\/17101\/revisions"}],"wp:attachment":[{"href":"http:\/\/www.letourismeaparis.fr\/index.php\/wp-json\/wp\/v2\/media?parent=17101"}],"wp:term":[{"taxonomy":"category","embeddable":true,"href":"http:\/\/www.letourismeaparis.fr\/index.php\/wp-json\/wp\/v2\/categories?post=17101"},{"taxonomy":"post_tag","embeddable":true,"href":"http:\/\/www.letourismeaparis.fr\/index.php\/wp-json\/wp\/v2\/tags?post=17101"}],"curies":[{"name":"wp","href":"https:\/\/api.w.org\/{rel}","templated":true}]}}