{"id":17111,"date":"2015-09-17T16:20:51","date_gmt":"2015-09-17T16:20:51","guid":{"rendered":"http:\/\/www.letourismeaparis.fr\/?p=17111"},"modified":"2015-09-17T16:20:51","modified_gmt":"2015-09-17T16:20:51","slug":"inventer-lautomobile-fernand-forest-et-les-constructeurs-de-la-boucle-de-seine-au-mus","status":"publish","type":"post","link":"http:\/\/www.letourismeaparis.fr\/index.php\/2015\/09\/17\/inventer-lautomobile-fernand-forest-et-les-constructeurs-de-la-boucle-de-seine-au-mus\/","title":{"rendered":"&quot;Inventer l\u2019automobile, Fernand Forest et les constructeurs de la boucle de Seine&quot;  au MUS"},"content":{"rendered":"<p>Inventer l\u2019automobile, Fernand Forest et les constructeurs de la boucle de Seine La nouvelle exposition du Mus\u00e9e d\u2019Histoire Urbaine et Sociale de Suresnes (MUS) met \u00e0 l\u2019honneur un inventeur prolixe et oubli\u00e9 qui r\u00e9volutionna l\u2019automobile avec le premier moteur monobloc \u00e0 quatre cylindres et quatre temps\u00a0:Fernand Forest (1851- 1914).<a href=\"http:\/\/www.letourismeaparis.fr\/wp-content\/uploads\/2015\/09\/suresnes.jpg\"><img loading=\"lazy\" decoding=\"async\" class=\"aligncenter size-full wp-image-17113\" src=\"http:\/\/www.letourismeaparis.fr\/wp-content\/uploads\/2015\/09\/suresnes.jpg\" alt=\"suresnes\" width=\"159\" height=\"237\" \/><\/a><br \/>\n. Fernand Forest a livr\u00e9 des dizaines d\u2019innovations dans des domaines tr\u00e8s vari\u00e9s comme l\u2019a\u00e9ronautique, le nautisme, le cyclisme et m\u00eame les submersibles, mais sa carri\u00e8re fut cependant essentiellement consacr\u00e9e \u00e0 l\u2019invention de l\u2019automobile moderne. il a r\u00e9ussi \u00e0 mettre au point: le premier moteur monobloc \u00e0 quatre cylindres et quatre temps.<!--more--><br \/>\nCe syst\u00e8me r\u00e9volutionnaire est aujourd\u2019hui utilis\u00e9 dans la plupart de nos v\u00e9hicules. Organis\u00e9e en quatre s\u00e9quences l\u2019exposition se consacrera d\u2019abord \u00e0 l\u2019homme et \u00e0 l\u2019inventeur en proposant notamment une reconstitution de son atelier. L\u2019exposition, , consacrera sa derni\u00e8re s\u00e9quence \u00e0 l\u2019essor, \u00e0 la fin du 19e et au d\u00e9but du 20e si\u00e8cle, de l\u2019industrie automobile de la boucle de la Seine. Renault, mais aussi De Dion Bouton, Darracq, Le Z\u00e8bre : les plus grands noms de l\u2019industrie automobile fran\u00e7aise eurent ainsi leurs usines sur l\u2019actuel territoire des Hauts-de-Seine et firent \u00e9voluer l\u2019automobile vers une production de masse.<br \/>\n. A PARTIR DU 17 SEPTEMBRE 1 PLACE DE LA GARE DE SURESNES LONGCHAMP<\/p>\n","protected":false},"excerpt":{"rendered":"<p>Inventer l\u2019automobile, Fernand Forest et les constructeurs de la boucle de Seine La nouvelle exposition du Mus\u00e9e d\u2019Histoire Urbaine et Sociale de Suresnes (MUS) met \u00e0 l\u2019honneur un inventeur prolixe et oubli\u00e9 qui r\u00e9volutionna l\u2019automobile avec le premier moteur monobloc&#8230;<\/p>\n","protected":false},"author":2,"featured_media":0,"comment_status":"open","ping_status":"open","sticky":false,"template":"","format":"standard","meta":{"ngg_post_thumbnail":0,"jetpack_post_was_ever_published":false,"_jetpack_newsletter_access":"","footnotes":""},"categories":[7,27],"tags":[],"class_list":["post-17111","post","type-post","status-publish","format-standard","hentry","category-automobiles","category-musees-expositions"],"jetpack_featured_media_url":"","jetpack-related-posts":[{"id":16194,"url":"http:\/\/www.letourismeaparis.fr\/index.php\/2015\/01\/26\/retromobile-du-4-au-8-fevrier-2015-paris-expo-porte-de-versailles\/","url_meta":{"origin":17111,"position":0},"title":"R\u00c9TROMOBILE DU 4 AU 8 F\u00c9VRIER 2015 \u00c0 PARIS EXPO PORTE DE VERSAILLES","author":"Fabienne TM","date":"26 janvier 2015","format":false,"excerpt":"\u00a0 La grande nef du pavillon 1 abritera des tr\u00e9sors automobiles pour le plus grand bonheur des 100\u00a0000 hommes et femmes attendus du monde entier. L\u2019in\u00e9dit, l\u2019extraordinaire et l\u2019inattendu se disputeront la vedette, mais c\u2019est la passion qui sera le d\u00e9nominateur commun de cette 40\u00e8me\u00a0\u00e9dition. En ces temps moroses, venez\u2026","rel":"","context":"Dans &quot;Automobiles&quot;","block_context":{"text":"Automobiles","link":"http:\/\/www.letourismeaparis.fr\/index.php\/category\/culture\/musees-expositions\/automobiles\/"},"img":{"alt_text":"","src":"","width":0,"height":0},"classes":[]},{"id":19365,"url":"http:\/\/www.letourismeaparis.fr\/index.php\/2017\/01\/17\/lexposition-concept-cars-et-design-automobile-aux-invalides\/","url_meta":{"origin":17111,"position":1},"title":"L\u2019exposition Concept-Cars et Design Automobile   aux Invalides","author":"Fabienne TM","date":"17 janvier 2017","format":false,"excerpt":"\u00ab\u00a0L\u2019exposition Concept-Cars et Design Automobile\u00a0:\u00a0 L\u2019exposition ouvre ses portes le\u00a01er\u00a0f\u00e9vrier\u00a0pour une matin\u00e9e de pr\u00e9sentation \u00e0 la presse et d\u2019inauguration de l\u2019exposition, puis restera ouverte au public jusqu\u2019au\u00a05 f\u00e9vrier au soir. L\u2019EXPOSITION de CONCEPT CARS,\u00a0la Fashion Week de l\u2019Automobile Voil\u00e0 comment cette exposition est r\u00e9guli\u00e8rement nomm\u00e9e par les visiteurs qui profitent,\u2026","rel":"","context":"Dans &quot;Automobiles&quot;","block_context":{"text":"Automobiles","link":"http:\/\/www.letourismeaparis.fr\/index.php\/category\/culture\/musees-expositions\/automobiles\/"},"img":{"alt_text":"","src":"https:\/\/i0.wp.com\/www.letourismeaparis.fr\/wp-content\/uploads\/2017\/01\/239595-exposition-concept-cars-et-design-automobile-2017-aux-invalides-1-232x300.jpg?resize=350%2C200","width":350,"height":200},"classes":[]},{"id":8799,"url":"http:\/\/www.letourismeaparis.fr\/index.php\/2010\/10\/09\/le-mondial-de-lautomobile-et-ses-animations\/","url_meta":{"origin":17111,"position":2},"title":"Le mondial de l&#039;automobile et ses animations","author":"Fabienne TM","date":"9 octobre 2010","format":false,"excerpt":"Les animations : Centre d\u2019essais voitures \u00e9lectriques \u2013 EDF \u2013 Pavillon 2.1 Pavillon des Nouvelles Energies \u2013 Pavillon 2.1\u00a0 La mise en place de ce nouveau pavillon sp\u00e9cifique sur le th\u00e8me des \u00ab Nouvelles Energies \u00bb r\u00e9unit \u00e0 c\u00f4t\u00e9 des constructeurs et avec le soutien du Minist\u00e8re de l\u2019Ecologie, tous\u2026","rel":"","context":"Dans &quot;Non class\u00e9&quot;","block_context":{"text":"Non class\u00e9","link":"http:\/\/www.letourismeaparis.fr\/index.php\/category\/non-classe\/"},"img":{"alt_text":"","src":"","width":0,"height":0},"classes":[]},{"id":9426,"url":"http:\/\/www.letourismeaparis.fr\/index.php\/2011\/01\/23\/exposition-concept-cars-aux-invalides-du-28-au-30-janvier-2011\/","url_meta":{"origin":17111,"position":3},"title":"Exposition Concept Cars  aux Invalides du 28 au 30 janvier 2011,","author":"Fabienne TM","date":"23 janvier 2011","format":false,"excerpt":"Un rendez-vous incontournable du design automobile mondial, o\u00f9 les constructeurs d\u00e9voilent leurs derni\u00e8res cr\u00e9ations . Elabor\u00e9s par les constructeurs eux-m\u00eames ou par des cr\u00e9ateurs ind\u00e9pendants, les concept cars renvoient de leurs concepteurs des images d\u2019innovation et de progr\u00e8s. Du 28 au 30 janvier 2011 H\u00f4tel national des Invalides Entr\u00e9e situ\u00e9e\u2026","rel":"","context":"Dans &quot;Non class\u00e9&quot;","block_context":{"text":"Non class\u00e9","link":"http:\/\/www.letourismeaparis.fr\/index.php\/category\/non-classe\/"},"img":{"alt_text":"","src":"","width":0,"height":0},"classes":[]},{"id":11410,"url":"http:\/\/www.letourismeaparis.fr\/index.php\/2012\/01\/25\/concept-cars-aux-invalides-du-26-au-29-janvier\/","url_meta":{"origin":17111,"position":4},"title":"\u00ab Concept Cars \u00bb aux Invalides du 26 au 29 janvier","author":"Fabienne TM","date":"25 janvier 2012","format":false,"excerpt":"L\u2019H\u00f4tel des Invalides accueille un \u00e9v\u00e9nement artistique totalement d\u00e9di\u00e9 \u00e0 la beaut\u00e9 et au design automobile. Le 27e Festival Automobile International - rendez-vous international de l\u2019art et du design auto - s\u2019ouvrira au public du 26 au 29 janvier 2012, avec l\u2019exposition \u00ab Concept Cars \u00bb aux Invalides. \u00c9lection de\u2026","rel":"","context":"Dans &quot;Non class\u00e9&quot;","block_context":{"text":"Non class\u00e9","link":"http:\/\/www.letourismeaparis.fr\/index.php\/category\/non-classe\/"},"img":{"alt_text":"","src":"","width":0,"height":0},"classes":[]},{"id":12695,"url":"http:\/\/www.letourismeaparis.fr\/index.php\/2013\/02\/03\/vente-aux-encheres-bonhams-un-siecle-de-genie-automobile-francais-les-6-et-7-fevrier-2013\/","url_meta":{"origin":17111,"position":5},"title":"VENTE AUX ENCH\u00c8RES BONHAMS  :  Un si\u00e8cle de g\u00e9nie automobile fran\u00e7ais  les 6  et 7 f\u00e9vrier 2013","author":"Fabienne TM","date":"3 f\u00e9vrier 2013","format":false,"excerpt":"VENTE AUX ENCH\u00c8RES BONHAMS\u00a0 Un si\u00e8cle de g\u00e9nie automobile fran\u00e7ais 6 7 f\u00e9vrier 2013 La\u00a0 maison de ventes aux ench\u00e8res anglaise Bonhams revient au Grand Palais, haut-lieu de l histoire des v\u00e9hicules \u00e0 deux et quatre roues.\u00a0 le Grand Palais devient le th\u00e9\u00e2tre d une exposition c\u00e9l\u00e9brant le g\u00e9nie automobile\u2026","rel":"","context":"Dans &quot;Non class\u00e9&quot;","block_context":{"text":"Non class\u00e9","link":"http:\/\/www.letourismeaparis.fr\/index.php\/category\/non-classe\/"},"img":{"alt_text":"","src":"https:\/\/i0.wp.com\/www.letourismeaparis.fr\/wp-content\/uploads\/2013\/01\/bonhams-l1-258x300.jpg?resize=350%2C200","width":350,"height":200},"classes":[]}],"jetpack_sharing_enabled":true,"jetpack_likes_enabled":true,"_links":{"self":[{"href":"http:\/\/www.letourismeaparis.fr\/index.php\/wp-json\/wp\/v2\/posts\/17111","targetHints":{"allow":["GET"]}}],"collection":[{"href":"http:\/\/www.letourismeaparis.fr\/index.php\/wp-json\/wp\/v2\/posts"}],"about":[{"href":"http:\/\/www.letourismeaparis.fr\/index.php\/wp-json\/wp\/v2\/types\/post"}],"author":[{"embeddable":true,"href":"http:\/\/www.letourismeaparis.fr\/index.php\/wp-json\/wp\/v2\/users\/2"}],"replies":[{"embeddable":true,"href":"http:\/\/www.letourismeaparis.fr\/index.php\/wp-json\/wp\/v2\/comments?post=17111"}],"version-history":[{"count":0,"href":"http:\/\/www.letourismeaparis.fr\/index.php\/wp-json\/wp\/v2\/posts\/17111\/revisions"}],"wp:attachment":[{"href":"http:\/\/www.letourismeaparis.fr\/index.php\/wp-json\/wp\/v2\/media?parent=17111"}],"wp:term":[{"taxonomy":"category","embeddable":true,"href":"http:\/\/www.letourismeaparis.fr\/index.php\/wp-json\/wp\/v2\/categories?post=17111"},{"taxonomy":"post_tag","embeddable":true,"href":"http:\/\/www.letourismeaparis.fr\/index.php\/wp-json\/wp\/v2\/tags?post=17111"}],"curies":[{"name":"wp","href":"https:\/\/api.w.org\/{rel}","templated":true}]}}