{"id":17125,"date":"2015-09-26T10:54:14","date_gmt":"2015-09-26T10:54:14","guid":{"rendered":"http:\/\/www.letourismeaparis.fr\/?p=17125"},"modified":"2015-09-26T10:54:14","modified_gmt":"2015-09-26T10:54:14","slug":"paris-sans-voiture-dimanche-27-septembre","status":"publish","type":"post","link":"http:\/\/www.letourismeaparis.fr\/index.php\/2015\/09\/26\/paris-sans-voiture-dimanche-27-septembre\/","title":{"rendered":"Paris sans voiture dimanche 27 septembre"},"content":{"rendered":"<h2 id=\"les-secteurs-concernes_4\" class=\"anchor\"><b>Le 27 septembre, de 11h \u00e0 18h<\/b>, les Parisiens sont invit\u00e9s \u00e0 limiter leurs d\u00e9placements en voiture pour pouvoir profiter le temps d&rsquo;une journ\u00e9e, d&rsquo;une ville plus calme et plus respirable.<\/h2>\n<p><!--more--><\/p>\n<h3><b>Les secteurs ferm\u00e9s \u00e0 la circulation<\/b><\/h3>\n<p class=\"\">Le p\u00e9rim\u00e8tre concerne les arrondissements centraux de la capitale (1er, 2e, 3e et 4e), une partie de la rive gauche, entre les ponts Sully et Concorde, le long du boulevard Saint-Germain, ainsi que le canal Saint-Martin, la place de la R\u00e9publique, la place Stalingrad, la place du Colonel-Fabien et celle de la Bastille.<\/p>\n<p class=\"\">Les autres secteurs comprennent l\u2019avenue des Champs-Elys\u00e9es, entre la place de la Concorde et le m\u00e9tro George V, la zone de la Tour Eiffel, et une grande partie du Bois de Boulogne et du Bois de Vincennes.<\/p>\n<h4 class=\"\"><b>P\u00e9rim\u00e8tre central (1er, 2e, 3e, 4e, 5e, 6e, 7e, 10e et 11e arrondissements)<\/b><\/h4>\n<p>Place de la \u00a0Concorde, rue Royale, boulevard de la Madeleine, boulevard des Capucines, boulevard des Italiens, boulevard Montmartre, boulevard Poissonni\u00e8re, boulevard de Bonne Nouvelle, boulevard Saint-Denis, boulevard Saint-Martin, place de la R\u00e9publique entre le boulevard Saint-Martin et le boulevard Magenta, boulevard Magenta, rue Lucien Sampaix, rue des Recollets, rue du Faubourg Saint-Martin, avenue de Verdun, rue du Faubourg Saint-Martin, rue du Terrage, rue Robert Blache, rue Emile Varlin, rue du Faubourg Saint-Martin, rue La Fayette, quai de Jemmapes, rue Louis Blanc, place du Colonel Fabien, rue de la Grange aux Belles, rue Bichat, avenue Richerand, quai de Valmy, boulevard Jules Ferry, boulevard Richard Lenoir, boulevard Voltaire, place L\u00e9on Blum, rue de la Roquette, avenue Ledru Rollin, rue du Faubourg Saint-Antoine, place de la Bastille, boulevard Henri IV, pont de Sully, boulevard Saint-Germain, pont de la Concorde.<br \/>\nL\u2019interdiction de circulation ne s\u2019applique pas aux voies pr\u00e9cit\u00e9es d\u00e9limitant le p\u00e9rim\u00e8tre ci-dessus.<b><br \/>\n<\/b><\/p>\n<h4><b>P\u00e9rim\u00e8tre des Champs Elys\u00e9es (8e arrondissement)<\/b><\/h4>\n<p>Place de la Concorde, cours de la Reine, place du Canada, rue Fran\u00e7ois 1er, avenue George V, rue Washington, boulevard Haussmann, rue du Faubourg Saint-Honor\u00e9, rue de Berri, rue de Ponthieux et avenue Gabriel.<br \/>\nL\u2019interdiction de circulation ne s\u2019applique pas aux voies pr\u00e9cit\u00e9es d\u00e9limitant le p\u00e9rim\u00e8tre ci-dessus.<b><br \/>\n<\/b><\/p>\n<h4><b>P\u00e9rim\u00e8tre de la Tour Eiffel (7e arrondissement)<\/b><\/h4>\n<p>Quai Branly, avenue de La Bourdonnais, avenue de la Motte Piquet, avenue de Suffren.<br \/>\nL\u2019interdiction de circulation ne s\u2019applique pas aux voies pr\u00e9cit\u00e9es d\u00e9limitant le p\u00e9rim\u00e8tre ci-dessus.<b><br \/>\n<\/b><\/p>\n<h4><b>P\u00e9rim\u00e8tre du Bois de Boulogne (16e arrondissement)<\/b><\/h4>\n<p>Place de la porte Maillot, boulevard de l\u2019Amiral Bruix, place du Mar\u00e9chal de Lattre de Tassigny, boulevard Lannes, place de Colombie, boulevard Suchet, place de la Porte de Passy, boulevard Suchet, place de la Porte d\u2019Auteuil, avenue de la Porte d\u2019Auteuil, carrefour des Anciens Combattants, boulevard Anatole France, all\u00e9e du bord de l\u2019Eau, boulevard Richard Wallace, boulevard du Commandant Charcot, boulevard Maurice Barr\u00e8s et boulevard Maillot.<br \/>\nL\u2019interdiction de circulation ne s\u2019applique pas aux voies pr\u00e9cit\u00e9es d\u00e9limitant le p\u00e9rim\u00e8tre ci-dessus, \u00e0 l\u2019exception de l\u2019all\u00e9e du Bord de l\u2019Eau. L\u2019interdiction de circulation ne s\u2019applique pas all\u00e9e de Longchamp et route de Suresnes. La vitesse maximale autoris\u00e9e pour les v\u00e9hicules circulant sur ces deux voies est limit\u00e9e \u00e0 30 km\/h pendant les horaires fix\u00e9s.<b><br \/>\n<\/b><\/p>\n<h4><b>P\u00e9rim\u00e8tre du Bois de Vincennes (12e arrondissement)<\/b><\/h4>\n<p>Route des Fortifications, avenue Charles de Foucaud, avenue Daumesnil, chaussee de l\u2019Etang, route de l\u2019Etang, rue de la Tournelle, avenue des Minimes, espla- nade Saint-Louis, cours des Mar\u00e9chaux, cours Marigny, avenue Foch, route du Grand Mar\u00e9chal, avenue de la Dame Blanche, avenue de la Belle Gabrielle, avenue du Tremblay, avenue Jean Jaur\u00e8s, avenue des Canadiens, avenue de la Gravelle et avenue de la Porte de Charenton.<\/p>\n","protected":false},"excerpt":{"rendered":"<p>Le 27 septembre, de 11h \u00e0 18h, les Parisiens sont invit\u00e9s \u00e0 limiter leurs d\u00e9placements en voiture pour pouvoir profiter le temps d&rsquo;une journ\u00e9e, d&rsquo;une ville plus calme et plus respirable.<\/p>\n","protected":false},"author":2,"featured_media":0,"comment_status":"open","ping_status":"open","sticky":false,"template":"","format":"standard","meta":{"ngg_post_thumbnail":0,"jetpack_post_was_ever_published":false,"_jetpack_newsletter_access":"","footnotes":""},"categories":[28],"tags":[],"class_list":["post-17125","post","type-post","status-publish","format-standard","hentry","category-familles"],"jetpack_featured_media_url":"","jetpack-related-posts":[{"id":12413,"url":"http:\/\/www.letourismeaparis.fr\/index.php\/2012\/12\/27\/maneges-de-noel-gratuits-a-paris-jusquau-1er-janvier\/","url_meta":{"origin":17125,"position":0},"title":"Man\u00e8ges de No\u00ebl gratuits \u00e0 Paris jusqu&#039;au 1er  janvier","author":"Fabienne TM","date":"27 d\u00e9cembre 2012","format":false,"excerpt":"Ttous les jours de 10h \u00e0 19h. 3e arrondissement - Square du Temple, M\u00e9tro Temple 4e arrondissement - Place de l\u2019H\u00f4tel de ville : 1 man\u00e8ge c\u00f4t\u00e9 rue de Rivoli, 1 man\u00e8ge c\u00f4t\u00e9 Seine, M\u00e9tro H\u00f4tel de Ville 5e arrondissement - Bordure square Saint M\u00e9dard, M\u00e9tro Censier-Daubenton 6e arrondissement -\u2026","rel":"","context":"Dans &quot;Non class\u00e9&quot;","block_context":{"text":"Non class\u00e9","link":"http:\/\/www.letourismeaparis.fr\/index.php\/category\/non-classe\/"},"img":{"alt_text":"","src":"","width":0,"height":0},"classes":[]},{"id":9190,"url":"http:\/\/www.letourismeaparis.fr\/index.php\/2011\/01\/02\/carrousels-et-chevaux-de-bois-pour-noel-maneges-gratuits-a-paris\/","url_meta":{"origin":17125,"position":1},"title":"Carrousels et chevaux de bois  : man\u00e8ges gratuits \u00e0 Paris","author":"Fabienne TM","date":"2 janvier 2011","format":false,"excerpt":"jusqu' au 2 janvier de 10h \u00e0 19h 3e arrondissement - Square du Temple, M\u00e9tro Temple 4e arrondissement - Place de l\u2019H\u00f4tel de ville : 1 man\u00e8ge c\u00f4t\u00e9 rue de Rivoli, 1 man\u00e8ge c\u00f4t\u00e9 Seine, M\u00e9tro H\u00f4tel de Ville 5e arrondissement - Bordure square Saint M\u00e9dard, M\u00e9tro Censier-Daubenton 6e arrondissement\u2026","rel":"","context":"Dans &quot;Non class\u00e9&quot;","block_context":{"text":"Non class\u00e9","link":"http:\/\/www.letourismeaparis.fr\/index.php\/category\/non-classe\/"},"img":{"alt_text":"","src":"","width":0,"height":0},"classes":[]},{"id":1120,"url":"http:\/\/www.letourismeaparis.fr\/index.php\/2008\/12\/25\/tournez-maneges\/","url_meta":{"origin":17125,"position":2},"title":"Tournez man\u00e8ges &#8230;.","author":"Fabienne TM","date":"25 d\u00e9cembre 2008","format":false,"excerpt":"gratuit 3e arrondissement Square du Temple 4e arrondissement\u00a0 Place de l'H\u00f4tel de ville 5e arrondissement Bordure square Saint M\u00e9dard 6e arrondissement Place de l\u2019Od\u00e9on 7e arrondissement Place Joffre 8e arr\u00a0 Place de la Madeleine (derri\u00e8re l'\u00e9glise de la Madeleine ) Place de la Concorde M\u00e9tro Concorde 9e arrondissement Place Lino\u2026","rel":"","context":"Dans &quot;Non class\u00e9&quot;","block_context":{"text":"Non class\u00e9","link":"http:\/\/www.letourismeaparis.fr\/index.php\/category\/non-classe\/"},"img":{"alt_text":"","src":"","width":0,"height":0},"classes":[]},{"id":855,"url":"http:\/\/www.letourismeaparis.fr\/index.php\/2008\/12\/18\/les-maneges-gratuits-dans-paris-du-2012-au-0401-de-10h-a-19-h\/","url_meta":{"origin":17125,"position":3},"title":"Les man\u00e8ges gratuits dans Paris du 20\/12 au 04\/01 de 10h \u00e0 19 h","author":"Fabienne TM","date":"18 d\u00e9cembre 2008","format":false,"excerpt":"3e arrondissement Square du Temple 4e arrondissement\u00a0 Place de l'H\u00f4tel de ville 5e arrondissement Bordure square Saint M\u00e9dard 6e arrondissement Place de l\u2019Od\u00e9on 7e arrondissement Place Joffre 8e arr\u00a0 Place de la Madeleine (derri\u00e8re l'\u00e9glise de la Madeleine ) Place de la Concorde M\u00e9tro Concorde 9e arrondissement Place Lino Ventura\u2026","rel":"","context":"Dans &quot;Non class\u00e9&quot;","block_context":{"text":"Non class\u00e9","link":"http:\/\/www.letourismeaparis.fr\/index.php\/category\/non-classe\/"},"img":{"alt_text":"","src":"","width":0,"height":0},"classes":[]},{"id":12351,"url":"http:\/\/www.letourismeaparis.fr\/index.php\/2012\/12\/28\/maneges-gratuits-du-22-decembre-2012-au-1er-janvier-2013-tous-les-jours-de-10h-a-19h\/","url_meta":{"origin":17125,"position":4},"title":"Man\u00e8ges gratuits du 22 d\u00e9cembre 2012 au 1er janvier 2013, tous les jours de 10h \u00e0 19h.","author":"Fabienne TM","date":"28 d\u00e9cembre 2012","format":false,"excerpt":"Man\u00e8ges gratuits du 22 d\u00e9cembre 2012 au 1er janvier 2013, tous les jours de 10h \u00e0 19h. 3e arrondissement - Square du Temple, M\u00e9tro Temple 4e arrondissement - Place de l\u2019H\u00f4tel de ville : 1 man\u00e8ge c\u00f4t\u00e9 rue de Rivoli, 1 man\u00e8ge c\u00f4t\u00e9 Seine, M\u00e9tro H\u00f4tel de Ville 5e arrondissement\u2026","rel":"","context":"Dans &quot;Non class\u00e9&quot;","block_context":{"text":"Non class\u00e9","link":"http:\/\/www.letourismeaparis.fr\/index.php\/category\/non-classe\/"},"img":{"alt_text":"","src":"","width":0,"height":0},"classes":[]},{"id":3506,"url":"http:\/\/www.letourismeaparis.fr\/index.php\/2009\/08\/25\/pour-les-seniors-des-randonnees-des-promenades-cet-ete-a-paris\/","url_meta":{"origin":17125,"position":5},"title":"Pour les Seniors, des randonn\u00e9es, des promenades, &#8230;, cet \u00e9t\u00e9 \u00e0 Paris","author":"Fabienne TM","date":"25 ao\u00fbt 2009","format":false,"excerpt":"De juillet \u00e0 septembre, - Le S\u00e9nat (6e)- L\u2019H\u00f4tel de Ville (4e)- Le Mus\u00e9e de la Poste (Si le facteur m\u2019\u00e9tait cont\u00e9) (15e) - L\u2019Institut de Pal\u00e9ontologie humaine (12e)- D\u2019une rive \u00e0 l\u2019autre : la passerelle Simone de Beauvoir (12e - 13e)- Le quartier Montorgueil (2e)- Les passages couverts :\u2026","rel":"","context":"Dans &quot;Non class\u00e9&quot;","block_context":{"text":"Non class\u00e9","link":"http:\/\/www.letourismeaparis.fr\/index.php\/category\/non-classe\/"},"img":{"alt_text":"","src":"","width":0,"height":0},"classes":[]}],"jetpack_sharing_enabled":true,"jetpack_likes_enabled":true,"_links":{"self":[{"href":"http:\/\/www.letourismeaparis.fr\/index.php\/wp-json\/wp\/v2\/posts\/17125","targetHints":{"allow":["GET"]}}],"collection":[{"href":"http:\/\/www.letourismeaparis.fr\/index.php\/wp-json\/wp\/v2\/posts"}],"about":[{"href":"http:\/\/www.letourismeaparis.fr\/index.php\/wp-json\/wp\/v2\/types\/post"}],"author":[{"embeddable":true,"href":"http:\/\/www.letourismeaparis.fr\/index.php\/wp-json\/wp\/v2\/users\/2"}],"replies":[{"embeddable":true,"href":"http:\/\/www.letourismeaparis.fr\/index.php\/wp-json\/wp\/v2\/comments?post=17125"}],"version-history":[{"count":0,"href":"http:\/\/www.letourismeaparis.fr\/index.php\/wp-json\/wp\/v2\/posts\/17125\/revisions"}],"wp:attachment":[{"href":"http:\/\/www.letourismeaparis.fr\/index.php\/wp-json\/wp\/v2\/media?parent=17125"}],"wp:term":[{"taxonomy":"category","embeddable":true,"href":"http:\/\/www.letourismeaparis.fr\/index.php\/wp-json\/wp\/v2\/categories?post=17125"},{"taxonomy":"post_tag","embeddable":true,"href":"http:\/\/www.letourismeaparis.fr\/index.php\/wp-json\/wp\/v2\/tags?post=17125"}],"curies":[{"name":"wp","href":"https:\/\/api.w.org\/{rel}","templated":true}]}}