{"id":17132,"date":"2015-09-26T12:18:44","date_gmt":"2015-09-26T12:18:44","guid":{"rendered":"http:\/\/www.letourismeaparis.fr\/?p=17132"},"modified":"2015-09-26T12:18:44","modified_gmt":"2015-09-26T12:18:44","slug":"la-fete-des-jardins-ce-week-end","status":"publish","type":"post","link":"http:\/\/www.letourismeaparis.fr\/index.php\/2015\/09\/26\/la-fete-des-jardins-ce-week-end\/","title":{"rendered":"La F\u00eate des jardins ce week end."},"content":{"rendered":"<p><strong>\u00a0Le samedi 26 et le dimanche 27 septembre 2015,<\/strong><br \/>\n<strong>A Paris, la F\u00eate des Jardins est c\u00e9l\u00e9br\u00e9e en grandes pompes au Parc de Bercy. Ateliers, jeux, d\u00e9monstrations et expositions au programme\u00a0!<\/strong><br \/>\n<strong>DANS LE PARC<\/strong><br \/>\nLe village regroupe des stands tenus par les agents de la Ville de Paris. Au programme\u00a0: conseils pour demander un permis de ve\u0301ge\u0301taliser et jardiner la ville (trottoir, pied d\u2019arbre, mobilier urbain&#8230;), visites guide\u0301es, ateliers ludiques et aussi, de\u0301couvertes du keyhole (une technique innovante de potager urbain) et des animaux d\u2019e\u0301levage en ville (des poules, lapins, canards et moutons au Parc\u00a0!).<br \/>\nRandonne\u0301e de 6 km avec les Randopanameurs de la FFRandonne\u0301e Paris\u00a0: square He\u0301loi\u0308se-et-Abe\u0301lard, jardin Louis-Say, parc de Choisy, square Baudricourt (13e). Rendez-vous dimanche a\u0300 14h en face de la Cine\u0301mathe\u0300que (Jardin Yitzak Rabbin). Retour au parc de Bercy a\u0300 16h.<a href=\"http:\/\/www.letourismeaparis.fr\/wp-content\/uploads\/2015\/09\/fete_des_jardins_2015-83a7e.jpg\"><img loading=\"lazy\" decoding=\"async\" class=\"aligncenter size-medium wp-image-17133\" src=\"http:\/\/www.letourismeaparis.fr\/wp-content\/uploads\/2015\/09\/fete_des_jardins_2015-83a7e-200x300.jpg\" alt=\"fete_des_jardins_2015-83a7e\" width=\"200\" height=\"300\" \/><\/a><br \/>\nVisites guide\u0301es du parc<br \/>\nConseils horticoles<br \/>\n<strong>POUR LES ENFANTS<\/strong><!--more--><br \/>\nAtelier rempotage, reconnaissance de graines, fruits et le\u0301gumes<br \/>\nQuiz sur l\u2019agriculture urbaine et le climat, sur le re\u0300glement des espaces verts<br \/>\nAtelier peinture sur pots<br \/>\nMonter dans un arbre, retour au sol par tyrolienne\u00a0; Pont de singe. Rendez-vous pre\u0300s de l\u2019Orangerie<br \/>\n<strong>A LA MAISON DU JARDINAGE<\/strong><br \/>\nPre\u0301sentation du po\u0302le ressource jardinage urbain, du re\u0301seau des jardins partage\u0301s Main Verte et des outils mis a\u0300 disposition des parisiens pour de\u0301velopper la ve\u0301ge\u0301talisation participative<br \/>\nPre\u0301sentation du re\u0301seau des Acteurs du Paris durable et des Promus 2015<br \/>\nVisites du potager de 14h30 a\u0300 17h, pre\u0301sentation des diffe\u0301rents modes de cultures en milieu urbain\u00a0: culture en bac ou en pleine terre, culture sur butte, keyhole (technique innovante de potager urbain)&#8230;<br \/>\nQuiz \u00ab\u00a0les sauvages du potager\u00a0\u00bb<br \/>\nExposition et quiz \u00ab\u00a0ABC du jardinage bio\u00a0\u00bb<br \/>\nTable multi tactile\u00a0: touchez l\u2019e\u0301cologie urbaine du doigt\u00a0! documents, infos, jeux<br \/>\nOuverture exceptionnelle de la serre\u00a0: Visites guide\u0301es \u00ab\u00a0Climat et milieux\u00a0\u00bb toutes les heures (14h \u2013 18h, inscription sur place) \/ Visite libre dimanche (11h \u2013 14h)<br \/>\n<strong>L\u2019ORANGERIE<\/strong><br \/>\nDe\u0301monstration d\u2019art floral<br \/>\nPre\u0301sentation de la protection biologique inte\u0301gre\u0301e\u00a0: les insectes auxiliaires<br \/>\nComment cre\u0301er des toitures et murs ve\u0301ge\u0301talise\u0301s\u00a0?<br \/>\nAtelier de reconnaissance des ravageurs et des maladies des plantes<br \/>\nConseils et explications sur les re\u0301actions physiologiques des arbres face aux diverses agressions (maladies, champignons&#8230;)<br \/>\nPre\u0301sentation de l\u2019e\u0301cole Du Breuil, e\u0301cole des me\u0301tiers de l\u2019horticulture, du jardin et du paysage<br \/>\nPre\u0301sentation de ve\u0301ge\u0301talisations verticales (palettes, cageots, sacs de courses, bricks de lait&#8230;) avec des pantes comestibles<br \/>\nReconnaissance des arbres des rues et des arbres remarquables de Paris<br \/>\nReconnaissance de diffe\u0301rentes essences d\u2019arbre<br \/>\nPre\u0301sentation des cernes de croissance d\u2019un arbre<br \/>\nPre\u0301sentation de l\u2019application mobile du suivi du patrimoine arbore\u0301 parisien<br \/>\nPre\u0301sentation des premiers vergers plante\u0301s dans les e\u0301coles<br \/>\nExposition \u00ab\u00a0Carrot City\u00a0\u00bb sur les expe\u0301riences internationales d\u2019agriculture urbaine<br \/>\n<strong>LE CHAI DE BERCY<\/strong><br \/>\nExposition photographique Paris Fleurs Sauvages<br \/>\nDe\u0301couverte de 27 itine\u0301raires pour appre\u0301cier pre\u0300s de 250 espaces verts de la capitale avec la Fe\u0301de\u0301ration Franc\u0327aise de Randonne\u0301e Paris<br \/>\n<strong>A\u0300 PROXIMIT\u00c9 DE L\u2019ORANGERIE<\/strong><br \/>\nPre\u0301sentation de me\u0301tiers\u00a0: me\u0301tallier, mac\u0327on<br \/>\nRandonne\u0301e de 6 km avec les Randopanameurs de la FFRandonne\u0301e Paris\u00a0: square He\u0301loi\u0308se-et-Abe\u0301lard, jardin Louis-Say, parc de Choisy, square Baudricourt (13e). Rendez-vous dimanche a\u0300 14 h en face de la Cine\u0301mathe\u0300que (Jardin Yitzak Rabbin). Retour au parc de Bercy<br \/>\na\u0300 16 h<!--more--><br \/>\nPre\u0301sentation des techniques de fabrication de mobilier urbain, de rusticage (faux bois) et d\u2019assemblages de me\u0301tallerie<br \/>\nPre\u0301sentation du Centre Horticole de la Ville de Paris\u00a0; de\u0301monstration de bouturage et greffage\u00a0; pre\u0301sentation de plantes utilise\u0301es pour la ve\u0301ge\u0301talisation de toitures terrasses et de ve\u0301ge\u0301taux innovants<br \/>\nDe\u0301monstration de cre\u0301ation d\u2019un mur ve\u0301ge\u0301tal<br \/>\nDe\u0301monstration d\u2019habillage ve\u0301ge\u0301tal de mobiliers urbains<br \/>\nPre\u0301sentation du mate\u0301riel sylvicole et de l\u2019e\u0301quipement d\u2019un bu\u0302cheron-e\u0301lagueur<br \/>\n\u00ab\u00a0Une Ferme dans Paris\u00a0\u00bb\u00a0: poules, lapins, canards et moutons dans le parc. Atelier de\u0301couverte des animaux d\u2019e\u0301levage et de leur ro\u0302le en ville (nourrissage des animaux par le fermier samedi \u00e0 17h et dimanche \u00e0 11h et 18h)<br \/>\n<!--more--><br \/>\n,,,\/,,,<br \/>\nSamedi de 14h a\u0300 19h. Dimanche de 11h a\u0300 19h<br \/>\nhttp:\/\/quefaire.paris.fr\/programme\/84844_fete_des_jardins_2015<\/p>\n","protected":false},"excerpt":{"rendered":"<p>\u00a0Le samedi 26 et le dimanche 27 septembre 2015, A Paris, la F\u00eate des Jardins est c\u00e9l\u00e9br\u00e9e en grandes pompes au Parc de Bercy. Ateliers, jeux, d\u00e9monstrations et expositions au programme\u00a0! DANS LE PARC Le village regroupe des stands tenus&#8230;<\/p>\n","protected":false},"author":2,"featured_media":0,"comment_status":"open","ping_status":"open","sticky":false,"template":"","format":"standard","meta":{"ngg_post_thumbnail":0,"jetpack_post_was_ever_published":false,"_jetpack_newsletter_access":"","footnotes":""},"categories":[28,34],"tags":[],"class_list":["post-17132","post","type-post","status-publish","format-standard","hentry","category-familles","category-jardins"],"jetpack_featured_media_url":"","jetpack-related-posts":[{"id":19611,"url":"http:\/\/www.letourismeaparis.fr\/index.php\/2017\/03\/22\/vive-le-jardinage-dans-le-11-eme\/","url_meta":{"origin":17132,"position":0},"title":"VIVE LE JARDINAGE DANS LE 11 \u00c8ME","author":"Fabienne TM","date":"22 mars 2017","format":false,"excerpt":"\u00a0 Ev\u00e9nement d\u00e9di\u00e9 \u00e0 la v\u00e9g\u00e9talisation, Enjardinez-vous ! revient du 22 au 26 mars. D\u00e9couvrez les nombreuses animations qui vous attendent ! MERCREDI 22 MARS 14H \/ ATELIER : Construction de jardini\u00e8res avec le collectif Passage Beslay Passage Beslay \u00a0 20H \/ JEUX DE SOCI\u00c9T\u00c9 avec Robin des Jeux Testez\u2026","rel":"","context":"Dans &quot;Jardins \/ Plein air&quot;","block_context":{"text":"Jardins \/ Plein air","link":"http:\/\/www.letourismeaparis.fr\/index.php\/category\/jardins\/"},"img":{"alt_text":"","src":"https:\/\/i0.wp.com\/www.letourismeaparis.fr\/wp-content\/uploads\/2017\/03\/JJJJJ-212x300.jpeg?resize=350%2C200","width":350,"height":200},"classes":[]},{"id":18300,"url":"http:\/\/www.letourismeaparis.fr\/index.php\/2016\/08\/08\/bibliotheques-hors-les-murs-dans-plus-de-40-parcs-et-jardins-parisiens-cet-ete\/","url_meta":{"origin":17132,"position":1},"title":"Biblioth\u00e8ques Hors les Murs  dans plus de 40 parcs et jardins parisiens cet \u00e9t\u00e9.","author":"Fabienne TM","date":"8 ao\u00fbt 2016","format":false,"excerpt":"\u00a0 Juillet\/ao\u00fbt 2016 lParticipation libre et gratuite, sans inscription ;Comme chaque \u00e9t\u00e9 les biblioth\u00e8ques municipales de Paris s\u2019invitent\u00a0dans les parcs, squares et jardins pour des moments de d\u00e9tente, de lectures et\u00a0d\u2019\u00e9changes autour des livres. Chaque semaine, des biblioth\u00e9caires s\u2019installent pour quelques heures avec de grands tapis et\u00a0des chariots remplis de\u2026","rel":"","context":"Dans &quot;Familles&quot;","block_context":{"text":"Familles","link":"http:\/\/www.letourismeaparis.fr\/index.php\/category\/familles\/"},"img":{"alt_text":"","src":"https:\/\/i0.wp.com\/www.letourismeaparis.fr\/wp-content\/uploads\/2016\/06\/bh-204x300.png?resize=350%2C200","width":350,"height":200},"classes":[]},{"id":8220,"url":"http:\/\/www.letourismeaparis.fr\/index.php\/2010\/07\/30\/concerts-gratuits-dans-les-jardins-de-paris-en-ete-programme-jusquau-8-aout\/","url_meta":{"origin":17132,"position":2},"title":"Concerts gratuits dans les jardins de Paris en \u00e9t\u00e9, (programme jusqu&#039;au 8 ao\u00fbt)","author":"Fabienne TM","date":"30 juillet 2010","format":false,"excerpt":"4e arrondissement ,kiosque ,Square Jean XXIII Dimanche 1er ao\u00fbt \/ 15h-18h Beaugotha \/ Chanson fran\u00e7aise, pop-rock Vendredi 6 ao\u00fbt \/ 15h30-18h30 Remy Gauche Group \/ jazz Samedi 7 ao\u00fbt \/ 15h30-18h30 Remy Gauche Group \/ jazz Dimanche 8 ao\u00fbt \/ 15h30-18h30 Remy Gauche Group \/ jazz 7e arrondissement\u00a0 Parc du\u2026","rel":"","context":"Dans &quot;Non class\u00e9&quot;","block_context":{"text":"Non class\u00e9","link":"http:\/\/www.letourismeaparis.fr\/index.php\/category\/non-classe\/"},"img":{"alt_text":"","src":"","width":0,"height":0},"classes":[]},{"id":4325,"url":"http:\/\/www.letourismeaparis.fr\/index.php\/2009\/09\/26\/fete-des-jardins-de-paris-le-week-end-du-26-et-27-septembre\/","url_meta":{"origin":17132,"position":3},"title":"F\u00eate des Jardins de Paris  le week-end du 26 et 27 septembre","author":"Fabienne TM","date":"26 septembre 2009","format":false,"excerpt":"- Maison des oiseaux- Dans l\u2019auditorium : diaporama sonore - identification des esp\u00e8ces d\u2019oiseaux, leur r\u00f4le dans la diss\u00e9mination des graines et la r\u00e9gulation des populations d\u2019insectes ; - astuces permettant de favoriser l\u2019installation de l\u2019avifaune. - Sur la terrasse et dans le jardin : - exposition sur la diversit\u00e9\u2026","rel":"","context":"Dans &quot;Non class\u00e9&quot;","block_context":{"text":"Non class\u00e9","link":"http:\/\/www.letourismeaparis.fr\/index.php\/category\/non-classe\/"},"img":{"alt_text":"","src":"","width":0,"height":0},"classes":[]},{"id":21028,"url":"http:\/\/www.letourismeaparis.fr\/index.php\/2018\/05\/30\/kiosque-en-musique-1-ere-edition-samedi-9-juin-2018-concerts-gratuits-de-11h-18h\/","url_meta":{"origin":17132,"position":4},"title":"KIOSQUE EN MUSIQUE : 1 \u00e8re \u00e9dition samedi 9 JUIN 2018 :  Concerts gratuits de 11h \u00e0 18h","author":"Fabienne TM","date":"30 mai 2018","format":false,"excerpt":"Rendez-vous samedi 9 juin dans plusieurs jardins de la ville de Paris et venez vibrer au son d\u2019ensembles de musiciens amateurs et d\u2019orchestres \u00e0 l\u2019\u00e9cole pour la 1 \u00e8re \u00e9dition de Kiosque en Musique. \u00a0En Musique. De 11h \u00e0 18h, le samedi 9 juin une dizaine de formations amateurs (de\u2026","rel":"","context":"Dans &quot;Musique&quot;","block_context":{"text":"Musique","link":"http:\/\/www.letourismeaparis.fr\/index.php\/category\/culture\/concerts-musique\/musique\/"},"img":{"alt_text":"","src":"https:\/\/i0.wp.com\/www.letourismeaparis.fr\/wp-content\/uploads\/2018\/05\/Capture-d%C3%A2%C2%80%C2%99e%C3%8C%C2%81cran-2018-05-30-a%C3%8C%C2%80-17.52.01-239x300.png?resize=350%2C200","width":350,"height":200},"classes":[]},{"id":13133,"url":"http:\/\/www.letourismeaparis.fr\/index.php\/2013\/04\/14\/visites-des-jardins-de-paris-en-avril\/","url_meta":{"origin":17132,"position":5},"title":"Visites des jardins de Paris en Avril","author":"Fabienne TM","date":"14 avril 2013","format":false,"excerpt":"LE PARC DE BERCY D\u00e9couverte d'un parc ombrag\u00e9 d'arbres centenaires. Le potager, la roseraie, la vigne et beaucoup d'arbres et arbustes peu courants lui donnent un charme particulier. Rendez-vous: devant les pelouses du parc, place L\u00e9onard-Bernstein, face \u00e0 la cin\u00e9math\u00e8que (m\u00e9tro Bercy). PARC DE BERCY\u00a0\u00a0\u00a0 128 QUAI DE BERCY\u00a0 75012\u2026","rel":"","context":"Dans &quot;Cin\u00e9ma&quot;","block_context":{"text":"Cin\u00e9ma","link":"http:\/\/www.letourismeaparis.fr\/index.php\/category\/spectacle\/cinema\/"},"img":{"alt_text":"","src":"","width":0,"height":0},"classes":[]}],"jetpack_sharing_enabled":true,"jetpack_likes_enabled":true,"_links":{"self":[{"href":"http:\/\/www.letourismeaparis.fr\/index.php\/wp-json\/wp\/v2\/posts\/17132","targetHints":{"allow":["GET"]}}],"collection":[{"href":"http:\/\/www.letourismeaparis.fr\/index.php\/wp-json\/wp\/v2\/posts"}],"about":[{"href":"http:\/\/www.letourismeaparis.fr\/index.php\/wp-json\/wp\/v2\/types\/post"}],"author":[{"embeddable":true,"href":"http:\/\/www.letourismeaparis.fr\/index.php\/wp-json\/wp\/v2\/users\/2"}],"replies":[{"embeddable":true,"href":"http:\/\/www.letourismeaparis.fr\/index.php\/wp-json\/wp\/v2\/comments?post=17132"}],"version-history":[{"count":0,"href":"http:\/\/www.letourismeaparis.fr\/index.php\/wp-json\/wp\/v2\/posts\/17132\/revisions"}],"wp:attachment":[{"href":"http:\/\/www.letourismeaparis.fr\/index.php\/wp-json\/wp\/v2\/media?parent=17132"}],"wp:term":[{"taxonomy":"category","embeddable":true,"href":"http:\/\/www.letourismeaparis.fr\/index.php\/wp-json\/wp\/v2\/categories?post=17132"},{"taxonomy":"post_tag","embeddable":true,"href":"http:\/\/www.letourismeaparis.fr\/index.php\/wp-json\/wp\/v2\/tags?post=17132"}],"curies":[{"name":"wp","href":"https:\/\/api.w.org\/{rel}","templated":true}]}}