{"id":17140,"date":"2015-10-17T12:47:37","date_gmt":"2015-10-17T12:47:37","guid":{"rendered":"http:\/\/www.letourismeaparis.fr\/?p=17140"},"modified":"2015-10-17T12:47:37","modified_gmt":"2015-10-17T12:47:37","slug":"la-note-enchantee-mozart-gounod-offenbach-et-de-belles-chansons-au-theatre-de-nesles","status":"publish","type":"post","link":"http:\/\/www.letourismeaparis.fr\/index.php\/2015\/10\/17\/la-note-enchantee-mozart-gounod-offenbach-et-de-belles-chansons-au-theatre-de-nesles\/","title":{"rendered":"LA NOTE ENCHANTEE  ( Mozart, Gounod, Offenbach\u2026)  et de belles chansons au Th\u00e9atre de Nesles"},"content":{"rendered":"<p>Le Th\u00e9\u00e2tre de Nesle et L\u2019association Colorature pr\u00e9sentent<strong><a href=\"http:\/\/www.colorature.fr\/Main.aspx?numStructure=82417&amp;numRubrique=555773\">La note enchant\u00e9e<\/a>\u00a0<\/strong><span style=\"letter-spacing: 0.05em; line-height: 1.6875;\">Jou\u00e9 et chant\u00e9 par <\/span><strong style=\"letter-spacing: 0.05em; line-height: 1.6875;\">Diane Goni\u00e9<\/strong><span style=\"letter-spacing: 0.05em; line-height: 1.6875;\"> et <\/span><strong style=\"letter-spacing: 0.05em; line-height: 1.6875;\">Rapha\u00eble Crosnier<\/strong><br \/>\nMise en histoire\u00a0: Laurent Dubost<br \/>\nExtraits vid\u00e9o et photos\u00a0: <a href=\"http:\/\/www.colorature.fr\/Main.aspx?numStructure=82417&amp;numRubrique=555773\"><strong>La note enchant\u00e9e (<em>cliquez sur le lien<\/em>)<\/strong><\/a><!--more--><br \/>\n&nbsp;<br \/>\nConte initiatique musical con\u00e7u pour un public familial, <em>La Note Enchant\u00e9e<\/em> permet de faire d\u00e9couvrir le monde passionnant, impitoyable et sauvage de l\u2019Op\u00e9ra.<br \/>\n&nbsp;<br \/>\nL\u2019histoire nous raconte la qu\u00eate de deux amies musiciennes, une Soprano exigeante et \u00ab\u00a0sa\u00a0\u00bb Pianiste fantasque.<a href=\"http:\/\/www.letourismeaparis.fr\/wp-content\/uploads\/2015\/10\/tn.jpg\"><img loading=\"lazy\" decoding=\"async\" class=\"aligncenter size-medium wp-image-17203\" src=\"http:\/\/www.letourismeaparis.fr\/wp-content\/uploads\/2015\/10\/tn-203x300.jpg\" alt=\"tn\" width=\"203\" height=\"300\" \/><\/a><br \/>\nEnsemble elles partent chercher <em>La Note Enchant\u00e9e<\/em> qui fera de la Soprano\u2026 une Diva.<br \/>\n&nbsp;<br \/>\nLeur chemin est sem\u00e9 d\u2019aventures et d\u2019\u00e9motions\u00a0: l\u2019espoir, la joie, la peine, la peur s\u2019expriment toujours chez la Soprano par un grand air du r\u00e9pertoire\u2026 mais la Pianiste, elle, pr\u00e9f\u00e8re la chansonnette\u00a0!<br \/>\n&nbsp;<br \/>\nServi par deux excellentes musiciennes, <em>La Note Enchant\u00e9e<\/em> nous offre un moment d\u2019Op\u00e9ra que les spectateurs, capt\u00e9s par l\u2019histoire, traversent avec enchantement<!--more--><br \/>\nSpectacle d\u20191 heure destin\u00e9 \u00e0 tous publics, interpr\u00e9t\u00e9 par deux artistes (chanteuses, com\u00e9diennes, pianistes).<br \/>\n&nbsp;<br \/>\nDepuis 1997 \u00e0 Paris, L\u2019association Colorature promeut les activit\u00e9s vocales : spectacles, stages de chant et de th\u00e9\u00e2tre, formation en entreprise. Elle est agr\u00e9\u00e9e Jeunesse et Education Populaire (Minist\u00e8re Jeunesse et Sports).<br \/>\n<strong>\u00a0\u00a0\u00a0\u00a0\u00a0\u00a0\u00a0\u00a0\u00a0\u00a0\u00a0\u00a0\u00a0\u00a0\u00a0\u00a0\u00a0\u00a0\u00a0\u00a0\u00a0\u00a0\u00a0\u00a0\u00a0\u00a0\u00a0\u00a0\u00a0\u00a0\u00a0\u00a0\u00a0\u00a0\u00a0\u00a0\u00a0 th\u00e9atre de Nesles , 8, rue de Nesle Paris 75006<\/strong><br \/>\n<strong>\u00a0<\/strong><br \/>\n<strong>\u00a0<\/strong><br \/>\n<strong>\u00a0<\/strong><br \/>\n&nbsp;<\/p>\n","protected":false},"excerpt":{"rendered":"<p>Le Th\u00e9\u00e2tre de Nesle et L\u2019association Colorature pr\u00e9sententLa note enchant\u00e9e\u00a0Jou\u00e9 et chant\u00e9 par Diane Goni\u00e9 et Rapha\u00eble Crosnier Mise en histoire\u00a0: Laurent Dubost Extraits vid\u00e9o et photos\u00a0: La note enchant\u00e9e (cliquez sur le lien)<\/p>\n","protected":false},"author":2,"featured_media":0,"comment_status":"open","ping_status":"open","sticky":false,"template":"","format":"standard","meta":{"ngg_post_thumbnail":0,"jetpack_post_was_ever_published":false,"_jetpack_newsletter_access":"","footnotes":""},"categories":[39],"tags":[],"class_list":["post-17140","post","type-post","status-publish","format-standard","hentry","category-musique"],"jetpack_featured_media_url":"","jetpack-related-posts":[{"id":8044,"url":"http:\/\/www.letourismeaparis.fr\/index.php\/2010\/06\/29\/les-croisiere-enchantees-pour-petits-et-grands\/","url_meta":{"origin":17140,"position":0},"title":"Les croisi\u00e8re enchant\u00e9es &#8230;&#8230;..pour petits et grands.","author":"Fabienne TM","date":"29 juin 2010","format":false,"excerpt":"L'enchantement pour petits et grands ! Deux lutins, Lila et Philou, racontent aux enfants la grande histoire de Paris en chansons et en anecdotes. Une promenade d'une heure dans un bateau enti\u00e8rement vitr\u00e9 avec vue panoramique sur les plus beaux sites de Paris. \u00c0 15h45, les samedis et dimanches d\u2019octobre\u2026","rel":"","context":"Dans &quot;Non class\u00e9&quot;","block_context":{"text":"Non class\u00e9","link":"http:\/\/www.letourismeaparis.fr\/index.php\/category\/non-classe\/"},"img":{"alt_text":"","src":"","width":0,"height":0},"classes":[]},{"id":17412,"url":"http:\/\/www.letourismeaparis.fr\/index.php\/2015\/11\/26\/la-tombola-winter-time-2015-du-comite-du-faubourg-saint-honore-en-faveur-des-associations-les-toiles-enchantees-et-paris-aide-aux-victimes\/","url_meta":{"origin":17140,"position":1},"title":"La Tombola Winter Time 2015 du Comit\u00e9 du Faubourg Saint-Honor\u00e9 en faveur des associations \u00ab Les Toiles Enchant\u00e9es \u00bb et \u00ab Paris Aide aux Victimes \u00bb .","author":"Fabienne TM","date":"26 novembre 2015","format":false,"excerpt":"La Tombola Winter Time 2015 du Comit\u00e9 du Faubourg Saint-Honor\u00e9 en faveur des associations \u00ab Les Toiles Enchant\u00e9es \u00bb et \u00ab Paris Aide aux Victimes \u00bb . \u00a0 Traditionnellement, \u00e0 l\u2019occasion des f\u00eates de No\u00ebl, le Comit\u00e9 du Faubourg Saint-Honor\u00e9 organise chaque ann\u00e9e une prestigieuse Tombola, dont l\u2019int\u00e9gralit\u00e9 des b\u00e9n\u00e9fices\u2026","rel":"","context":"Dans &quot;Oeuvres-Caritatives&quot;","block_context":{"text":"Oeuvres-Caritatives","link":"http:\/\/www.letourismeaparis.fr\/index.php\/category\/bonnes-oeuvres\/"},"img":{"alt_text":"","src":"https:\/\/i0.wp.com\/www.letourismeaparis.fr\/wp-content\/uploads\/2015\/11\/winter-time1-300x285.jpg?resize=350%2C200","width":350,"height":200},"classes":[]},{"id":10038,"url":"http:\/\/www.letourismeaparis.fr\/index.php\/2011\/04\/08\/samedi-9-avril-le-bal-de-lafrique-enchantee-au-cabaret-sauvage\/","url_meta":{"origin":17140,"position":2},"title":"Samedi 9 avril : Le Bal de l\u2019Afrique Enchant\u00e9e au Cabaret Sauvage","author":"Fabienne TM","date":"8 avril 2011","format":false,"excerpt":"Vous allez\u00a0 dansez au son de l\u2019orchestre\u00a0 qui interpr\u00e8tera les grands tubes du r\u00e9pertoire moderne africain,. Du Highlife ghan\u00e9en \u00e0 la rumba congolaise, sans oublier l\u2019afro-beat nig\u00e9rian... Solo et Vlad, interviendront pour pr\u00e9senter ces morceaux embl\u00e9matiques . l\u2019Afrique se raconte en chansons, tous les dimanches \u00e0 17h sur France Inter\u2026","rel":"","context":"Dans &quot;Non class\u00e9&quot;","block_context":{"text":"Non class\u00e9","link":"http:\/\/www.letourismeaparis.fr\/index.php\/category\/non-classe\/"},"img":{"alt_text":"","src":"","width":0,"height":0},"classes":[]},{"id":12783,"url":"http:\/\/www.letourismeaparis.fr\/index.php\/2013\/02\/06\/musicomusee-des-concerts-familiaux-au-jardin-des-plantes-samedi-16-fevrier-samedi-8-juin\/","url_meta":{"origin":17140,"position":3},"title":"Musicomus\u00e9e  des concerts familiaux au Jardin des Plantes  (samedi 16 f\u00e9vrier, samedi 8 juin)","author":"Fabienne TM","date":"6 f\u00e9vrier 2013","format":false,"excerpt":"le Mus\u00e9um national d\u2019Histoire naturelle accueille l\u2019Orchestre National de France constitu\u00e9 en formation de musique de chambre, pour des concerts familiaux au Jardin des Plantes. Retrouvez sur sc\u00e8ne conteur et musiciens de l\u2019Orchestre National de France, accompagn\u00e9s d\u2019une projection sur grand \u00e9cran (dur\u00e9e 45 mn). Un voyage musical, po\u00e9tique et\u2026","rel":"","context":"Dans &quot;Non class\u00e9&quot;","block_context":{"text":"Non class\u00e9","link":"http:\/\/www.letourismeaparis.fr\/index.php\/category\/non-classe\/"},"img":{"alt_text":"","src":"","width":0,"height":0},"classes":[]},{"id":11740,"url":"http:\/\/www.letourismeaparis.fr\/index.php\/2012\/06\/07\/le-festival-o-4-vents-pour-les-0-11-ans-dans-des-lieux-de-patrimoine-et-dhistoire-du-4e-arrondissement-de-paris\/","url_meta":{"origin":17140,"position":4},"title":"Le festival  \u00d4 4 vents pour les 0-11 ans dans des lieux de patrimoine et d\u2019histoire du 4e arrondissement de Paris","author":"Fabienne TM","date":"7 juin 2012","format":false,"excerpt":"Tuktu, Le petit caribou (cr\u00e9ation) Compagnie Par-dessus les toits Musique, th\u00e9\u00e2tre et objets \u2022 Tout public \u00e0 partir de 2 ans 8 juin \u00e0 9h30 & 15h30 \/ 9 juin \u00e0 11h & 16h \u2022 H\u00f4tel de Beauvais jusqu'au\u00a0 au 11 juin 2012 Broderies Compagnie Arnica Th\u00e9\u00e2tre d\u2019objets \u2022 Tout\u2026","rel":"","context":"Dans &quot;Non class\u00e9&quot;","block_context":{"text":"Non class\u00e9","link":"http:\/\/www.letourismeaparis.fr\/index.php\/category\/non-classe\/"},"img":{"alt_text":"","src":"","width":0,"height":0},"classes":[]},{"id":26051,"url":"http:\/\/www.letourismeaparis.fr\/index.php\/2025\/02\/12\/contes-et-histoires-pour-les-vacances\/","url_meta":{"origin":17140,"position":5},"title":"Contes et histoires pour les vacances&#8230;.","author":"Fabienne TM","date":"12 f\u00e9vrier 2025","format":false,"excerpt":"@LeRoyaumeDesPetitsReveurs \u2022Bienvenue sur \u201cLe Royaume des Petits R\u00eaveurs\u201d ! Le Bal Enchant\u00e9 de Cendrillon | Histoires & Contes pour Enfants| Histoire pour Dormir Le Voyage de Gabriel au Royaume Lunaire | Histoires & Contes pour Enfants| Histoire pour Dormir Alice au Pays des Merveilles | Histoires & Contes pour Enfants|\u2026","rel":"","context":"Dans &quot;Bons Plans&quot;","block_context":{"text":"Bons Plans","link":"http:\/\/www.letourismeaparis.fr\/index.php\/category\/bon-plan\/"},"img":{"alt_text":"","src":"https:\/\/i0.wp.com\/www.letourismeaparis.fr\/wp-content\/uploads\/2025\/02\/Capture-decran-2025-02-12-a-14.20.28.png?resize=350%2C200","width":350,"height":200},"classes":[]}],"jetpack_sharing_enabled":true,"jetpack_likes_enabled":true,"_links":{"self":[{"href":"http:\/\/www.letourismeaparis.fr\/index.php\/wp-json\/wp\/v2\/posts\/17140","targetHints":{"allow":["GET"]}}],"collection":[{"href":"http:\/\/www.letourismeaparis.fr\/index.php\/wp-json\/wp\/v2\/posts"}],"about":[{"href":"http:\/\/www.letourismeaparis.fr\/index.php\/wp-json\/wp\/v2\/types\/post"}],"author":[{"embeddable":true,"href":"http:\/\/www.letourismeaparis.fr\/index.php\/wp-json\/wp\/v2\/users\/2"}],"replies":[{"embeddable":true,"href":"http:\/\/www.letourismeaparis.fr\/index.php\/wp-json\/wp\/v2\/comments?post=17140"}],"version-history":[{"count":0,"href":"http:\/\/www.letourismeaparis.fr\/index.php\/wp-json\/wp\/v2\/posts\/17140\/revisions"}],"wp:attachment":[{"href":"http:\/\/www.letourismeaparis.fr\/index.php\/wp-json\/wp\/v2\/media?parent=17140"}],"wp:term":[{"taxonomy":"category","embeddable":true,"href":"http:\/\/www.letourismeaparis.fr\/index.php\/wp-json\/wp\/v2\/categories?post=17140"},{"taxonomy":"post_tag","embeddable":true,"href":"http:\/\/www.letourismeaparis.fr\/index.php\/wp-json\/wp\/v2\/tags?post=17140"}],"curies":[{"name":"wp","href":"https:\/\/api.w.org\/{rel}","templated":true}]}}