{"id":17149,"date":"2015-10-19T16:22:23","date_gmt":"2015-10-19T16:22:23","guid":{"rendered":"http:\/\/www.letourismeaparis.fr\/?p=17149"},"modified":"2015-10-19T16:22:23","modified_gmt":"2015-10-19T16:22:23","slug":"un-voyage-du-jurassique-au-cretace-a-partir-du-29-septembre-au-palais-de-la-decouverte","status":"publish","type":"post","link":"http:\/\/www.letourismeaparis.fr\/index.php\/2015\/10\/19\/un-voyage-du-jurassique-au-cretace-a-partir-du-29-septembre-au-palais-de-la-decouverte\/","title":{"rendered":"Un voyage du Jurassique au Cr\u00e9tac\u00e9  &quot;les dinosaures &quot; \u00e0 partir du  29 septembre  au palais de la d\u00e9couverte"},"content":{"rendered":"<h4><em>Un voyage qui vous transporte il y a 200 millions d\u2019ann\u00e9es.<br \/>\nLa terre comme vous ne l\u2019avez jamais vue.<\/em><\/h4>\n<p>Les dinosaures suscitent une fascination constante aupr\u00e8s d\u2019un grand nombre de personnes : o\u00f9 vivaient-ils ? Que mangeaient-ils ? \u00c9taient-ils aussi \u00e9normes et f\u00e9roces qu\u2019on se l\u2019imagine ?.<a href=\"http:\/\/www.letourismeaparis.fr\/wp-content\/uploads\/2015\/09\/dinosaures-au-palais-de-la-decouverte-2.gif\"><img loading=\"lazy\" decoding=\"async\" class=\"aligncenter size-medium wp-image-17150\" src=\"http:\/\/www.letourismeaparis.fr\/wp-content\/uploads\/2015\/09\/dinosaures-au-palais-de-la-decouverte-2-215x300.gif\" alt=\"-dinosaures-au-palais-de-la-decouverte-2\" width=\"215\" height=\"300\" \/><\/a>.. L\u2019exposition\u00a0<em>l\u2019\u00e2ge des dinosaures<\/em>\u00a0fournit des r\u00e9ponses scientifiques document\u00e9es \u00e0 toutes ces questions et bien plus encore\u2026 Elle propose un voyage unique \u00e0 travers les p\u00e9riodes du Jurassique et du Cr\u00e9tac\u00e9, avec notamment deux habitats naturels reconstruits de mani\u00e8re scientifique et pr\u00e9cise.<!--more--><\/p>\n<h5>s-Le Palais de la d\u00e9couverte est ouvert :<\/h5>\n<p>du mardi au samedi de 9h30 \u00e0 18h00 (fermeture des caisses \u00e0 17h45)<br \/>\nle dimanche et les jours f\u00e9ri\u00e9s de 10h00 \u00e0 19h00 (fermeture des caisses \u00e0 18h45).<\/p>\n<h4><a href=\"http:\/\/www.palais-decouverte.fr\/fr\/au-programme\/expositions-temporaires\/autour-deAutour des dinosaures, un voyage du Jurassique au Cr\u00e9tac\u00e9\">http:\/\/www.palais-decouverte.fr\/fr\/au-programme\/expositions-temporaires\/autour-deAutour des dinosaures, un voyage du Jurassique au Cr\u00e9tac\u00e9<\/a><\/h4>\n","protected":false},"excerpt":{"rendered":"<p>Un voyage qui vous transporte il y a 200 millions d\u2019ann\u00e9es. La terre comme vous ne l\u2019avez jamais vue. Les dinosaures suscitent une fascination constante aupr\u00e8s d\u2019un grand nombre de personnes : o\u00f9 vivaient-ils ? Que mangeaient-ils ? \u00c9taient-ils aussi&#8230;<\/p>\n","protected":false},"author":2,"featured_media":0,"comment_status":"open","ping_status":"open","sticky":false,"template":"","format":"standard","meta":{"ngg_post_thumbnail":0,"jetpack_post_was_ever_published":false,"_jetpack_newsletter_access":"","footnotes":""},"categories":[28],"tags":[],"class_list":["post-17149","post","type-post","status-publish","format-standard","hentry","category-familles"],"jetpack_featured_media_url":"","jetpack-related-posts":[{"id":17259,"url":"http:\/\/www.letourismeaparis.fr\/index.php\/2015\/10\/22\/vacances-de-la-toussaint-au-palais-de-la-decouverte-et-a-la-cite-des-sciences-et-de-lindustrie\/","url_meta":{"origin":17149,"position":0},"title":"Vacances de la Toussaint  au Palais de la d\u00e9couverte et \u00e0 la Cit\u00e9 des sciences et de l\u2019industrie","author":"Fabienne TM","date":"22 octobre 2015","format":false,"excerpt":"Ouverts exceptionnellement les lundis, les deux mus\u00e9es proposent 14 jours non-stop d\u2018activit\u00e9s. Les ateliers et expos\u00e9s qui accompagnent les expositions temporaires aux th\u00e9matiques fortes et dans l\u2019air du temps, permettent \u00e0 chacun de trouver son bonheur. Ouvertures exceptionnelles les lundis 19 et 26 octobre. Ouverts tous les jours jusqu\u2019\u00e0 19h.\u2026","rel":"","context":"Dans &quot;Familles&quot;","block_context":{"text":"Familles","link":"http:\/\/www.letourismeaparis.fr\/index.php\/category\/familles\/"},"img":{"alt_text":"","src":"","width":0,"height":0},"classes":[]},{"id":24752,"url":"http:\/\/www.letourismeaparis.fr\/index.php\/2022\/06\/27\/les-dinosaures-envahissent-paris-expo\/","url_meta":{"origin":17149,"position":1},"title":"LES DINOSAURES ENVAHISSENT PARIS EXPO !","author":"Fabienne TM","date":"27 juin 2022","format":false,"excerpt":"LES DINOSAURES ENVAHISSENT PARIS EXPO ! Sur plus de 3000 m2, cette exposition unique en son genre plonge les visiteurs dans le temps et les invite \u00e0 un grand voyage sur plus de 200 millions d\u2019ann\u00e9es recr\u00e9\u00e9 par une sc\u00e9nographie ludique et des sp\u00e9cimens plus vrais que nature. Les visiteurs\u2026","rel":"","context":"Dans &quot;Familles&quot;","block_context":{"text":"Familles","link":"http:\/\/www.letourismeaparis.fr\/index.php\/category\/familles\/"},"img":{"alt_text":"","src":"https:\/\/i0.wp.com\/www.letourismeaparis.fr\/wp-content\/uploads\/2022\/06\/Capture-d%E2%80%99e%CC%81cran-2022-06-27-a%CC%80-16.45.44.png?resize=350%2C200","width":350,"height":200},"classes":[]},{"id":5926,"url":"http:\/\/www.letourismeaparis.fr\/index.php\/2010\/01\/20\/la-faim-des-dinosaures-au-palais-de-la-decouverte-a-voir\/","url_meta":{"origin":17149,"position":2},"title":"La faim des Dinosaures au Palais de la D\u00e9couverte: \u00e0 voir !","author":"Fabienne TM","date":"20 janvier 2010","format":false,"excerpt":"Une exposition \"extraordinaire\". Une mise en sc\u00e8ne superbe , un d\u00e9cor fabuleux peupl\u00e9 de dinosaures anim\u00e9s \u00e0 taille r\u00e9elle ! un parcours et une recherche d\u2019indices vous feront\u00a0 d\u00e9couvrir comment ils se nourrissaient. dinosaure photoFTM de nombreuses esp\u00e8ces sont pr\u00e9sent\u00e9es et \u00e9tudi\u00e9es, du brachiosaure \u00e0 l\u2019edmontausaure sans oublier le tyrannosaure,\u2026","rel":"","context":"Dans &quot;Non class\u00e9&quot;","block_context":{"text":"Non class\u00e9","link":"http:\/\/www.letourismeaparis.fr\/index.php\/category\/non-classe\/"},"img":{"alt_text":"","src":"https:\/\/i0.wp.com\/www.letourismeaparis.fr\/wp-content\/uploads\/2009\/12\/dinosaureFTM.jpg?resize=350%2C200","width":350,"height":200},"classes":[]},{"id":9635,"url":"http:\/\/www.letourismeaparis.fr\/index.php\/2011\/03\/03\/oceanosaures-3d-voyage-au-temps-des-dinosaures-a-la-geode\/","url_meta":{"origin":17149,"position":3},"title":"OCEANOSAURES 3D &#8211; Voyage au temps des dinosaures \u00e0 la G\u00e9ode","author":"Fabienne TM","date":"3 mars 2011","format":false,"excerpt":"Naviguez \u00e0 travers le temps et l\u2019espace et d\u00e9couvrez un univers sous-marin fascinant, peupl\u00e9 de cr\u00e9atures plus extraordinaires les unes que les autres, qui r\u00e9gnaient sur notre plan\u00e8te bien avant les dinosaures.Gr\u00e2ce \u00e0 la technologie 3D et \u00e0 des effets sp\u00e9ciaux \u00e0 vous couper le souffle, la science prend du\u2026","rel":"","context":"Dans &quot;Non class\u00e9&quot;","block_context":{"text":"Non class\u00e9","link":"http:\/\/www.letourismeaparis.fr\/index.php\/category\/non-classe\/"},"img":{"alt_text":"","src":"","width":0,"height":0},"classes":[]},{"id":5709,"url":"http:\/\/www.letourismeaparis.fr\/index.php\/2009\/12\/22\/la-marche-des-dinosaures-a-paris-bercy\/","url_meta":{"origin":17149,"position":4},"title":"La marche des dinosaures \u00e0 Paris Bercy","author":"Fabienne TM","date":"22 d\u00e9cembre 2009","format":false,"excerpt":"La marche des dinosaures \u00e0 Paris Bercy du 23 d\u00e9cembre au 27 d\u00e9cembre 2009 La Marche des Dinosaures,\u00a0 un fantastique spectacle vivant.\u00a0\u00a0 avec 15 dinosaures grandeur nature dont le terrible Tyrannosaure Rex. Vous verrez\u00a0 \u00e9voluer ces cr\u00e9atures gigantesques, les plus grandes que la terre ait jamais connues. Un spectacle\u00a0 incroyable\u2026","rel":"","context":"Dans &quot;Non class\u00e9&quot;","block_context":{"text":"Non class\u00e9","link":"http:\/\/www.letourismeaparis.fr\/index.php\/category\/non-classe\/"},"img":{"alt_text":"","src":"","width":0,"height":0},"classes":[]},{"id":7456,"url":"http:\/\/www.letourismeaparis.fr\/index.php\/2010\/04\/24\/dans-lombre-des-dinosaures-a-la-grande-galerie-de-levolution\/","url_meta":{"origin":17149,"position":5},"title":"Dans l&#039;ombre des Dinosaures   \u00e0 la grande galerie de l&#039;\u00e9volution","author":"Fabienne TM","date":"24 avril 2010","format":false,"excerpt":"jusqu'au 14 f\u00e9vrier 2011 \"Plong\u00e9e profonde dans le temps, \u00e0 l'\u00e9poque o\u00f9 dinosaures et petits mammif\u00e8res cohabitaient sur terre, o\u00f9 les reptiles volants partageaient le ciel avec des oiseaux \u00e0 dents et o\u00f9 les derniers reptiles marins chassaient dans les oc\u00e9ans\". Vous pourrez analyser sur \u00e9cran tactile des fossiles; Avec\u2026","rel":"","context":"Dans &quot;Non class\u00e9&quot;","block_context":{"text":"Non class\u00e9","link":"http:\/\/www.letourismeaparis.fr\/index.php\/category\/non-classe\/"},"img":{"alt_text":"","src":"","width":0,"height":0},"classes":[]}],"jetpack_sharing_enabled":true,"jetpack_likes_enabled":true,"_links":{"self":[{"href":"http:\/\/www.letourismeaparis.fr\/index.php\/wp-json\/wp\/v2\/posts\/17149","targetHints":{"allow":["GET"]}}],"collection":[{"href":"http:\/\/www.letourismeaparis.fr\/index.php\/wp-json\/wp\/v2\/posts"}],"about":[{"href":"http:\/\/www.letourismeaparis.fr\/index.php\/wp-json\/wp\/v2\/types\/post"}],"author":[{"embeddable":true,"href":"http:\/\/www.letourismeaparis.fr\/index.php\/wp-json\/wp\/v2\/users\/2"}],"replies":[{"embeddable":true,"href":"http:\/\/www.letourismeaparis.fr\/index.php\/wp-json\/wp\/v2\/comments?post=17149"}],"version-history":[{"count":0,"href":"http:\/\/www.letourismeaparis.fr\/index.php\/wp-json\/wp\/v2\/posts\/17149\/revisions"}],"wp:attachment":[{"href":"http:\/\/www.letourismeaparis.fr\/index.php\/wp-json\/wp\/v2\/media?parent=17149"}],"wp:term":[{"taxonomy":"category","embeddable":true,"href":"http:\/\/www.letourismeaparis.fr\/index.php\/wp-json\/wp\/v2\/categories?post=17149"},{"taxonomy":"post_tag","embeddable":true,"href":"http:\/\/www.letourismeaparis.fr\/index.php\/wp-json\/wp\/v2\/tags?post=17149"}],"curies":[{"name":"wp","href":"https:\/\/api.w.org\/{rel}","templated":true}]}}