{"id":17164,"date":"2015-10-01T11:15:58","date_gmt":"2015-10-01T11:15:58","guid":{"rendered":"http:\/\/www.letourismeaparis.fr\/?p=17164"},"modified":"2015-10-01T11:15:58","modified_gmt":"2015-10-01T11:15:58","slug":"un-concert-de-musique-venezuelienne-entree-libre","status":"publish","type":"post","link":"http:\/\/www.letourismeaparis.fr\/index.php\/2015\/10\/01\/un-concert-de-musique-venezuelienne-entree-libre\/","title":{"rendered":"Un concert de musique V\u00e9n\u00e9zu\u00e9lienne (entr\u00e9e libre)"},"content":{"rendered":"<p><strong>Un \u00a0concert, \u00a0\u00e0 la MAISON DE L&rsquo;AM\u00c9RIQUE LATINE, 217, Bd. Saint Germain, 75008-PARIS, \u00a0le vendredi \u00a02 octobre \u00a0\u00e0 21h00.<\/strong><br \/>\n<strong>Vous pourrez entendre le \u00a0WARAIRA QUARTET, quatuor fond\u00e9 \u00e0 Paris par de jeunes musiciens v\u00e9n\u00e9zu\u00e9liens. Ils jouent\u00a0\u00a0\u00a0dans un registre contemporain,\u00a0un r\u00e9pertoire \u00e0 l\u2019image de la diversit\u00e9 culturelle du Venezuela.<a href=\"http:\/\/www.letourismeaparis.fr\/wp-content\/uploads\/2015\/10\/unnamed.jpg\"><img loading=\"lazy\" decoding=\"async\" class=\"aligncenter size-medium wp-image-17165\" src=\"http:\/\/www.letourismeaparis.fr\/wp-content\/uploads\/2015\/10\/unnamed-214x300.jpg\" alt=\"unnamed\" width=\"214\" height=\"300\" \/><\/a><\/strong><br \/>\n&nbsp;<br \/>\n<strong>Luis Miguel Joves Molina &#8211; Violon.<\/strong><!--more--><br \/>\n<strong>Leo Rond\u00f3n &#8211; Cuatro\u00a0<\/strong><br \/>\n<strong>Alvaro Manzanilla &#8211; Hautbois<\/strong><br \/>\n<strong>Marius Pibarot &#8211; Contrebass<\/strong>e<br \/>\n&nbsp;<br \/>\nlibre participation<\/p>\n","protected":false},"excerpt":{"rendered":"<p>Un \u00a0concert, \u00a0\u00e0 la MAISON DE L&rsquo;AM\u00c9RIQUE LATINE, 217, Bd. Saint Germain, 75008-PARIS, \u00a0le vendredi \u00a02 octobre \u00a0\u00e0 21h00. Vous pourrez entendre le \u00a0WARAIRA QUARTET, quatuor fond\u00e9 \u00e0 Paris par de jeunes musiciens v\u00e9n\u00e9zu\u00e9liens. Ils jouent\u00a0\u00a0\u00a0dans un registre contemporain,\u00a0un r\u00e9pertoire&#8230;<\/p>\n","protected":false},"author":2,"featured_media":0,"comment_status":"open","ping_status":"open","sticky":false,"template":"","format":"standard","meta":{"ngg_post_thumbnail":0,"jetpack_post_was_ever_published":false,"_jetpack_newsletter_access":"","footnotes":""},"categories":[20,39],"tags":[],"class_list":["post-17164","post","type-post","status-publish","format-standard","hentry","category-cultures-du-monde","category-musique"],"jetpack_featured_media_url":"","jetpack-related-posts":[{"id":20523,"url":"http:\/\/www.letourismeaparis.fr\/index.php\/2017\/12\/08\/simon-bolivar-trumpet-ensemble-a-la-seine-musicale-le-10-decembre\/","url_meta":{"origin":17164,"position":0},"title":"SIM\u00d3N B\u00d3LIVAR TRUMPET ENSEMBLE \u00e0 la SEINE MUSICALE le 10 d\u00e9cembre","author":"Fabienne TM","date":"8 d\u00e9cembre 2017","format":false,"excerpt":"\u00ceLOT ATTENTION CHEFS-D'\u0152UVRE Quatre jours avec Insula orchestra et ses invit\u00e9s Du vendredi 8 au lundi 11 d\u00e9cembre La Seine Musicale le 10 d\u00e9cembre notamment : GABRIELI, MOZART, PIAZZOLLA, GARDEL Sonnez trompettes ! Le formidable Sim\u00f3n Bol\u00edvar Trumpet Ensemble d\u00e9barque \u00e0 La Seine Musicale. Cet ensemble v\u00e9n\u00e9zu\u00e9lien, r\u00e9put\u00e9 \u00a0 \u00a0\u2026","rel":"","context":"Dans &quot;Concert&quot;","block_context":{"text":"Concert","link":"http:\/\/www.letourismeaparis.fr\/index.php\/category\/culture\/concerts-musique\/concert\/"},"img":{"alt_text":"","src":"","width":0,"height":0},"classes":[]},{"id":10527,"url":"http:\/\/www.letourismeaparis.fr\/index.php\/2011\/06\/21\/festival-latino-andalou-du-17-au-24-juin-2011\/","url_meta":{"origin":17164,"position":1},"title":"Festival Latino-Andalou   jusqu&#039; au 24 juin 2011.","author":"Fabienne TM","date":"21 juin 2011","format":false,"excerpt":"La 6\u00e8me \u00e9dition du festival Latino-Andalou vous propose un itin\u00e9raire musical jalonn\u00e9 d\u2019escales entre fiesta, ateliers, concerts et spectacles de danse\u2026Dans les villes d\u2019Aulnay-sous-Bois, d\u2019Aubervilliers, de Saint-Denis et de Livry-Gargan :\u00a0 vendredi 24 juin : Festival Latino-Andalou () Centre Culturel El Hogar de Los Espagnoles - La Plaine Saint-Denis El\u2026","rel":"","context":"Dans &quot;Non class\u00e9&quot;","block_context":{"text":"Non class\u00e9","link":"http:\/\/www.letourismeaparis.fr\/index.php\/category\/non-classe\/"},"img":{"alt_text":"","src":"","width":0,"height":0},"classes":[]},{"id":8379,"url":"http:\/\/www.letourismeaparis.fr\/index.php\/2010\/08\/30\/estivales-musicales-du-11e-du-30-aout-au-4-septembre\/","url_meta":{"origin":17164,"position":2},"title":"Estivales musicales du 11e du 30 ao\u00fbt au 4 septembre,","author":"Fabienne TM","date":"30 ao\u00fbt 2010","format":false,"excerpt":"la Mairie du 11e vous propose une semaine de concerts en plein air. Lundi 30 ao\u00fbt \u2013 Concert de musique classique \u00ab Le violoncelle dans tous ses \u00e9tats \u00bb Entr\u00e9e libre \u00e0 19h - Cour de la mairie du 11e\u00a0\u00a0 12, place L\u00e9on Blum - 75011 Paris Mardi 31 ao\u00fbt\u2026","rel":"","context":"Dans &quot;Non class\u00e9&quot;","block_context":{"text":"Non class\u00e9","link":"http:\/\/www.letourismeaparis.fr\/index.php\/category\/non-classe\/"},"img":{"alt_text":"","src":"","width":0,"height":0},"classes":[]},{"id":5368,"url":"http:\/\/www.letourismeaparis.fr\/index.php\/2009\/11\/23\/concert-de-musique-classique-a-la-mairie-du-11emeentree-libre\/","url_meta":{"origin":17164,"position":3},"title":"Concert de musique classique \u00e0 la mairie du 11\u00e8me(entr\u00e9e libre)","author":"Fabienne TM","date":"23 novembre 2009","format":false,"excerpt":"Mardi 24 novembre, la Mairie du 11e vous invite \u00e0 un concert de piano et de violoncelle. Aur\u00e9lien Pontier (piano) et S\u00e9bastien Van Kuijk (violoncelle) interpr\u00e8teront des \u0153uvres de Schuman, Liszt et Franck. Entr\u00e9e libre Rendez-vous \u00e0 20h Salle des f\u00eates - Mairie du 11e 12, Place L\u00e9on Blum 75536\u2026","rel":"","context":"Dans &quot;Non class\u00e9&quot;","block_context":{"text":"Non class\u00e9","link":"http:\/\/www.letourismeaparis.fr\/index.php\/category\/non-classe\/"},"img":{"alt_text":"","src":"","width":0,"height":0},"classes":[]},{"id":458,"url":"http:\/\/www.letourismeaparis.fr\/index.php\/2008\/11\/21\/vous-aimez-la-musique-russe-concert-le-2111-a-20h30\/","url_meta":{"origin":17164,"position":4},"title":"Vous aimez la musique russe : concert le 21\/11 \u00e0 20h30","author":"Fabienne TM","date":"21 novembre 2008","format":false,"excerpt":"\u00a0www.letourismeaparis.fr Enfants des rues de Saint-P\u00e9tersbourg Maria Kondrachkova Mezzo-soprano accompagn\u00e9e au piano par Aminata Alenska\u00efa Eglise r\u00e9form\u00e9e de Paris Luxembourg - 58 rue Madame - 75006 Paris Entr\u00e9e libre http:\/\/parcours.association.free.fr","rel":"","context":"Dans &quot;Non class\u00e9&quot;","block_context":{"text":"Non class\u00e9","link":"http:\/\/www.letourismeaparis.fr\/index.php\/category\/non-classe\/"},"img":{"alt_text":"","src":"","width":0,"height":0},"classes":[]},{"id":3330,"url":"http:\/\/www.letourismeaparis.fr\/index.php\/2009\/06\/20\/fete-de-la-musique-latino-et-cultures-du-monde-selection\/","url_meta":{"origin":17164,"position":5},"title":"F\u00eate de la musique : latino et cultures du monde (s\u00e9lection)","author":"Fabienne TM","date":"20 juin 2009","format":false,"excerpt":"Le Tango Argentin de la T\u00eate aux Pieds Orchestre Memo Tango. 37 all\u00e9e centrale du march\u00e9 St Honor\u00e9 75001 PARIS 1er Horaires : entre 20:00 et 02:00 Misto Quente, Vai pegar fogo ! Misto Quente vous fait vibrer aux sons de la batucada carioca et de son r\u00e9pertoire aux nombreuses\u2026","rel":"","context":"Dans &quot;Non class\u00e9&quot;","block_context":{"text":"Non class\u00e9","link":"http:\/\/www.letourismeaparis.fr\/index.php\/category\/non-classe\/"},"img":{"alt_text":"","src":"","width":0,"height":0},"classes":[]}],"jetpack_sharing_enabled":true,"jetpack_likes_enabled":true,"_links":{"self":[{"href":"http:\/\/www.letourismeaparis.fr\/index.php\/wp-json\/wp\/v2\/posts\/17164","targetHints":{"allow":["GET"]}}],"collection":[{"href":"http:\/\/www.letourismeaparis.fr\/index.php\/wp-json\/wp\/v2\/posts"}],"about":[{"href":"http:\/\/www.letourismeaparis.fr\/index.php\/wp-json\/wp\/v2\/types\/post"}],"author":[{"embeddable":true,"href":"http:\/\/www.letourismeaparis.fr\/index.php\/wp-json\/wp\/v2\/users\/2"}],"replies":[{"embeddable":true,"href":"http:\/\/www.letourismeaparis.fr\/index.php\/wp-json\/wp\/v2\/comments?post=17164"}],"version-history":[{"count":0,"href":"http:\/\/www.letourismeaparis.fr\/index.php\/wp-json\/wp\/v2\/posts\/17164\/revisions"}],"wp:attachment":[{"href":"http:\/\/www.letourismeaparis.fr\/index.php\/wp-json\/wp\/v2\/media?parent=17164"}],"wp:term":[{"taxonomy":"category","embeddable":true,"href":"http:\/\/www.letourismeaparis.fr\/index.php\/wp-json\/wp\/v2\/categories?post=17164"},{"taxonomy":"post_tag","embeddable":true,"href":"http:\/\/www.letourismeaparis.fr\/index.php\/wp-json\/wp\/v2\/tags?post=17164"}],"curies":[{"name":"wp","href":"https:\/\/api.w.org\/{rel}","templated":true}]}}