{"id":17170,"date":"2015-10-02T13:15:32","date_gmt":"2015-10-02T13:15:32","guid":{"rendered":"http:\/\/www.letourismeaparis.fr\/?p=17170"},"modified":"2015-10-02T13:15:32","modified_gmt":"2015-10-02T13:15:32","slug":"moshi-moshi-nippon-au-trianon-paris-du-03102015-au-04102015","status":"publish","type":"post","link":"http:\/\/www.letourismeaparis.fr\/index.php\/2015\/10\/02\/moshi-moshi-nippon-au-trianon-paris-du-03102015-au-04102015\/","title":{"rendered":"MOSHI MOSHI NIPPON Au Trianon (Paris)  Du 03\/10\/2015 au 04\/10\/2015"},"content":{"rendered":"<p>&nbsp;<br \/>\n11:00 Acc\u00e8s journ\u00e9e<br \/>\n19:30 MOSHI MOSHI NIPPON<br \/>\nPr\u00e9sent\u00e9 par\u00a0<a href=\"http:\/\/www.nousproductions.com\/\">Nous Productions<\/a><br \/>\nLe mythique Festival de Pop Culture Japonais\u00a0<strong>Moshi Moshi Nippon<\/strong>\u00a0arrive pour la premi\u00e8re fois en France les 3 et 4 octobre au Trianon.<br \/>\nConcerts\u00a0+ Stands fashion, goodies et street food\u2026 en direct de Tokyo !<a href=\"http:\/\/www.letourismeaparis.fr\/wp-content\/uploads\/2015\/10\/MOSHI-MOSHI2.jpg\"><img loading=\"lazy\" decoding=\"async\" class=\"aligncenter size-medium wp-image-17171\" src=\"http:\/\/www.letourismeaparis.fr\/wp-content\/uploads\/2015\/10\/MOSHI-MOSHI2-300x300.jpg\" alt=\"MOSHI-MOSHI2\" width=\"300\" height=\"300\" \/><\/a><br \/>\n<strong>Programmation :<\/strong><br \/>\n<strong>Samedi 3\/10 :<\/strong>\u00a0Capsule \/ Yasutaka Nakata (Capsule) \/ Boom Boom Satellites<br \/>\n<strong>Dimanche 4\/10 :<\/strong>\u00a0World Order \/ Charisma.com \/ Tempura Kidz<!--more--><br \/>\n<strong>LE TRIANON<\/strong><br \/>\n80 BD DE ROCHECHOUART<br \/>\n75018 PARIS<br \/>\nT\u00c9L. 01 44 92 78 00<br \/>\nFAX. 01 72 70 36 02<br \/>\nRESTAURANT\u00a0: 01 44 92 78 08<\/p>\n","protected":false},"excerpt":{"rendered":"<p>&nbsp; 11:00 Acc\u00e8s journ\u00e9e 19:30 MOSHI MOSHI NIPPON Pr\u00e9sent\u00e9 par\u00a0Nous Productions Le mythique Festival de Pop Culture Japonais\u00a0Moshi Moshi Nippon\u00a0arrive pour la premi\u00e8re fois en France les 3 et 4 octobre au Trianon. Concerts\u00a0+ Stands fashion, goodies et street food\u2026&#8230;<\/p>\n","protected":false},"author":2,"featured_media":0,"comment_status":"open","ping_status":"open","sticky":false,"template":"","format":"standard","meta":{"ngg_post_thumbnail":0,"jetpack_post_was_ever_published":false,"_jetpack_newsletter_access":"","footnotes":""},"categories":[20],"tags":[204,205],"class_list":["post-17170","post","type-post","status-publish","format-standard","hentry","category-cultures-du-monde","tag-japan","tag-japon"],"jetpack_featured_media_url":"","jetpack-related-posts":[{"id":8452,"url":"http:\/\/www.letourismeaparis.fr\/index.php\/2010\/09\/07\/le-japon-a-paris\/","url_meta":{"origin":17170,"position":0},"title":"Le Japon \u00e0 Paris","author":"Fabienne TM","date":"7 septembre 2010","format":false,"excerpt":"Maison de la Culture du Japon \u00e0 Paris 101 bis quai Branly 75015 Paris T\u00e9l : 01 44 37 95 00 http:\/\/www.mcjp.asso.fr Espace culturel Bertin Poir\u00e9e 8-12 rue Bertin Poir\u00e9e 75001 Paris T\u00e9l : 01 44 76 06 06 info@tenri-paris.com http:\/\/www.tenri-paris.com Centre Culturel Franco-Japonais 8\/10 passage Turquetil 75011 Paris T\u00e9l\u2026","rel":"","context":"Dans &quot;Non class\u00e9&quot;","block_context":{"text":"Non class\u00e9","link":"http:\/\/www.letourismeaparis.fr\/index.php\/category\/non-classe\/"},"img":{"alt_text":"","src":"","width":0,"height":0},"classes":[]},{"id":18300,"url":"http:\/\/www.letourismeaparis.fr\/index.php\/2016\/08\/08\/bibliotheques-hors-les-murs-dans-plus-de-40-parcs-et-jardins-parisiens-cet-ete\/","url_meta":{"origin":17170,"position":1},"title":"Biblioth\u00e8ques Hors les Murs  dans plus de 40 parcs et jardins parisiens cet \u00e9t\u00e9.","author":"Fabienne TM","date":"8 ao\u00fbt 2016","format":false,"excerpt":"\u00a0 Juillet\/ao\u00fbt 2016 lParticipation libre et gratuite, sans inscription ;Comme chaque \u00e9t\u00e9 les biblioth\u00e8ques municipales de Paris s\u2019invitent\u00a0dans les parcs, squares et jardins pour des moments de d\u00e9tente, de lectures et\u00a0d\u2019\u00e9changes autour des livres. Chaque semaine, des biblioth\u00e9caires s\u2019installent pour quelques heures avec de grands tapis et\u00a0des chariots remplis de\u2026","rel":"","context":"Dans &quot;Familles&quot;","block_context":{"text":"Familles","link":"http:\/\/www.letourismeaparis.fr\/index.php\/category\/familles\/"},"img":{"alt_text":"","src":"https:\/\/i0.wp.com\/www.letourismeaparis.fr\/wp-content\/uploads\/2016\/06\/bh-204x300.png?resize=350%2C200","width":350,"height":200},"classes":[]},{"id":10354,"url":"http:\/\/www.letourismeaparis.fr\/index.php\/2011\/05\/22\/des-visites-originales-et-insolites-a-versailles-les-appartements-des-maitresses-royales-de-marie-antoinette\/","url_meta":{"origin":17170,"position":2},"title":"Des visites originales et insolites \u00e0 Versailles : les appartements des maitresses royales, de Marie-Antoinette&#8230;","author":"Fabienne TM","date":"22 mai 2011","format":false,"excerpt":"Le Ch\u00e2teau de Versailles propose des visites comment\u00e9es pour individuels: Dimanche 22 mai \u00e0 10h00\u00a0\u00a0\u00a0 Tr\u00f4nes en majest\u00e9 (exposition) \u00e0 10h30 et 13 h30\u00a0 Appartements Louis XV Louis XVI et Chapelle \u00e0 14h15\u00a0\u00a0 Valets et femmes de chambre \u00e0 14h30\u00a0\u00a0 la peinture au Grand Trianon Jeudi 26 mai \u00e0 11h00\u00a0\u00a0\u2026","rel":"","context":"Dans &quot;Non class\u00e9&quot;","block_context":{"text":"Non class\u00e9","link":"http:\/\/www.letourismeaparis.fr\/index.php\/category\/non-classe\/"},"img":{"alt_text":"","src":"","width":0,"height":0},"classes":[]},{"id":179,"url":"http:\/\/www.letourismeaparis.fr\/index.php\/2008\/06\/01\/en-nichi-fete-traditionnelle-populaire-japonaise-le-3105\/","url_meta":{"origin":17170,"position":3},"title":"En-nichi ,f\u00eate traditionnelle populaire japonaise le 31\/05","author":"Fabienne TM","date":"1 juin 2008","format":false,"excerpt":"PARIS ADVISOR LE TOURISME A PARIS En-nichi par les \u00e9tudiants de Nippon Designers School le 31 mai 2008 \u00e0 l'Espace Hattori Dans le cadre du festival \"Ko\u00ef Nobori - la f\u00eate des enfants du monde\" En-nichi est une f\u00eate traditionnelle populaire japonaise avec des stands d'animations. Les \u00e9tudiants japonais de\u2026","rel":"","context":"Dans &quot;Non class\u00e9&quot;","block_context":{"text":"Non class\u00e9","link":"http:\/\/www.letourismeaparis.fr\/index.php\/category\/non-classe\/"},"img":{"alt_text":"","src":"","width":0,"height":0},"classes":[]},{"id":406,"url":"http:\/\/www.letourismeaparis.fr\/index.php\/2008\/10\/24\/bagatelle-et-les-jardins-de-cristal-jusquau-2-novembre\/","url_meta":{"origin":17170,"position":4},"title":"Bagatelle et&quot; les jardins de Cristal&quot; jusqu&#039;au 2 novembre","author":"Fabienne TM","date":"24 octobre 2008","format":false,"excerpt":"Cette exposition se d\u00e9roule dans le parc de Bagatelle jusqu'au 2 novembre 2008. Vous pourrez admirer des oeuvres de Daum, Baccarat, Lalique, Saint-Louis inspir\u00e9es par la flore et la faune. Trianon et Parc de Bagatelle Route de S\u00e8vres \u00e0 Neuilly Bois de Boulogne Paris 75016 www.jardindecristal.com www.letourismeaparis.fr","rel":"","context":"Dans &quot;Non class\u00e9&quot;","block_context":{"text":"Non class\u00e9","link":"http:\/\/www.letourismeaparis.fr\/index.php\/category\/non-classe\/"},"img":{"alt_text":"","src":"","width":0,"height":0},"classes":[]},{"id":13899,"url":"http:\/\/www.letourismeaparis.fr\/index.php\/2013\/09\/13\/selection-pour-les-journees-du-patrimoine-les-palais-de-la-republique-les-residences-des-ambassadeurs\/","url_meta":{"origin":17170,"position":5},"title":"S\u00e9lection pour les journ\u00e9es du patrimoine : les Palais de la r\u00e9publique , les r\u00e9sidences des ambassadeurs &#8230;.","author":"Fabienne TM","date":"13 septembre 2013","format":false,"excerpt":"LA BANQUE DE FRANCE \u00a0et sa magnifique galerie dor\u00e9e 31 rue croix-des petits-champs\u00a0\u2022 01 42 92 39 08 sam-dim 10h-18h CiRCUitS \u00ab Passages et galeries \u00bb\u00a0 rdv place colette \u2022 01 44 71 02 48 > sam-dim 10h et 15h \u00a0 \u00a0 \u00a0 H\u00d4tEl DE BOURVAllAiS Minist\u00e8re de la Justice\u2026","rel":"","context":"Dans &quot;Non class\u00e9&quot;","block_context":{"text":"Non class\u00e9","link":"http:\/\/www.letourismeaparis.fr\/index.php\/category\/non-classe\/"},"img":{"alt_text":"","src":"","width":0,"height":0},"classes":[]}],"jetpack_sharing_enabled":true,"jetpack_likes_enabled":true,"_links":{"self":[{"href":"http:\/\/www.letourismeaparis.fr\/index.php\/wp-json\/wp\/v2\/posts\/17170","targetHints":{"allow":["GET"]}}],"collection":[{"href":"http:\/\/www.letourismeaparis.fr\/index.php\/wp-json\/wp\/v2\/posts"}],"about":[{"href":"http:\/\/www.letourismeaparis.fr\/index.php\/wp-json\/wp\/v2\/types\/post"}],"author":[{"embeddable":true,"href":"http:\/\/www.letourismeaparis.fr\/index.php\/wp-json\/wp\/v2\/users\/2"}],"replies":[{"embeddable":true,"href":"http:\/\/www.letourismeaparis.fr\/index.php\/wp-json\/wp\/v2\/comments?post=17170"}],"version-history":[{"count":0,"href":"http:\/\/www.letourismeaparis.fr\/index.php\/wp-json\/wp\/v2\/posts\/17170\/revisions"}],"wp:attachment":[{"href":"http:\/\/www.letourismeaparis.fr\/index.php\/wp-json\/wp\/v2\/media?parent=17170"}],"wp:term":[{"taxonomy":"category","embeddable":true,"href":"http:\/\/www.letourismeaparis.fr\/index.php\/wp-json\/wp\/v2\/categories?post=17170"},{"taxonomy":"post_tag","embeddable":true,"href":"http:\/\/www.letourismeaparis.fr\/index.php\/wp-json\/wp\/v2\/tags?post=17170"}],"curies":[{"name":"wp","href":"https:\/\/api.w.org\/{rel}","templated":true}]}}