{"id":17174,"date":"2015-10-02T13:22:16","date_gmt":"2015-10-02T13:22:16","guid":{"rendered":"http:\/\/www.letourismeaparis.fr\/?p=17174"},"modified":"2015-10-02T13:22:16","modified_gmt":"2015-10-02T13:22:16","slug":"le-15e-salon-automedon-se-deroulera-les-10-et-11-octobre","status":"publish","type":"post","link":"http:\/\/www.letourismeaparis.fr\/index.php\/2015\/10\/02\/le-15e-salon-automedon-se-deroulera-les-10-et-11-octobre\/","title":{"rendered":"Le 15e Salon Autom\u00e9don se d\u00e9roulera les 10 et 11 octobre"},"content":{"rendered":"<p style=\"background: white; margin: 0cm 0cm 8.25pt 0cm;\"><span style=\"font-size: 10.5pt; font-family: Arial; color: #444444;\">Le 15e Salon<span class=\"apple-converted-space\">\u00a0<\/span><span class=\"il\">Autom\u00e9don<\/span><span class=\"apple-converted-space\">\u00a0<\/span>se d\u00e9roulera les 10 et 11 octobre prochains<span class=\"apple-converted-space\">\u00a0<\/span><span class=\"il\">au<\/span><span class=\"apple-converted-space\">\u00a0<\/span>Parc des Expositions Paris-Le Bourget.<\/span><\/p>\n<p style=\"background: white; orphans: auto; text-align: start; widows: 1; -webkit-text-stroke-width: 0px; word-spacing: 0px; margin: 0cm 0cm 8.25pt 0cm;\"><span style=\"font-size: 10.5pt; font-family: Arial; color: #444444;\">Cette ann\u00e9e, le salon proposera des podiums exceptionnels qui mettront en avant le patrimoine de la course.<\/span><\/p>\n<p style=\"background: white; orphans: auto; text-align: start; widows: 1; -webkit-text-stroke-width: 0px; word-spacing: 0px; margin: 0cm 0cm 8.25pt 0cm;\"><span style=\"font-size: 10.5pt; font-family: Arial; color: #444444;\">&#8211; Les puissantes voitures de course d&rsquo;avant guerre (Delahaye 135, Talbot T46, Delage 3L, &#8230;)<a href=\"http:\/\/www.letourismeaparis.fr\/wp-content\/uploads\/2015\/10\/AFFICHE-AUTOM\u00c9DON-2015-A3-3E-VERSION-web-LOW-4.jpg\"><img loading=\"lazy\" decoding=\"async\" class=\"aligncenter size-medium wp-image-17177\" src=\"http:\/\/www.letourismeaparis.fr\/wp-content\/uploads\/2015\/10\/AFFICHE-AUTOM\u00c9DON-2015-A3-3E-VERSION-web-LOW-4-212x300.jpg\" alt=\"AFFICHE-AUTOM\u00c9DON-2015-A3-3E-VERSION-web-LOW 4\" width=\"212\" height=\"300\" \/><\/a><\/span><\/p>\n<p style=\"background: white; orphans: auto; text-align: start; widows: 1; -webkit-text-stroke-width: 0px; word-spacing: 0px; margin: 0cm 0cm 8.25pt 0cm;\"><span style=\"font-size: 10.5pt; font-family: Arial; color: #444444;\">&#8211; Les Simca de comp\u00e9tition et sportives, les Simca aux carrosseries sp\u00e9ciales et m\u00eame la Chambord Pr\u00e9sidence d\u00e9capotable du G\u00e9n\u00e9ral de Gaulle.<\/span><!--more--><\/p>\n<p style=\"background: white; orphans: auto; text-align: start; widows: 1; -webkit-text-stroke-width: 0px; word-spacing: 0px; margin: 0cm 0cm 8.25pt 0cm;\"><span style=\"font-size: 10.5pt; font-family: Arial; color: #444444;\">&#8211; Les 60 ans de la Ford Thunderbird,<\/span><\/p>\n<p style=\"background: white; orphans: auto; text-align: start; widows: 1; -webkit-text-stroke-width: 0px; word-spacing: 0px; margin: 0cm 0cm 8.25pt 0cm;\"><span style=\"font-size: 10.5pt; font-family: Arial; color: #444444;\">&#8211; Le mouvement Rod,<\/span><\/p>\n<p style=\"background: white; orphans: auto; text-align: start; widows: 1; -webkit-text-stroke-width: 0px; word-spacing: 0px; margin: 0cm 0cm 8.25pt 0cm;\"><span style=\"font-size: 10.5pt; font-family: Arial; color: #444444;\">&#8211; Les motos anglaises et italiennes et les motos du Bol d&rsquo;or<\/span><\/p>\n","protected":false},"excerpt":{"rendered":"<p>Le 15e Salon\u00a0Autom\u00e9don\u00a0se d\u00e9roulera les 10 et 11 octobre prochains\u00a0au\u00a0Parc des Expositions Paris-Le Bourget. Cette ann\u00e9e, le salon proposera des podiums exceptionnels qui mettront en avant le patrimoine de la course. &#8211; Les puissantes voitures de course d&rsquo;avant guerre (Delahaye&#8230;<\/p>\n","protected":false},"author":2,"featured_media":0,"comment_status":"open","ping_status":"open","sticky":false,"template":"","format":"standard","meta":{"ngg_post_thumbnail":0,"jetpack_post_was_ever_published":false,"_jetpack_newsletter_access":"","footnotes":""},"categories":[7],"tags":[],"class_list":["post-17174","post","type-post","status-publish","format-standard","hentry","category-automobiles"],"jetpack_featured_media_url":"","jetpack-related-posts":[{"id":15565,"url":"http:\/\/www.letourismeaparis.fr\/index.php\/2014\/09\/03\/automedon-18-et-19-octobre-2014-competition-et-performance\/","url_meta":{"origin":17174,"position":0},"title":"Autom\u00e9don : 18 et 19 octobre 2014  COMP\u00c9TITION ET PERFORMANCE !","author":"Fabienne TM","date":"3 septembre 2014","format":false,"excerpt":"Vitesse, performance, comp\u00e9tition, passion sont les ingr\u00e9dients d\u2019une \u00e9dition qui s\u2019annonce prometteuse. Autom\u00e9don investira le hall 4 du Parc des Expositions du Bourget (93) (20.000 m\u00b2 en int\u00e9rieur, 5.000 m\u00b2 pour la bourse ext\u00e9rieure et 23.000 m\u00b2 pour le parking de collection) pour accueillir les passionn\u00e9s de belles m\u00e9caniques, les\u2026","rel":"","context":"Dans &quot;Sport&quot;","block_context":{"text":"Sport","link":"http:\/\/www.letourismeaparis.fr\/index.php\/category\/sport\/"},"img":{"alt_text":"","src":"","width":0,"height":0},"classes":[]},{"id":11903,"url":"http:\/\/www.letourismeaparis.fr\/index.php\/2012\/09\/30\/samedi-13-octobre-2012-4-eme-randonnee-dautomedon\/","url_meta":{"origin":17174,"position":1},"title":"Samedi 13 octobre 2012   4 \u00e8me randonn\u00e9e d\u2019Autom\u00e9don :","author":"Fabienne TM","date":"30 septembre 2012","format":false,"excerpt":"Samedi 13 octobre 2012 4 \u00e8me randonn\u00e9e d\u2019Autom\u00e9don : les plus belles pour aller se promener .D\u00e9capotables, cabriolets, et roadsters Ce d\u00e9fil\u00e9 d\u2019anciennes est devenu une tradition, il s\u2019inscrit parmi les manifestations propos\u00e9es par le Salon Autom\u00e9don qui se tiendra les 13 et 14 octobre au Parc des Expositions Paris-Le\u2026","rel":"","context":"Dans &quot;Non class\u00e9&quot;","block_context":{"text":"Non class\u00e9","link":"http:\/\/www.letourismeaparis.fr\/index.php\/category\/non-classe\/"},"img":{"alt_text":"","src":"","width":0,"height":0},"classes":[]},{"id":14012,"url":"http:\/\/www.letourismeaparis.fr\/index.php\/2013\/09\/23\/13e-salon-automedon\/","url_meta":{"origin":17174,"position":2},"title":"13e SALON AUTOM\u00c9DON","author":"Fabienne TM","date":"23 septembre 2013","format":"image","excerpt":"13e SALON AUTOM\u00c9DON : VOYAGES ET RALLYES\u00a0 Les v\u00e9hicules Sport et GT jouent les stars au Bourget\u00a0\u00a0 Pour ce rendez-vous annuel, Autom\u00e9don qui a accueilli 13.000 visiteurs en 2012, investit le Hall 4 du Parc des Expositions du Bourget (93).\u00a0 La surface d\u2019exposition augmente avec 20.000 m2 en int\u00e9rieur, 5.000\u2026","rel":"","context":"Dans &quot;Sport&quot;","block_context":{"text":"Sport","link":"http:\/\/www.letourismeaparis.fr\/index.php\/category\/sport\/"},"img":{"alt_text":"","src":"https:\/\/i0.wp.com\/www.letourismeaparis.fr\/wp-content\/uploads\/2013\/09\/AUTOMEDON1-300x200.jpg?resize=350%2C200","width":350,"height":200},"classes":[]},{"id":18785,"url":"http:\/\/www.letourismeaparis.fr\/index.php\/2016\/10\/08\/les-8-et-9-octobre-2016-le-rallye-monte-carlo-honore-a-automedon\/","url_meta":{"origin":17174,"position":3},"title":"Les 8 et 9 octobre 2016 :  le Rallye Monte-Carlo honor\u00e9 \u00e0 Autom\u00e9don","author":"Fabienne TM","date":"8 octobre 2016","format":false,"excerpt":"\u00a0 \u00c0 l\u2019occasion de sa 16e \u00e9dition, Autom\u00e9don va proposer un plateau d\u2019exposition vari\u00e9, \u00e9maill\u00e9 de nouveaut\u00e9s. Hommage au Rallye Monte-Carlo Autom\u00e9don pr\u00e9sentera une trentaine de voitures victorieuses au Monte-Carlo :\u00a0 Turcat Mery 1911, Amilcar 1,1 L 1927, Hotchkiss AM2 1932, Fiat 509 1928, Hotchkiss 686 GS 1939 (cette marque\u2026","rel":"","context":"Dans &quot;Automobiles&quot;","block_context":{"text":"Automobiles","link":"http:\/\/www.letourismeaparis.fr\/index.php\/category\/culture\/musees-expositions\/automobiles\/"},"img":{"alt_text":"","src":"","width":0,"height":0},"classes":[]},{"id":11150,"url":"http:\/\/www.letourismeaparis.fr\/index.php\/2011\/10\/15\/11eme-automedon-au-bourget-les-15-et-16-octobre\/","url_meta":{"origin":17174,"position":4},"title":"11\u00e8me&quot; Autom\u00e9don&quot;  au Bourget les 15 et 16 octobre; le d\u00e9fil\u00e9 le 15 octobre \u00e0 Paris \u00e0 partir de 9h30","author":"Fabienne TM","date":"15 octobre 2011","format":false,"excerpt":"3\u00e8me Randonn\u00e9e d\u2019Autom\u00e9don : R\u00e9serv\u00e9e aux voitures d\u2019avant 1940 et aux v\u00e9hicules \u00e9ligibles \u00e0 l\u2019Association des Clubs de Marque (Hotchkiss, Bugatti, Delahaye, Hispano-Suiza, Doyennes de Panhard et Levassor, Delage, Salmson, Voisin, Facel-Vega, Talbot et Lorraine Dietrich) La plupart de ces Clubs participent, ainsi que les Clubs des Teufs Teufs Automobiles,\u2026","rel":"","context":"Dans &quot;Non class\u00e9&quot;","block_context":{"text":"Non class\u00e9","link":"http:\/\/www.letourismeaparis.fr\/index.php\/category\/non-classe\/"},"img":{"alt_text":"","src":"https:\/\/i0.wp.com\/www.letourismeaparis.fr\/wp-content\/uploads\/2011\/10\/automedon-210x300.jpg?resize=350%2C200","width":350,"height":200},"classes":[]},{"id":11895,"url":"http:\/\/www.letourismeaparis.fr\/index.php\/2012\/10\/16\/le-salon-fantastique-se-deroulera-du-25-au-28-octobre-sur-les-champs-elysees\/","url_meta":{"origin":17174,"position":5},"title":"Le Salon Fantastique se d\u00e9roulera du 25 au 28 octobre sur les Champs-Elys\u00e9es.","author":"Fabienne TM","date":"16 octobre 2012","format":false,"excerpt":"Le Salon Fantastique se d\u00e9roulera du 25 au 28 octobre sur les Champs-Elys\u00e9es. Le lieu r\u00e9serv\u00e9 pour l'\u00e9v\u00e8nement est un chapiteau ferm\u00e9 de 70 m\u00e8tres de long sur le trottoir des Champs-Elys\u00e9es, d'une surface de 800m\u00b2 (extensible au double), situ\u00e9 face au Grand Palais. L'ambition du salon est de rendre\u2026","rel":"","context":"Dans &quot;Non class\u00e9&quot;","block_context":{"text":"Non class\u00e9","link":"http:\/\/www.letourismeaparis.fr\/index.php\/category\/non-classe\/"},"img":{"alt_text":"","src":"","width":0,"height":0},"classes":[]}],"jetpack_sharing_enabled":true,"jetpack_likes_enabled":true,"_links":{"self":[{"href":"http:\/\/www.letourismeaparis.fr\/index.php\/wp-json\/wp\/v2\/posts\/17174","targetHints":{"allow":["GET"]}}],"collection":[{"href":"http:\/\/www.letourismeaparis.fr\/index.php\/wp-json\/wp\/v2\/posts"}],"about":[{"href":"http:\/\/www.letourismeaparis.fr\/index.php\/wp-json\/wp\/v2\/types\/post"}],"author":[{"embeddable":true,"href":"http:\/\/www.letourismeaparis.fr\/index.php\/wp-json\/wp\/v2\/users\/2"}],"replies":[{"embeddable":true,"href":"http:\/\/www.letourismeaparis.fr\/index.php\/wp-json\/wp\/v2\/comments?post=17174"}],"version-history":[{"count":0,"href":"http:\/\/www.letourismeaparis.fr\/index.php\/wp-json\/wp\/v2\/posts\/17174\/revisions"}],"wp:attachment":[{"href":"http:\/\/www.letourismeaparis.fr\/index.php\/wp-json\/wp\/v2\/media?parent=17174"}],"wp:term":[{"taxonomy":"category","embeddable":true,"href":"http:\/\/www.letourismeaparis.fr\/index.php\/wp-json\/wp\/v2\/categories?post=17174"},{"taxonomy":"post_tag","embeddable":true,"href":"http:\/\/www.letourismeaparis.fr\/index.php\/wp-json\/wp\/v2\/tags?post=17174"}],"curies":[{"name":"wp","href":"https:\/\/api.w.org\/{rel}","templated":true}]}}