{"id":17182,"date":"2015-10-03T17:15:04","date_gmt":"2015-10-03T17:15:04","guid":{"rendered":"http:\/\/www.letourismeaparis.fr\/?p=17182"},"modified":"2015-10-03T17:15:04","modified_gmt":"2015-10-03T17:15:04","slug":"one-man-show-corrosif-de-lamine-lezghad","status":"publish","type":"post","link":"http:\/\/www.letourismeaparis.fr\/index.php\/2015\/10\/03\/one-man-show-corrosif-de-lamine-lezghad\/","title":{"rendered":"One Man Show CORROSIF de Lamine Lezghad."},"content":{"rendered":"<p><strong>One Man Show\u00a0<\/strong><strong>CORROSIF<\/strong><strong>\u00a0de\u00a0Lamine\u00a0Lezghad.<\/strong><br \/>\nLamine vous propose de\u00a0<strong>RIRE DE TOUT\u00a0<\/strong>au Th\u00e9atre<strong>\u00a0La Nouvelle Seine \u00e0 Paris <\/strong><br \/>\nApr\u00e8s \u00ab\u00a0<strong>On n&rsquo;demande qu&rsquo;\u00e0 en rire sur France\u00a02<\/strong>\u00a0\u00bb et une nouvelle saison \u00e0\u00a0<strong>guichet ferm\u00e9 au Festival d&rsquo;Avignon<\/strong>\u00a0cette <!--more-->ann\u00e9e,\u00a0Lamine\u00a0pose ses valises dans un lieu atypique puisqu&rsquo;il s&rsquo;agit du\u00a0<strong>Th\u00e9\u00e2tre<\/strong>\u00a0de la magnifique p\u00e9niche\u00a0<strong>La Nouvelle Seine<\/strong>, 3 Quai de Montebello, 75005 Paris.\u00a0\u200b<br \/>\n<strong>Aux fronti\u00e8res du stand up et du sketch, Lamine Lezghad revient avec son nouveau sp\u00e9ctacle.<\/strong><br \/>\nLa question \u00e0 se poser,\u00a0<strong>peut on rire de tout<\/strong><br \/>\nvendredi et samedi \u00e0 21h30<\/p>\n","protected":false},"excerpt":{"rendered":"<p>One Man Show\u00a0CORROSIF\u00a0de\u00a0Lamine\u00a0Lezghad. Lamine vous propose de\u00a0RIRE DE TOUT\u00a0au Th\u00e9atre\u00a0La Nouvelle Seine \u00e0 Paris Apr\u00e8s \u00ab\u00a0On n&rsquo;demande qu&rsquo;\u00e0 en rire sur France\u00a02\u00a0\u00bb et une nouvelle saison \u00e0\u00a0guichet ferm\u00e9 au Festival d&rsquo;Avignon\u00a0cette<\/p>\n","protected":false},"author":2,"featured_media":0,"comment_status":"open","ping_status":"open","sticky":false,"template":"","format":"standard","meta":{"ngg_post_thumbnail":0,"jetpack_post_was_ever_published":false,"_jetpack_newsletter_access":"","footnotes":""},"categories":[1],"tags":[],"class_list":["post-17182","post","type-post","status-publish","format-standard","hentry","category-non-classe"],"jetpack_featured_media_url":"","jetpack-related-posts":[{"id":12244,"url":"http:\/\/www.letourismeaparis.fr\/index.php\/2012\/11\/26\/le-maghreb-des-films-2012-jusquau-4-decembre\/","url_meta":{"origin":17182,"position":0},"title":"Le Maghreb des Films 2012 jusqu&#039;au 4 d\u00e9cembre","author":"Fabienne TM","date":"26 novembre 2012","format":false,"excerpt":"Ue part importante du festival portera sur la \"R\u00e9volution de Jasmin\".\u00a0 le Maghreb des Films proposera\u00a0 des in\u00e9dits et des hommages (Mohamed Zran et Nadia el Fani). l\u2019Institut du Monde Arabe,\u00a0 3 Luxembourg et dans la banlieue parisienne. Programme des projections \u00e0 Paris A l\u2019IMA : - Mercredi 28 novembre\u2026","rel":"","context":"Dans &quot;Festivals \/ Manifestations&quot;","block_context":{"text":"Festivals \/ Manifestations","link":"http:\/\/www.letourismeaparis.fr\/index.php\/category\/spectacle\/festival\/"},"img":{"alt_text":"","src":"https:\/\/i0.wp.com\/www.letourismeaparis.fr\/wp-content\/uploads\/2012\/11\/maghreb_des_films-9642c.jpg?resize=350%2C200","width":350,"height":200},"classes":[]},{"id":10120,"url":"http:\/\/www.letourismeaparis.fr\/index.php\/2011\/04\/16\/une-super-soiree-au-splendid-avec-alex-lutz-vous-rirez-bien\/","url_meta":{"origin":17182,"position":1},"title":"Une super soir\u00e9e  au splendid ,avec Alex lutz : vous rirez bien !","author":"Fabienne TM","date":"16 avril 2011","format":false,"excerpt":"Super\u00a0 dr\u00f4le ! Apr\u00e8s deux saisons triomphales au Point Virgule, puis au Th\u00e9\u00e2tre du Temple, Alex Lutz est au Splendid .\u00a0 Alex Lutz observe ses contemporains et nous les livre sur sc\u00e8ne, spectaculaires et hilarants, dans un one man show subtil, percutant et terriblement dr\u00f4le ! De l\u2019odieux directeur de\u2026","rel":"","context":"Dans &quot;Non class\u00e9&quot;","block_context":{"text":"Non class\u00e9","link":"http:\/\/www.letourismeaparis.fr\/index.php\/category\/non-classe\/"},"img":{"alt_text":"","src":"","width":0,"height":0},"classes":[]},{"id":8670,"url":"http:\/\/www.letourismeaparis.fr\/index.php\/2010\/09\/24\/spectaculaire-cest-toutes-les-sorties-culturelles-reunies-pour-vous-les-25-et-26-septembre\/","url_meta":{"origin":17182,"position":2},"title":"&quot;Spectaculaire&quot; c&#039;est toutes les sorties culturelles r\u00e9unies pour vous les 25 et 26 septembre","author":"Fabienne TM","date":"24 septembre 2010","format":false,"excerpt":"Th\u00e9\u00e2tre, mus\u00e9e, op\u00e9ra, ch\u00e2teaux, ...Extraits de spectacle, one-man-show, concerts, des spectacles de rue, ateliers pour enfants... une centaine d'animations gratuites . Plus de 100 spectacles gratuits pour vous donner envie ! En plein air sur les quais, dans un auditorium de la BNF ou dans une p\u00e9niche, des extraits de\u2026","rel":"","context":"Dans &quot;Non class\u00e9&quot;","block_context":{"text":"Non class\u00e9","link":"http:\/\/www.letourismeaparis.fr\/index.php\/category\/non-classe\/"},"img":{"alt_text":"","src":"","width":0,"height":0},"classes":[]},{"id":20911,"url":"http:\/\/www.letourismeaparis.fr\/index.php\/2018\/04\/12\/world-man-bio-un-bon-spectacle-au-theatre-des-feux-de-la-rampe\/","url_meta":{"origin":17182,"position":3},"title":"WORLD MAN BIO, un bon spectacle au Th\u00e9atre des feux de la rampe","author":"Fabienne TM","date":"12 avril 2018","format":false,"excerpt":"WORLD MAN BIO Super spectacle. Tr\u00e8s dr\u00f4le.\u00a0 \"Lorsque son entourage apprend qu\u2019il est v\u00e9g\u00e9tarien, Jay se heurte \u00e0 l\u2019indignation familiale : \u2013 C\u2019est quoi cette lubie\u2026 ? \u2013 Et les carottes, elles ont pas des sentiments peut-\u00eatre ? \u2013 T\u2019es pas v\u00e9gan au moins ?!?! \u2013 \u00c7a expliquerait pourquoi il\u2026","rel":"","context":"Dans &quot;Th\u00e9atre&quot;","block_context":{"text":"Th\u00e9atre","link":"http:\/\/www.letourismeaparis.fr\/index.php\/category\/spectacle\/theatre\/"},"img":{"alt_text":"","src":"","width":0,"height":0},"classes":[]},{"id":11325,"url":"http:\/\/www.letourismeaparis.fr\/index.php\/2011\/12\/09\/parlez-nous-damour-ou-les-scoops-des-grandes-amours-de-lhistoire-nauront-plus-de-secret-pour-vous\/","url_meta":{"origin":17182,"position":4},"title":"&quot;Parlez nous d&#039;amour&quot; ou les scoops des grandes amours de l&#039;Histoire  n&#039;auront plus de secret pour vous","author":"Fabienne TM","date":"9 d\u00e9cembre 2011","format":false,"excerpt":"Un one man show historique et mondain par Pierre-Andr\u00e9 H\u00e9l\u00e8ne . Jusqu'\u00e0 nos jours_ rois, ministres, pr\u00e9sidents, \u00e9g\u00e9ries et femme c\u00e9l\u00e8bres_ ont toujours \u00e9t\u00e9 des passionn\u00e9s. ces passions ont marqu\u00e9 l'Histoire. Ces extraordinaires\u00a0 moments tour \u00e0 tour dr\u00f4les, tendres, heureux, parfois difficiles et \u00e9mouvants, sous le regard de l'amour et\u2026","rel":"","context":"Dans &quot;Non class\u00e9&quot;","block_context":{"text":"Non class\u00e9","link":"http:\/\/www.letourismeaparis.fr\/index.php\/category\/non-classe\/"},"img":{"alt_text":"","src":"","width":0,"height":0},"classes":[]},{"id":23734,"url":"http:\/\/www.letourismeaparis.fr\/index.php\/2019\/10\/19\/fondation-goodplanet-ouvert-a-tous-entree-gratuite-2-nov-24-nov-tous-les-week-ends-de-11h-a-19h\/","url_meta":{"origin":17182,"position":5},"title":"Fondation GOODPLANET ouvert \u00e0 tous entr\u00e9e gratuite 2 NOV  24 NOV tous les week-ends de 11h \u00e0 19h","author":"Fabienne TM","date":"19 octobre 2019","format":false,"excerpt":"Fondation GOODPLANET ouvert \u00e0 tous entr\u00e9e gratuite 2 NOV > 24 NOV tous les week-ends de 11h \u00e0 19h PLATEAU VERT Le Festival de th\u00e9\u00e2tre \u00e9cologique ! MATCH D\u2019IMPRO - SPECTACLES POUR ENFANT- STAND UP - TH\u00c9\u00c0TRE CONTEMPORAIN - CONF\u00c9RENCE G\u00c9STICUL\u00c9E Durant 4 week-ends, du 2 au 24 novembre, la\u2026","rel":"","context":"Dans &quot;Non class\u00e9&quot;","block_context":{"text":"Non class\u00e9","link":"http:\/\/www.letourismeaparis.fr\/index.php\/category\/non-classe\/"},"img":{"alt_text":"","src":"","width":0,"height":0},"classes":[]}],"jetpack_sharing_enabled":true,"jetpack_likes_enabled":true,"_links":{"self":[{"href":"http:\/\/www.letourismeaparis.fr\/index.php\/wp-json\/wp\/v2\/posts\/17182","targetHints":{"allow":["GET"]}}],"collection":[{"href":"http:\/\/www.letourismeaparis.fr\/index.php\/wp-json\/wp\/v2\/posts"}],"about":[{"href":"http:\/\/www.letourismeaparis.fr\/index.php\/wp-json\/wp\/v2\/types\/post"}],"author":[{"embeddable":true,"href":"http:\/\/www.letourismeaparis.fr\/index.php\/wp-json\/wp\/v2\/users\/2"}],"replies":[{"embeddable":true,"href":"http:\/\/www.letourismeaparis.fr\/index.php\/wp-json\/wp\/v2\/comments?post=17182"}],"version-history":[{"count":0,"href":"http:\/\/www.letourismeaparis.fr\/index.php\/wp-json\/wp\/v2\/posts\/17182\/revisions"}],"wp:attachment":[{"href":"http:\/\/www.letourismeaparis.fr\/index.php\/wp-json\/wp\/v2\/media?parent=17182"}],"wp:term":[{"taxonomy":"category","embeddable":true,"href":"http:\/\/www.letourismeaparis.fr\/index.php\/wp-json\/wp\/v2\/categories?post=17182"},{"taxonomy":"post_tag","embeddable":true,"href":"http:\/\/www.letourismeaparis.fr\/index.php\/wp-json\/wp\/v2\/tags?post=17182"}],"curies":[{"name":"wp","href":"https:\/\/api.w.org\/{rel}","templated":true}]}}