{"id":17187,"date":"2015-10-05T09:56:57","date_gmt":"2015-10-05T09:56:57","guid":{"rendered":"http:\/\/www.letourismeaparis.fr\/?p=17187"},"modified":"2015-10-05T09:56:57","modified_gmt":"2015-10-05T09:56:57","slug":"des-concerts-aux-invalides-en-octobre","status":"publish","type":"post","link":"http:\/\/www.letourismeaparis.fr\/index.php\/2015\/10\/05\/des-concerts-aux-invalides-en-octobre\/","title":{"rendered":"Des concerts aux Invalides en Octobre"},"content":{"rendered":"<p><a href=\"http:\/\/www.musee-armee.fr\/programmation\/concerts\/detail\/schubertiade-trio-et-lieder.html\"><br \/>\nSchubertiade, Trio et Lieder<\/a>\u00a0Cycle Laur\u00e9ats des Victoires de la Musique Classique<br \/>\n<strong>jeudi 8 octobre 2015\u00a0<\/strong>20h \u00a0 \u00a0<strong>CATH\u00c9DRALE SAINT-LOUIS DES INVALIDES<a href=\"http:\/\/www.letourismeaparis.fr\/wp-content\/uploads\/2015\/10\/ma.jpg\"><img loading=\"lazy\" decoding=\"async\" class=\"aligncenter size-full wp-image-17188\" src=\"http:\/\/www.letourismeaparis.fr\/wp-content\/uploads\/2015\/10\/ma.jpg\" alt=\"ma\" width=\"107\" height=\"150\" \/><\/a><\/strong><br \/>\n&nbsp;<br \/>\n<a href=\"http:\/\/www.musee-armee.fr\/programmation\/concerts\/detail\/quatuor-a-cordes-arod.html\">Quatuor Arod<\/a><!--more--><br \/>\nCycle Premi\u00e8res Armes &#8211; Session Jeunes Talents<br \/>\n<strong>vendredi 9 octobre 2015<\/strong><br \/>\n12h15<br \/>\n<strong>GRAND SALON<\/strong><br \/>\n&nbsp;<br \/>\n<a href=\"http:\/\/www.musee-armee.fr\/programmation\/concerts\/detail\/prix-safran-2015-violon.html\">Prix Safran 2015. Violon<\/a><br \/>\nConcours public pour l\u2019attribution du Prix Fondation Safran pour la Musique 2015<br \/>\n<strong>lundi 12 octobre 2015<\/strong><br \/>\n19h<br \/>\n<strong>GRAND SALON<\/strong><br \/>\n&nbsp;<br \/>\n<a href=\"http:\/\/www.musee-armee.fr\/programmation\/concerts\/detail\/quatuor-ardeo-marie-josephe-jude.html\">Quatuor Ardeo &amp; Marie-Jos\u00e8phe Jude<\/a><br \/>\nCycle Laur\u00e9ats des Victoires de la Musique Classique<br \/>\n<strong>jeudi 15 octobre 2015<\/strong><br \/>\n20h<br \/>\n<strong>CATH\u00c9DRALE SAINT-LOUIS DES INVALIDES<\/strong><\/p>\n","protected":false},"excerpt":{"rendered":"<p>Schubertiade, Trio et Lieder\u00a0Cycle Laur\u00e9ats des Victoires de la Musique Classique jeudi 8 octobre 2015\u00a020h \u00a0 \u00a0CATH\u00c9DRALE SAINT-LOUIS DES INVALIDES &nbsp; Quatuor Arod<\/p>\n","protected":false},"author":2,"featured_media":0,"comment_status":"open","ping_status":"open","sticky":false,"template":"","format":"standard","meta":{"ngg_post_thumbnail":0,"jetpack_post_was_ever_published":false,"_jetpack_newsletter_access":"","footnotes":""},"categories":[39],"tags":[],"class_list":["post-17187","post","type-post","status-publish","format-standard","hentry","category-musique"],"jetpack_featured_media_url":"","jetpack-related-posts":[{"id":22182,"url":"http:\/\/www.letourismeaparis.fr\/index.php\/2019\/03\/05\/des-concerts-aux-invalides\/","url_meta":{"origin":17187,"position":0},"title":"Des concerts aux Invalides","author":"Fabienne TM","date":"5 mars 2019","format":false,"excerpt":"LUNDI 11 mars Joutes Instrumentales II 20h - Grand Salon JEUDI 14 mars Clarinette et baguette de Paul Meyer 20h - Cath\u00e9drale Saint-Louis VENDREDI 15 mars Songe d'une nuit d'\u00e9t\u00e9 12h15 - Grand Salon LUNDI 18 mars Joutes Instrumentales III 20h - Grand Salon JEUDI 21 mars Carte blanche aux\u2026","rel":"","context":"Dans &quot;Non class\u00e9&quot;","block_context":{"text":"Non class\u00e9","link":"http:\/\/www.letourismeaparis.fr\/index.php\/category\/non-classe\/"},"img":{"alt_text":"","src":"","width":0,"height":0},"classes":[]},{"id":2478,"url":"http:\/\/www.letourismeaparis.fr\/index.php\/2009\/03\/30\/activites-au-musee-des-invalides-nocturnes-du-mardi-conferences-concerts\/","url_meta":{"origin":17187,"position":1},"title":"Activit\u00e9s au mus\u00e9e des Invalides (nocturnes du mardi, conf\u00e9rences, concerts&#8230;)","author":"Fabienne TM","date":"30 mars 2009","format":false,"excerpt":"NOCTURNES DU MARDI aux\u00a0 Invalides Les nocturnes du mardi de 19h \u00e0 21 h ont pour objectif\u00a0 de faire conna\u00eetre le mus\u00e9e, les collections, et l\u2019ensemble du site des Invalides \u00ab autrement \u00bb\u00a0 Gratuit pour les moins de 26 ans. \u25a0 Films \u00e0 l\u2019auditorium : 18h30, gratuit sur r\u00e9servation au\u2026","rel":"","context":"Dans &quot;Non class\u00e9&quot;","block_context":{"text":"Non class\u00e9","link":"http:\/\/www.letourismeaparis.fr\/index.php\/category\/non-classe\/"},"img":{"alt_text":"","src":"","width":0,"height":0},"classes":[]},{"id":4051,"url":"http:\/\/www.letourismeaparis.fr\/index.php\/2009\/10\/12\/concert-jeunes-talents-au-musee-de-la-marine-lundi-12-octobre\/","url_meta":{"origin":17187,"position":2},"title":"Concert &quot;jeunes talents&quot; au mus\u00e9e de la marine lundi 12 octobre","author":"Fabienne TM","date":"12 octobre 2009","format":false,"excerpt":"Lundi 12 octobre 2009, 19h - 20h30 :Victorien Vanoosten, piano\u00a0\u00a0\u00a0\u00a0\u00a0 Trio Safran\u00a0 : Yua Souverbie, fl\u00fbte Claudine Legras, alto Constance Luzzati, harpe\u00a0\u00a0 \u0152uvres de Claude Debussy,\u00a0 Toru Takemitsu Avec la participation des \u00e9tudiants de la classe de musique de chambre du Conservatoire de Paris \u2013 CNSMDP www.musee-marine.fr R\u00e9servation conseill\u00e9e au\u2026","rel":"","context":"Dans &quot;Non class\u00e9&quot;","block_context":{"text":"Non class\u00e9","link":"http:\/\/www.letourismeaparis.fr\/index.php\/category\/non-classe\/"},"img":{"alt_text":"","src":"","width":0,"height":0},"classes":[]},{"id":22296,"url":"http:\/\/www.letourismeaparis.fr\/index.php\/2019\/04\/03\/cycle-musical-lheure-espagnole-aux-invalides\/","url_meta":{"origin":17187,"position":3},"title":"Cycle musical : l&#039;heure espagnole aux Invalides","author":"Fabienne TM","date":"3 avril 2019","format":false,"excerpt":"Danse rituelle du feu jeudi 4 avril \u00e0 20h, cath\u00e9drale Saint-Louis Un grand pianiste espagnol, Luis Fernando Perez en soliste avec la Garde r\u00e9publicaine, dans un programme tr\u00e8s color\u00e9 Nuit dans les jardins d'Espagne Jeudi 11 avril, \u00e0 20h cath\u00e9drale Saint-Louis Le grand pianiste Michel Beroff en soliste avec la\u2026","rel":"","context":"Dans &quot;Non class\u00e9&quot;","block_context":{"text":"Non class\u00e9","link":"http:\/\/www.letourismeaparis.fr\/index.php\/category\/non-classe\/"},"img":{"alt_text":"","src":"","width":0,"height":0},"classes":[]},{"id":15851,"url":"http:\/\/www.letourismeaparis.fr\/index.php\/2014\/10\/20\/concerts-de-manu-dibango-au-quai-branlys\/","url_meta":{"origin":17187,"position":4},"title":"Concerts de MANU DIBANGO au Quai Branly","author":"Fabienne TM","date":"20 octobre 2014","format":false,"excerpt":"Manu Dibango\u00a0vient enflammer la sc\u00e8ne du quai Branly pour trois concerts d'exception. DU VENDREDI 24 AU DIMANCHE 26 OCTOBRE 2014 Emmanuel N'Djok\u00e9 Dibango, ditManu Dibango\u00a0na\u00eet \u00e0 Douala, au Cameroun, en 1933, et part \u00e9tudier en Europe \u00e0 15 ans, o\u00f9 il s\u2019initie au saxophone et au jazz. Il rejoint ensuite\u2026","rel":"","context":"Dans &quot;Cultures du Monde&quot;","block_context":{"text":"Cultures du Monde","link":"http:\/\/www.letourismeaparis.fr\/index.php\/category\/culture\/musees-expositions\/cultures-du-monde\/"},"img":{"alt_text":"","src":"https:\/\/i0.wp.com\/www.letourismeaparis.fr\/wp-content\/uploads\/2014\/10\/manu-dibango-200x300.jpg?resize=350%2C200","width":350,"height":200},"classes":[]},{"id":16905,"url":"http:\/\/www.letourismeaparis.fr\/index.php\/2015\/08\/09\/les-grandes-eaux-musicales-a-versailles-et-les-grandes-eaux-nocturnes\/","url_meta":{"origin":17187,"position":5},"title":"Les grandes eaux musicales \u00e0 Versailles et les grandes eaux nocturnes","author":"Fabienne TM","date":"9 ao\u00fbt 2015","format":false,"excerpt":"Tous les samedis et dimanches, jusqu'au 1er novembre 2015. Acc\u00e8s aux jardins du ch\u00e2teau dessin\u00e9s par Andr\u00e9 Le N\u00f4tre pour une balade royale \u00e0 la d\u00e9couverte des bosquets exceptionnellement ouverts au public. Fontaines jaillissantes et musique baroque pour ornements visuels et sonores\u2026. Incontournable\u00a0! Fermeture anticip\u00e9e des Grandes Eaux Musicales \u00e0\u2026","rel":"","context":"Dans &quot;Non class\u00e9&quot;","block_context":{"text":"Non class\u00e9","link":"http:\/\/www.letourismeaparis.fr\/index.php\/category\/non-classe\/"},"img":{"alt_text":"","src":"","width":0,"height":0},"classes":[]}],"jetpack_sharing_enabled":true,"jetpack_likes_enabled":true,"_links":{"self":[{"href":"http:\/\/www.letourismeaparis.fr\/index.php\/wp-json\/wp\/v2\/posts\/17187","targetHints":{"allow":["GET"]}}],"collection":[{"href":"http:\/\/www.letourismeaparis.fr\/index.php\/wp-json\/wp\/v2\/posts"}],"about":[{"href":"http:\/\/www.letourismeaparis.fr\/index.php\/wp-json\/wp\/v2\/types\/post"}],"author":[{"embeddable":true,"href":"http:\/\/www.letourismeaparis.fr\/index.php\/wp-json\/wp\/v2\/users\/2"}],"replies":[{"embeddable":true,"href":"http:\/\/www.letourismeaparis.fr\/index.php\/wp-json\/wp\/v2\/comments?post=17187"}],"version-history":[{"count":0,"href":"http:\/\/www.letourismeaparis.fr\/index.php\/wp-json\/wp\/v2\/posts\/17187\/revisions"}],"wp:attachment":[{"href":"http:\/\/www.letourismeaparis.fr\/index.php\/wp-json\/wp\/v2\/media?parent=17187"}],"wp:term":[{"taxonomy":"category","embeddable":true,"href":"http:\/\/www.letourismeaparis.fr\/index.php\/wp-json\/wp\/v2\/categories?post=17187"},{"taxonomy":"post_tag","embeddable":true,"href":"http:\/\/www.letourismeaparis.fr\/index.php\/wp-json\/wp\/v2\/tags?post=17187"}],"curies":[{"name":"wp","href":"https:\/\/api.w.org\/{rel}","templated":true}]}}