{"id":17190,"date":"2015-10-06T13:10:01","date_gmt":"2015-10-06T13:10:01","guid":{"rendered":"http:\/\/www.letourismeaparis.fr\/?p=17190"},"modified":"2015-10-06T13:10:01","modified_gmt":"2015-10-06T13:10:01","slug":"creations-savoir-faire-du-18-au-22-novembre-2015","status":"publish","type":"post","link":"http:\/\/www.letourismeaparis.fr\/index.php\/2015\/10\/06\/creations-savoir-faire-du-18-au-22-novembre-2015\/","title":{"rendered":"CR\u00c9ATIONS &amp; SAVOIR-FAIRE ( DU 18 AU 22 NOVEMBRE 2015 )"},"content":{"rendered":"<p>Le premier salon consacr\u00e9 au \u00ab\u00a0do it yourself\u00a0\u00bb Fa\u00ee\u00eetes le vous m\u00eame ! Coture, d\u00e9co, cuisine cr\u00e9ative, bricolage, scrapbooling,customisation, beaut\u00e9, mode \u2026<br \/>\nVous pourrez d\u00e9couvrir les derni\u00e8res tendances et faire le plein d&rsquo;id\u00e9es&#8230;.et retrouver le mat\u00e9riel n\u00e9cessaire \u00e0 vos futures r\u00e9alisations. 350 exposants et six secteurs* .<!--more--><br \/>\nDu\u00a0<strong>MERCREDI\u00a0<\/strong>18 novembre au\u00a0<strong>DIMANCHE<\/strong>\u00a022 novembre 2015<br \/>\nDe 9h30 \u00e0 18h30<br \/>\nNocturne vendredi 20 novembre jusqu&rsquo;\u00e0 21h30<br \/>\nFermeture le dimanche 22 novembre \u00e0 18h<br \/>\nParis expo, Porte de Versailles<br \/>\n1 Place de la porte de Versailles &#8211; Halls 6 &amp; 8<br \/>\n&nbsp;<br \/>\n:\u00a0<a href=\"http:\/\/www.creations-savoir-faire.com\/Theme-d-articles\/Intro-secteur-Aiguilles-Tradition\">AIGUILLES &amp; TRADITION<\/a>;\u00a0<a href=\"http:\/\/www.creations-savoir-faire.com\/Theme-d-articles\/Intro-Tendances-mode-et-customisation-creations-savoir-faire-2014\">TENDANCES MODE &amp; CUSTOMISATION<\/a>;\u00a0<a href=\"http:\/\/www.creations-savoir-faire.com\/Theme-d-articles\/Intro-papier-scrap-et-couleurs-Creations-savoir-faire-2014\">PAPIER, SCRAP &amp; COULEURS<\/a>;\u00a0<a href=\"http:\/\/www.creations-savoir-faire.com\/Theme-d-articles\/Intro-maison-creative-idees-brico-creations-savoir-faire-2014\">MAISON CR\u00c9ATIVE &amp; ID\u00c9ES BRICO<\/a>;\u00a0<a href=\"http:\/\/www.creations-savoir-faire.com\/Theme-d-articles\/Des-idees-gourmandes-festives-et-heureux-evenements-sur-Creations-savoir-faire-2014\">ID\u00c9ES GOURMANDES &amp; FESTIVES<\/a>; VILLAGE DE NO\u00cbL.\u00a0AVEC CR\u00c9ATIONS &amp; SAVOIR-FAIRE,<br \/>\n&nbsp;<\/p>\n","protected":false},"excerpt":{"rendered":"<p>Le premier salon consacr\u00e9 au \u00ab\u00a0do it yourself\u00a0\u00bb Fa\u00ee\u00eetes le vous m\u00eame ! Coture, d\u00e9co, cuisine cr\u00e9ative, bricolage, scrapbooling,customisation, beaut\u00e9, mode \u2026 Vous pourrez d\u00e9couvrir les derni\u00e8res tendances et faire le plein d&rsquo;id\u00e9es&#8230;.et retrouver le mat\u00e9riel n\u00e9cessaire \u00e0 vos futures&#8230;<\/p>\n","protected":false},"author":2,"featured_media":0,"comment_status":"open","ping_status":"open","sticky":false,"template":"","format":"standard","meta":{"ngg_post_thumbnail":0,"jetpack_post_was_ever_published":false,"_jetpack_newsletter_access":"","footnotes":""},"categories":[37],"tags":[64],"class_list":["post-17190","post","type-post","status-publish","format-standard","hentry","category-mode","tag-activites-manuelles"],"jetpack_featured_media_url":"","jetpack-related-posts":[{"id":14138,"url":"http:\/\/www.letourismeaparis.fr\/index.php\/2013\/10\/24\/creations-et-savoir-faire-du-13-au-17-novembre-porte-de-versailles\/","url_meta":{"origin":17190,"position":0},"title":"&quot;Cr\u00e9ations et savoir Faire &quot; du 13 au 17 novembre Porte de Versailles","author":"Fabienne TM","date":"24 octobre 2013","format":false,"excerpt":"\u00a0 Ce salon \u00a0r\u00e9unit durant 5 jours toute la communaut\u00e9 cr\u00e9ative autour de 4 univers en : Aiguille & Tradition Aiguilles, \u00a0fils \u00e0 broder, \u00e0 crocheter ou tricoter, les arts du fil ont rendez-vous \u00e0 la Porte de Versailles. Venez \u00e0 la rencontre de vos cr\u00e9atrices de broderie et points\u2026","rel":"","context":"Dans &quot;Familles&quot;","block_context":{"text":"Familles","link":"http:\/\/www.letourismeaparis.fr\/index.php\/category\/familles\/"},"img":{"alt_text":"","src":"","width":0,"height":0},"classes":[]},{"id":8972,"url":"http:\/\/www.letourismeaparis.fr\/index.php\/2010\/11\/19\/salon-creations-savoir-faire-du-jeudi-18-novembre-au-lundi-22-novembre-2010\/","url_meta":{"origin":17190,"position":1},"title":"Salon Cr\u00e9ations &amp; savoir-faire : jusqu&#039; au lundi 22 novembre 2010","author":"Fabienne TM","date":"19 novembre 2010","format":false,"excerpt":"\u00c0 vos aiguilles ! Les passionn\u00e9s de loisirs cr\u00e9atifs peuvent d\u00e9couvrir, s\u2019initier, se perfectionner et m\u00eame exprimer leurs talents. Travaux d\u2019aiguilles, cr\u00e9ation de bijoux et d\u2019accessoires de mode, d\u00e9coration, derni\u00e8res tendances, encadrements, cuisine cr\u00e9ative, ... .Vous assisterez \u00e0 des d\u00e9monstrations originales et vous d\u00e9nicherez des id\u00e9es astucieuses. Les ateliers du\u2026","rel":"","context":"Dans &quot;Non class\u00e9&quot;","block_context":{"text":"Non class\u00e9","link":"http:\/\/www.letourismeaparis.fr\/index.php\/category\/non-classe\/"},"img":{"alt_text":"","src":"","width":0,"height":0},"classes":[]},{"id":16827,"url":"http:\/\/www.letourismeaparis.fr\/index.php\/2015\/06\/09\/anish-kapoor-a-versailles\/","url_meta":{"origin":17190,"position":2},"title":"Anish Kapoor \u00e0 Versailles","author":"Fabienne TM","date":"9 juin 2015","format":false,"excerpt":"Du 9 juin au 1 novembre 2015, le ch\u00e2teau de Versailles accueille l'artiste britannique Anish Kapoor dans les jardins pour une grande exposition d'art contemporain. \u00a0\u00a0Pour Anish Kapoor, l\u2019oeuvre n\u2019existe pas seule mais par celui qui la voit. Le visiteur de Versailles se perd dans les dualit\u00e9s qui marquent le\u2026","rel":"","context":"Dans &quot;Mus\u00e9es \/ Expositions&quot;","block_context":{"text":"Mus\u00e9es \/ Expositions","link":"http:\/\/www.letourismeaparis.fr\/index.php\/category\/culture\/musees-expositions\/"},"img":{"alt_text":"","src":"","width":0,"height":0},"classes":[]},{"id":16905,"url":"http:\/\/www.letourismeaparis.fr\/index.php\/2015\/08\/09\/les-grandes-eaux-musicales-a-versailles-et-les-grandes-eaux-nocturnes\/","url_meta":{"origin":17190,"position":3},"title":"Les grandes eaux musicales \u00e0 Versailles et les grandes eaux nocturnes","author":"Fabienne TM","date":"9 ao\u00fbt 2015","format":false,"excerpt":"Tous les samedis et dimanches, jusqu'au 1er novembre 2015. Acc\u00e8s aux jardins du ch\u00e2teau dessin\u00e9s par Andr\u00e9 Le N\u00f4tre pour une balade royale \u00e0 la d\u00e9couverte des bosquets exceptionnellement ouverts au public. Fontaines jaillissantes et musique baroque pour ornements visuels et sonores\u2026. Incontournable\u00a0! Fermeture anticip\u00e9e des Grandes Eaux Musicales \u00e0\u2026","rel":"","context":"Dans &quot;Non class\u00e9&quot;","block_context":{"text":"Non class\u00e9","link":"http:\/\/www.letourismeaparis.fr\/index.php\/category\/non-classe\/"},"img":{"alt_text":"","src":"","width":0,"height":0},"classes":[]},{"id":14549,"url":"http:\/\/www.letourismeaparis.fr\/index.php\/2014\/02\/04\/laiguille-en-fete-2014-la-creativite-au-bout-des-doigts-du-6-au-9-fevrier-porte-de-versailles\/","url_meta":{"origin":17190,"position":4},"title":"L&#039;Aiguille en F\u00eate 2014 : la cr\u00e9ativit\u00e9 au bout des doigts ! du 6 au 9 f\u00e9vrier, Porte de Versailles","author":"Fabienne TM","date":"4 f\u00e9vrier 2014","format":false,"excerpt":"une nocturne le vendredi 7 f\u00e9vrier jusqu'\u00e0 21 heures !\u00a0De bar en bar, les assoiff\u00e9es de techniques nouvelles viendront s'abreuver !Bar \u00e0 mailles, bar \u00e0 couture, bar \u00e0 customisation ou encore bar \u00e0 crochet\u2026\u00a0Des ateliers o\u00f9 les meilleurs professeurs distillent les savoir-faire des plus classiques aux plus exotiques\u2026: Broder \u00e0\u2026","rel":"","context":"Dans &quot;Artisanat&quot;","block_context":{"text":"Artisanat","link":"http:\/\/www.letourismeaparis.fr\/index.php\/category\/culture\/musees-expositions\/artisanat\/"},"img":{"alt_text":"","src":"","width":0,"height":0},"classes":[]},{"id":17206,"url":"http:\/\/www.letourismeaparis.fr\/index.php\/2015\/11\/13\/braderie-de-la-solidarite-les-21-et-22-novembre-dans-les-salons-dhonneur-de-la-mairie-du-20e\/","url_meta":{"origin":17190,"position":5},"title":"Braderie de la Solidarit\u00e9  les 21 et 22 novembre  dans les salons d\u2019honneur de la Mairie du 20e","author":"Fabienne TM","date":"13 novembre 2015","format":false,"excerpt":"Braderie de la solidarit\u00e9 2015 En 2015, la Braderie de la Solidarit\u00e9 vous accueille les\u00a021 et 22\u00a0 novembre\u00a0prochain dans les salons d\u2019honneur de la Mairie du 20e\u00a0arrondissement (M\u00e9tro Gambetta) \u00a0 Quand la mode tisse des liens Chaque ann\u00e9e depuis sa cr\u00e9ation, Autremonde organise la Braderie de la Solidarit\u00e9. C'est l'\u00e9v\u00e8nement\u2026","rel":"","context":"Dans &quot;Bons Plans&quot;","block_context":{"text":"Bons Plans","link":"http:\/\/www.letourismeaparis.fr\/index.php\/category\/bon-plan\/"},"img":{"alt_text":"","src":"","width":0,"height":0},"classes":[]}],"jetpack_sharing_enabled":true,"jetpack_likes_enabled":true,"_links":{"self":[{"href":"http:\/\/www.letourismeaparis.fr\/index.php\/wp-json\/wp\/v2\/posts\/17190","targetHints":{"allow":["GET"]}}],"collection":[{"href":"http:\/\/www.letourismeaparis.fr\/index.php\/wp-json\/wp\/v2\/posts"}],"about":[{"href":"http:\/\/www.letourismeaparis.fr\/index.php\/wp-json\/wp\/v2\/types\/post"}],"author":[{"embeddable":true,"href":"http:\/\/www.letourismeaparis.fr\/index.php\/wp-json\/wp\/v2\/users\/2"}],"replies":[{"embeddable":true,"href":"http:\/\/www.letourismeaparis.fr\/index.php\/wp-json\/wp\/v2\/comments?post=17190"}],"version-history":[{"count":0,"href":"http:\/\/www.letourismeaparis.fr\/index.php\/wp-json\/wp\/v2\/posts\/17190\/revisions"}],"wp:attachment":[{"href":"http:\/\/www.letourismeaparis.fr\/index.php\/wp-json\/wp\/v2\/media?parent=17190"}],"wp:term":[{"taxonomy":"category","embeddable":true,"href":"http:\/\/www.letourismeaparis.fr\/index.php\/wp-json\/wp\/v2\/categories?post=17190"},{"taxonomy":"post_tag","embeddable":true,"href":"http:\/\/www.letourismeaparis.fr\/index.php\/wp-json\/wp\/v2\/tags?post=17190"}],"curies":[{"name":"wp","href":"https:\/\/api.w.org\/{rel}","templated":true}]}}