{"id":17192,"date":"2015-10-07T13:34:35","date_gmt":"2015-10-07T13:34:35","guid":{"rendered":"http:\/\/www.letourismeaparis.fr\/?p=17192"},"modified":"2015-10-07T13:34:35","modified_gmt":"2015-10-07T13:34:35","slug":"la-fete-des-vendanges-de-montmartre-du-7-au-11-octobre-2","status":"publish","type":"post","link":"http:\/\/www.letourismeaparis.fr\/index.php\/2015\/10\/07\/la-fete-des-vendanges-de-montmartre-du-7-au-11-octobre-2\/","title":{"rendered":"La F\u00eate des vendanges de Montmartre du 7 au 11 octobre"},"content":{"rendered":"<p>&nbsp;<br \/>\nGoutte d\u2019or \u2013 Ch\u00e2teau Rouge \/Charles Hermite \u2013 Evangile \u2013 Porte de Montmartre \u2013 Porte de Clignancourt (PDF)<br \/>\nLa Chapelle \u2013 Marx Dormoy \/Montmartre<a href=\"http:\/\/www.letourismeaparis.fr\/wp-content\/uploads\/2015\/10\/fv.jpeg\"><img loading=\"lazy\" decoding=\"async\" class=\"aligncenter  wp-image-17193\" src=\"http:\/\/www.letourismeaparis.fr\/wp-content\/uploads\/2015\/10\/fv-220x300.jpeg\" alt=\"fv\" width=\"206\" height=\"275\" \/><\/a><br \/>\n<!--more--><br \/>\nLa Grande Chorale\u00a0des Enfants \u00a0Jeudi 8 octobre &#8211; 15h &#8211; Square Louise Michel \u00a0Ouvert \u00e0 tous &#8211; gratuit<br \/>\nSous la conduite de la cheffe de ch\u0153ur Fran\u00e7oise Albin.\u00a0Faire chanter le vin \u00a0Avec la Cit\u00e9 des Civilisations \u00a0du Vin de Bordeaux<br \/>\nJeudi 8 octobre &#8211; 19h30 \u00e0 21h30 &#8211; Les Trois Baudets \u00a0Entr\u00e9e libre, dans la limite des places disponibles<br \/>\nPr\u00e9sentation exceptionnelle de la Cit\u00e9 des Civilisations du\u00a0Vin pour cette soir\u00e9e concert-conf\u00e9rence-d\u00e9gustation,<br \/>\naccompagn\u00e9e par un trio d\u2019artistes, d\u00e9diant leurs chants au\u00a0vin : Marco Avallone, t\u00e9nor, \u00c9l\u00e9onore Lemaire, soprano et<br \/>\nJean-Christophe Brizard, accord\u00e9oniste.Visite des Trois Baudets\u00a014h &#8211; Scolaires &#8211; sur inscription : site FDVM<br \/>\nParcours du Go\u00fbt<br \/>\nVendredi 9 octobre de 10h \u00e0 22h<br \/>\nSamedi 10 octobre de 10h \u00e0 23h<br \/>\nDimanche 11 octobre de 10h \u00e0 19h<br \/>\nButte Montmartre<br \/>\nEn partenariat avec M\u00e9tro Cash &amp; Carry et le d\u00e9partement du Gers<!--more--><br \/>\n\u00c9cole du Go\u00fbt<br \/>\nVendredi 9 octobre de 14h \u00e0 20h<br \/>\nSamedi 10 octobre de 10h \u00e0 20h<br \/>\nDimanche 11 octobre de 10h \u00e0 19h<br \/>\nJardin St-Pierre<br \/>\nEn partenariat avec M\u00e9tro Cash &amp; Carry<br \/>\nLe Ban des Vendanges<br \/>\nSamedi 10 octobre &#8211; 10h30<br \/>\nClos Montmartre &#8211; Sur invitation<br \/>\nLe Grand D\u00e9fil\u00e9<br \/>\nSamedi 10 octobre &#8211; 15h, d\u00e9part de la Mairie du 18e<br \/>\nArriv\u00e9e \u00e0 17h45 &#8211; place St-Pierre<br \/>\nParcours inchang\u00e9, ambiance assur\u00e9e ! Avec les confr\u00e9ries<br \/>\ntraditionnelles de toute la France et des habitants du 18e.<br \/>\nPleins feux sur la plan\u00e8te<br \/>\nbleue ! Feu d\u2019artifice<br \/>\nSamedi 10 octobre &#8211; 21h45 Au pied du Sacr\u00e9-C\u0153ur<br \/>\nVertige sublime devant les forces de la nature ! Confusion<br \/>\ndes sens assur\u00e9e ! Par Joseph Couturier, artificier champion<br \/>\ndu monde.<br \/>\nC\u00e9r\u00e9monie des nondemandes<br \/>\nen mariage<br \/>\nDimanche 11 octobre &#8211; 10h30 &#8211; Places des Abbesses<br \/>\nC\u00e9r\u00e9monie qui ne manquera pas de piquant et de po\u00e9sie !<br \/>\nAvec : Les Pompi\u00e8res po\u00e9tesses, Les Myst\u00e9rieuses coiffures<br \/>\net Daniel Vaillant.<br \/>\nGrand bal Cosmos-polite<br \/>\nBal de cl\u00f4ture<br \/>\nDimanche 11 octobre &#8211; 17h \u00e0 20h &#8211; Square Louise<br \/>\nMichel &#8211; Ouvert \u00e0 tous<br \/>\nAvec : L\u2019orchestre, le Grand Pop et les danseurs de Bollywood<br \/>\nde l\u2019association Triwat, pour un final explosif !<br \/>\nVisites de vigne<br \/>\npar Jean-Manuel Gabert<br \/>\nMercredi 7 &#8211; 10h et 11h (scolaires)<br \/>\nJeudi 8 &#8211; 9h, 10h, 14h et 15h (scolaires)<br \/>\nVendredi 9 &#8211; 10h et 11h (scolaires), 14h et 16h (tout public)<br \/>\nDimanche 11 &#8211; 10h et 11h (tout public)<br \/>\nVignes du Clos Montmartre<br \/>\nGratuit, sur inscription : site FDVM<br \/>\nMontmartre aux jardins<br \/>\npar Jacky Libaud<br \/>\n14h30 \u00e0 16h30 &#8211; Rendez-vous \u00e0 la Halle St-Pierre<br \/>\nTout public &#8211; Gratuit, sur inscription : site FDVM<br \/>\nEn partenariat avec Paris Habitat<br \/>\nConf\u00e9rences de Laurent Bihl<br \/>\nMus\u00e9e de Montmartre<br \/>\ngratuit sur inscription : site FDVM<br \/>\n&#8211; La caricature, et si c\u2019\u00e9tait s\u00e9rieux ?<br \/>\nJeudi 8 octobre 18h<br \/>\n&#8211; Montmartre, centre du monde\u2026<br \/>\ndes artistes<br \/>\nVendredi 9 octobre \u00e0 18h<br \/>\n&#8211; D\u00e9former une fronti\u00e8re, une<br \/>\nexpression g\u00e9opolitique ?<br \/>\nSamedi 10 octobre \u00e0 11h<br \/>\n&#8211; Marcel Legay, chansonnier<br \/>\nembl\u00e9matique Conf\u00e9rence anim\u00e9<br \/>\npar Yves Bertrand<br \/>\nSamedi 10 octobre \u00e0 18h<br \/>\n&#8211; Boire le calisse jusqu\u2019\u00e0 la liesse<br \/>\nDimanche 11 octobre \u00e0 14h<br \/>\nPunch maison \u00e0<br \/>\nl\u2019H\u00f4tel Particulier Montmartre<br \/>\nDu mercredi 7 au dimanche 11 octobre<br \/>\nDans les jardins &#8211; \u00e0 partir de 16h30 &#8211; Prix : 8\u20ac<br \/>\nMus\u00e9e de Montmartre<br \/>\nVins et jardins en f\u00eate<br \/>\nSamedi 10 et dimanche 11 octobre de 14h \u00e0 18h<br \/>\nPrix : 6\u20ac : + de 18 ans \/ 4\u20ac : 10-17 ans \/ gratuit : &#8211; de 10 ans<br \/>\n&#8211; Les jardins Renoir en f\u00eate<br \/>\nCom\u00e9die, musique, magie, jeux anciens pour tous !<br \/>\n&#8211; Exposition Du pain et du vin pour<br \/>\nParis<br \/>\nMoulins et vignes \u00e0 Montmartre &#8211; Salle Poulbot<br \/>\n&#8211; Atelier d\u00e9gustation de vin<br \/>\nanim\u00e9s par Oenodyss\u00e9e<br \/>\nPetit th\u00e9\u00e2tre du bonheur<br \/>\nDu mercredi 7 au vendredi 9 octobre &#8211; 19h<br \/>\n10\u20ac ou 7\u20ac en tarif r\u00e9duit<br \/>\nLe Minist\u00e8re des Animaux, concert d\u2019Isabeau<br \/>\nR\u00e9servations : www.theatredubonheur.com &#8211; 09 54 48 44 83<br \/>\nLa Librairie passe les plats<br \/>\nDimanche 11 octobre &#8211; 12h<br \/>\nLibrairie l&rsquo;Attrape-Coeur &#8211; Acc\u00e8s libre<br \/>\n<a style=\"letter-spacing: 0.05em; line-height: 1.6875;\" href=\"http:\/\/www.fetedesvendangesdemontmartre.com\/2015\/wp-content\/uploads\/2015\/09\/FVDM_AFFA3_GOUTTE_HD.pdf\">Concours de recettes avec les habitants. <\/a><a href=\"http:\/\/www.fetedesvendangesdemontmartre.com\/2015\/wp-content\/uploads\/2015\/09\/FVDM_AFFA3_Q_JULESJ_HD.pdf\">Clignancourt \u2013 Jules Joffrin \/ Simplon Amiraux \u2013 Poissonniers (PDF)<\/a><a style=\"letter-spacing: 0.05em; line-height: 1.6875;\" href=\"http:\/\/www.fetedesvendangesdemontmartre.com\/2015\/wp-content\/uploads\/2015\/09\/FVDM_AFFA3_GOUTTE_HD.pdf\">Goutte d\u2019or \u2013 Ch\u00e2teau Rouge (PDF)<\/a><br \/>\n<a href=\"http:\/\/www.fetedesvendangesdemontmartre.com\/2015\/wp-content\/uploads\/2015\/09\/FVDM_AFFA3_PTE_CLIGN_HD.pdf\">Charles Hermite \u2013 Evangile \u2013 Porte de Montmartre \u2013 Porte de Clignancourt (PDF)<\/a><br \/>\n<a href=\"http:\/\/www.fetedesvendangesdemontmartre.com\/2015\/wp-content\/uploads\/2015\/09\/FVDM_AFFA3_Q_CHAPELLE_HD.pdf\">La Chapelle \u2013 Marx Dormoy (PDF)<\/a><br \/>\n<a href=\"http:\/\/www.fetedesvendangesdemontmartre.com\/2015\/wp-content\/uploads\/2015\/09\/FVDM_AFFA3_Q_JULESJ_HD.pdf\">Clignancourt \u2013 Jules Joffrin \/ Simplon Amiraux \u2013 Poissonniers (PDF)<\/a><br \/>\n&nbsp;<br \/>\n&nbsp;<br \/>\n&nbsp;<br \/>\n&nbsp;<br \/>\nLe syndicat d\u2019initiative \u2013 Office du tourisme de Montmartre vous accueille durant la F\u00eate au 21 place du Tertre.<br \/>\nVous pourrez y trouver le programme de la F\u00eate ainsi que toutes les informations n\u00e9cessaires \u00e0 votre s\u00e9jour dans le 18e arrondissement.<br \/>\n&nbsp;<br \/>\n&nbsp;<br \/>\n&nbsp;<br \/>\nToutes les r\u00e9servations aux \u00e9v\u00e9nements sont \u00e0 effectuer<strong>\u00a0<\/strong>\u00a0sur le site\u00a0internet www.fetedesvendangesdemontmartre.com (sauf indications contraires).<br \/>\nLes bons de\u00a0r\u00e9servation seront envoy\u00e9s par e-mail et \u00e0 pr\u00e9senter \u00e0 l\u2019entr\u00e9e de chaque \u00e9v\u00e9nement.<br \/>\n<a href=\"http:\/\/www.fetedesvendangesdemontmartre.com\/programmation\/jeudi\/\">http:\/\/www.fetedesvendangesdemontmartre.com\/programmation\/jeudi\/<\/a><\/p>\n","protected":false},"excerpt":{"rendered":"<p>&nbsp; Goutte d\u2019or \u2013 Ch\u00e2teau Rouge \/Charles Hermite \u2013 Evangile \u2013 Porte de Montmartre \u2013 Porte de Clignancourt (PDF) La Chapelle \u2013 Marx Dormoy \/Montmartre<\/p>\n","protected":false},"author":2,"featured_media":0,"comment_status":"open","ping_status":"open","sticky":false,"template":"","format":"standard","meta":{"ngg_post_thumbnail":0,"jetpack_post_was_ever_published":false,"_jetpack_newsletter_access":"","footnotes":""},"categories":[28],"tags":[],"class_list":["post-17192","post","type-post","status-publish","format-standard","hentry","category-familles"],"jetpack_featured_media_url":"","jetpack-related-posts":[{"id":4449,"url":"http:\/\/www.letourismeaparis.fr\/index.php\/2009\/10\/04\/la-fete-des-vendanges-de-montmartre-du-7-au-11-octobre\/","url_meta":{"origin":17192,"position":0},"title":"La f\u00eate des vendanges de Montmartre du 7 au 11 octobre","author":"Fabienne TM","date":"4 octobre 2009","format":false,"excerpt":"\"En hommage \u00e0 Jacques Canetti et aux trois baudets d'hier et d'aujourd'hui, 9 expositions, 2 concerts-\u00e9v\u00e9nements, 3 bals, un Feu d'artifice en musique, des ap\u00e9ros-d\u00e9couverte, le Grand D\u00e9fil\u00e9, le Parcours du Go\u00fbt sur la Butte Montmartre, le Parcours du Vin Blanc \u00e0 la Goutte d'Or, la f\u00eate des enfants, les\u2026","rel":"","context":"Dans &quot;Non class\u00e9&quot;","block_context":{"text":"Non class\u00e9","link":"http:\/\/www.letourismeaparis.fr\/index.php\/category\/non-classe\/"},"img":{"alt_text":"","src":"","width":0,"height":0},"classes":[]},{"id":11108,"url":"http:\/\/www.letourismeaparis.fr\/index.php\/2011\/10\/07\/le-18e-arrondissement-de-paris-fetera-du-5-au-9-octobre-2011-la-78e-edition-de-la-fete-des-vendanges-de-montmartre\/","url_meta":{"origin":17192,"position":1},"title":"Le 18e  arrondissement de Paris f\u00eatera du 5 au 9 octobre 2011, la 78e \u00e9dition de la F\u00eate des Vendanges de Montmartre.","author":"Fabienne TM","date":"7 octobre 2011","format":false,"excerpt":"Apr\u00e8s avoir mis \u00e0 l'honneur le cin\u00e9ma, la chanson et l'humour, Montmartre f\u00eatera\u00a0 cette ann\u00e9e les Iles dans le cadre de l'ann\u00e9e des Outre-mer. Et c'est tout le 18e qui se mobilisera pour vous offrir 5 jours de f\u00eate \u00e0 l'image de la diversit\u00e9, du dynamisme et de la richesse\u2026","rel":"","context":"Dans &quot;Non class\u00e9&quot;","block_context":{"text":"Non class\u00e9","link":"http:\/\/www.letourismeaparis.fr\/index.php\/category\/non-classe\/"},"img":{"alt_text":"","src":"https:\/\/i0.wp.com\/www.letourismeaparis.fr\/wp-content\/uploads\/2011\/09\/f%C3%83%C2%AAte-des-vendanges.jpg?resize=350%2C200","width":350,"height":200},"classes":[]},{"id":20298,"url":"http:\/\/www.letourismeaparis.fr\/index.php\/2017\/10\/03\/le-portugal-pays-invite-de-la-fete-des-vendanges-2017-du-11-au-15-octobre-a-montmartre\/","url_meta":{"origin":17192,"position":2},"title":"Le Portugal, pays invit\u00e9 de la F\u00eate des Vendanges 2017, du 11 au 15 octobre \u00e0 Montmartre","author":"Fabienne TM","date":"3 octobre 2017","format":false,"excerpt":"du 13 au 15 Octobre sur le Parcours du Go\u00fbt , cinq r\u00e9gions pour d\u00e9couvrir les saveurs authentiques d\u2019un pays aux mille facettes Des artisans et des producteurs venus de cinq r\u00e9gions situ\u00e9es au c\u0153ur du Portugal (T\u00e2mega e Sousa, Terras de Tras-Os-Montes, Coimbra,\u00a0\u00a0 Beiras De Serra Da Estrela et\u2026","rel":"","context":"Dans &quot;Non class\u00e9&quot;","block_context":{"text":"Non class\u00e9","link":"http:\/\/www.letourismeaparis.fr\/index.php\/category\/non-classe\/"},"img":{"alt_text":"","src":"","width":0,"height":0},"classes":[]},{"id":8503,"url":"http:\/\/www.letourismeaparis.fr\/index.php\/2010\/10\/09\/la-fete-des-vendanges-de-montmartre-du-6-au-10-octobre\/","url_meta":{"origin":17192,"position":3},"title":"La f\u00eate des vendanges de Montmartre du 6 au 10 octobre","author":"Fabienne TM","date":"9 octobre 2010","format":false,"excerpt":"La f\u00eate des vendanges de Montmartre du 6 au 10 octobre Des chansons,\u00a0 d\u00e9fil\u00e9s , feux d\u2019artifices ... Le 6 octobre De 10 \u00e0 12h Visites guid\u00e9es, gratuites et rigolotes pour les enfants et accompagnants : Le 9 octobre Ban des vendanges dans la Vigne du clos-montmartre, Le 10 octobre\u2026","rel":"","context":"Dans &quot;Non class\u00e9&quot;","block_context":{"text":"Non class\u00e9","link":"http:\/\/www.letourismeaparis.fr\/index.php\/category\/non-classe\/"},"img":{"alt_text":"","src":"","width":0,"height":0},"classes":[]},{"id":18725,"url":"http:\/\/www.letourismeaparis.fr\/index.php\/2016\/10\/29\/le-musee-de-montmartre-la-maison-du-bel-air-a-voir-absolument\/","url_meta":{"origin":17192,"position":4},"title":"Le Mus\u00e9e de Montmartre , La Maison du Bel Air : A voir absolument !","author":"Fabienne TM","date":"29 octobre 2016","format":false,"excerpt":"\u00a0 Certainement le mus\u00e9e le plus charmant de Paris ! Il a \u00e9t\u00e9 cr\u00e9\u00e9 en 1960 dans la b\u00e2tisse la plus ancienne de la Butte, construite du XVIIe si\u00e8cle : la Maison du Bel Air. Lieu de rencontres et de r\u00e9sidence, le 12 rue Cortot attira de nombreux artistes. Auguste\u2026","rel":"","context":"Dans &quot;Non class\u00e9&quot;","block_context":{"text":"Non class\u00e9","link":"http:\/\/www.letourismeaparis.fr\/index.php\/category\/non-classe\/"},"img":{"alt_text":"","src":"","width":0,"height":0},"classes":[]},{"id":13842,"url":"http:\/\/www.letourismeaparis.fr\/index.php\/2013\/10\/01\/la-fete-des-vendanges-de-montmartre-du-9-au-13-octobre\/","url_meta":{"origin":17192,"position":5},"title":"La F\u00eate des Vendanges  de Montmartre du 9 au 13 octobre","author":"Fabienne TM","date":"1 octobre 2013","format":false,"excerpt":"Le 18e f\u00eatera du 9 au 13 octobre 2013 la 80e \u00e9dition de la F\u00eate des Vendanges de Montmartre. Pendant 5 jours, des milliers de visiteurs sont attendus dans tout le 18e pour f\u00eater ensemble la vigne, la gastronomie et la culture.\u00a0 Concerts, d\u00e9fil\u00e9, parcours du go\u00fbt seront au rendez\u2026","rel":"","context":"Dans &quot;Non class\u00e9&quot;","block_context":{"text":"Non class\u00e9","link":"http:\/\/www.letourismeaparis.fr\/index.php\/category\/non-classe\/"},"img":{"alt_text":"","src":"https:\/\/i0.wp.com\/www.letourismeaparis.fr\/wp-content\/uploads\/2013\/09\/vendanges-212x300.jpeg?resize=350%2C200","width":350,"height":200},"classes":[]}],"jetpack_sharing_enabled":true,"jetpack_likes_enabled":true,"_links":{"self":[{"href":"http:\/\/www.letourismeaparis.fr\/index.php\/wp-json\/wp\/v2\/posts\/17192","targetHints":{"allow":["GET"]}}],"collection":[{"href":"http:\/\/www.letourismeaparis.fr\/index.php\/wp-json\/wp\/v2\/posts"}],"about":[{"href":"http:\/\/www.letourismeaparis.fr\/index.php\/wp-json\/wp\/v2\/types\/post"}],"author":[{"embeddable":true,"href":"http:\/\/www.letourismeaparis.fr\/index.php\/wp-json\/wp\/v2\/users\/2"}],"replies":[{"embeddable":true,"href":"http:\/\/www.letourismeaparis.fr\/index.php\/wp-json\/wp\/v2\/comments?post=17192"}],"version-history":[{"count":0,"href":"http:\/\/www.letourismeaparis.fr\/index.php\/wp-json\/wp\/v2\/posts\/17192\/revisions"}],"wp:attachment":[{"href":"http:\/\/www.letourismeaparis.fr\/index.php\/wp-json\/wp\/v2\/media?parent=17192"}],"wp:term":[{"taxonomy":"category","embeddable":true,"href":"http:\/\/www.letourismeaparis.fr\/index.php\/wp-json\/wp\/v2\/categories?post=17192"},{"taxonomy":"post_tag","embeddable":true,"href":"http:\/\/www.letourismeaparis.fr\/index.php\/wp-json\/wp\/v2\/tags?post=17192"}],"curies":[{"name":"wp","href":"https:\/\/api.w.org\/{rel}","templated":true}]}}